{"id":533825,"date":"2022-01-27T00:02:48","date_gmt":"2022-01-27T06:02:48","guid":{"rendered":"https:\/\/www.diarioimagen.net\/?p=533825"},"modified":"2022-01-27T02:51:29","modified_gmt":"2022-01-27T08:51:29","slug":"refrenda-el-alcalde-de-nicolas-romero-armando-navarrete-lopez-su-compromiso-con-la-seguridad","status":"publish","type":"post","link":"https:\/\/www.diarioimagen.net\/?p=533825","title":{"rendered":"Refrenda el alcalde de Nicol\u00e1s Romero, Armando Navarrete L\u00f3pez, su compromiso con la seguridad"},"content":{"rendered":"<p>&nbsp;<\/p>\n<ul>\n<li><em><strong>Implementan el operativo \u201cTransporte Seguro\u201d<\/strong><\/em><\/li>\n<\/ul>\n<p>&nbsp;<\/p>\n<div id=\"attachment_533909\" style=\"width: 470px\" class=\"wp-caption aligncenter\"><a href=\"https:\/\/www.diarioimagen.net\/?attachment_id=533909\" rel=\"attachment wp-att-533909\"><img loading=\"lazy\" decoding=\"async\" aria-describedby=\"caption-attachment-533909\" class=\"size-full wp-image-533909\" src=\"https:\/\/www.diarioimagen.net\/wp-content\/uploads\/2022\/01\/nicolas-4.jpg\" alt=\"\" width=\"460\" height=\"270\" \/><\/a><p id=\"caption-attachment-533909\" class=\"wp-caption-text\">Implementan en Nicol\u00e1s Romero el operativo \u201cTransporte Seguro,\u201d que tiene como finalidad contribuir a la inhibici\u00f3n de il\u00edcitos en las unidades.<\/p><\/div>\n<p>&nbsp;<\/p>\n<p><strong>Nicol\u00e1s Romero, Estado de M\u00e9xico.\u2014<\/strong> El alcalde Armando Navarrete L\u00f3pez, refrend\u00f3 su compromiso de reforzar la vigilancia en la demarcaci\u00f3n y de proteger a los usuarios de vagonetas, microbuses y camiones del servicio p\u00fablico de transporte que circulan en el territorio de esta localidad, esto a trav\u00e9s del operativo \u201cTransporte Seguro,\u201d que tiene como finalidad contribuir a la inhibici\u00f3n de il\u00edcitos en las unidades.<\/p>\n<p>Al respecto, la direcci\u00f3n de Seguridad P\u00fablica y Protecci\u00f3n Ciudadana, inform\u00f3 que de manera aleatoria y desde las primeras horas de la ma\u00f1ana, elementos de esa dependencia hacen presencia permanentemente en paraderos y vialidades, donde llevan a cabo exhaustivas revisiones, para la prevenci\u00f3n de asaltos.<\/p>\n<p>De esta manera, los uniformados detectan la presencia de armas, as\u00ed como de substancias ilegales en los veh\u00edculos del transporte p\u00fablico y proceden con apego a la ley, as\u00ed como estricto respeto a los derechos humanos, para la detenci\u00f3n de las personas que las portan, poni\u00e9ndolas a disposici\u00f3n de la Fiscal\u00eda General de Justicia.<\/p>\n<p>Dicho operativo, se realiza todos los d\u00edas en distintas horas y puntos del territorio de Nicol\u00e1s Romero, el cual se suma a los dispositivos denominados \u201cBlindaje NR\u201d, en el que participan los tres \u00f3rdenes de gobierno y al llamado \u201cCarrusel\u201d, con el que se monta vigilancia en los paraderos del transporte p\u00fablico.<\/p>\n<p>Finalmente, el presidente municipal se\u00f1al\u00f3 que mediante este operativo se trabaja intensamente para contrarrestar a la delincuencia y para devolverle a la ciudadan\u00eda la tranquilidad que merece, encaminando los esfuerzos hacia la consolidaci\u00f3n de la paz social en esta ciudad.<\/p>\n","protected":false},"excerpt":{"rendered":"<p>El alcalde Armando Navarrete L\u00f3pez, refrend\u00f3 su compromiso de reforzar la vigilancia en la demarcaci\u00f3n y de proteger a los usuarios de vagonetas, microbuses y camiones del servicio p\u00fablico de transporte que circulan en el territorio de esta localidad, esto a trav\u00e9s del operativo \u201cTransporte Seguro,\u201d que tiene como finalidad contribuir a la inhibici\u00f3n de il\u00edcitos en las unidades.<\/p>\n","protected":false},"author":3,"featured_media":533909,"comment_status":"open","ping_status":"open","sticky":false,"template":"","format":"standard","meta":{"_monsterinsights_skip_tracking":false,"_monsterinsights_sitenote_active":false,"_monsterinsights_sitenote_note":"","_monsterinsights_sitenote_category":0,"footnotes":""},"categories":[5],"tags":[81431,43675,752],"class_list":["post-533825","post","type-post","status-publish","format-standard","has-post-thumbnail","hentry","category-estado-de-mexico","tag-armando-navarrete-lopez","tag-estado-de-mexico","tag-nicolas-romero"],"_links":{"self":[{"href":"https:\/\/www.diarioimagen.net\/index.php?rest_route=\/wp\/v2\/posts\/533825","targetHints":{"allow":["GET"]}}],"collection":[{"href":"https:\/\/www.diarioimagen.net\/index.php?rest_route=\/wp\/v2\/posts"}],"about":[{"href":"https:\/\/www.diarioimagen.net\/index.php?rest_route=\/wp\/v2\/types\/post"}],"author":[{"embeddable":true,"href":"https:\/\/www.diarioimagen.net\/index.php?rest_route=\/wp\/v2\/users\/3"}],"replies":[{"embeddable":true,"href":"https:\/\/www.diarioimagen.net\/index.php?rest_route=%2Fwp%2Fv2%2Fcomments&post=533825"}],"version-history":[{"count":0,"href":"https:\/\/www.diarioimagen.net\/index.php?rest_route=\/wp\/v2\/posts\/533825\/revisions"}],"wp:featuredmedia":[{"embeddable":true,"href":"https:\/\/www.diarioimagen.net\/index.php?rest_route=\/wp\/v2\/media\/533909"}],"wp:attachment":[{"href":"https:\/\/www.diarioimagen.net\/index.php?rest_route=%2Fwp%2Fv2%2Fmedia&parent=533825"}],"wp:term":[{"taxonomy":"category","embeddable":true,"href":"https:\/\/www.diarioimagen.net\/index.php?rest_route=%2Fwp%2Fv2%2Fcategories&post=533825"},{"taxonomy":"post_tag","embeddable":true,"href":"https:\/\/www.diarioimagen.net\/index.php?rest_route=%2Fwp%2Fv2%2Ftags&post=533825"}],"curies":[{"name":"wp","href":"https:\/\/api.w.org\/{rel}","templated":true}]}}