{"id":533932,"date":"2022-01-28T00:05:22","date_gmt":"2022-01-28T06:05:22","guid":{"rendered":"https:\/\/www.diarioimagen.net\/?p=533932"},"modified":"2022-01-30T22:38:09","modified_gmt":"2022-01-31T04:38:09","slug":"ante-pandemia-urge-fortalecer-a-micro-pequenas-y-medianas-empresas","status":"publish","type":"post","link":"https:\/\/www.diarioimagen.net\/?p=533932","title":{"rendered":"Ante pandemia, urge fortalecer a micro, peque\u00f1as y medianas empresas"},"content":{"rendered":"<p><em>\u00a0<\/em><\/p>\n<ul>\n<li><strong><em>El catedr\u00e1tico e investigador de la Unidad Acad\u00e9mica Profesional Tejupilco de la UAEM, Josu\u00e9 Ociel M\u00e1rquez G\u00f3mez, afirm\u00f3 que son la columna vertebral de la econom\u00eda mexicana<\/em><\/strong><\/li>\n<\/ul>\n<p><strong>\u00a0<\/strong><\/p>\n<div id=\"attachment_534025\" style=\"width: 470px\" class=\"wp-caption aligncenter\"><a href=\"https:\/\/www.diarioimagen.net\/?attachment_id=534025\" rel=\"attachment wp-att-534025\"><img loading=\"lazy\" decoding=\"async\" aria-describedby=\"caption-attachment-534025\" class=\"size-full wp-image-534025\" src=\"https:\/\/www.diarioimagen.net\/wp-content\/uploads\/2022\/01\/uaem-19.jpg\" alt=\"\" width=\"460\" height=\"270\" \/><\/a><p id=\"caption-attachment-534025\" class=\"wp-caption-text\">El Profesor de Tiempo Completo de la Unidad Acad\u00e9mica Profesional Tejupilco de la UAEM, Josu\u00e9 Ociel M\u00e1rquez G\u00f3mez, consider\u00f3 fundamental dimensionar en su justa medida la importancia que para el PIB y el empleo, la econom\u00eda en general, tienen de las Mipymes.<\/p><\/div>\n<p>&nbsp;<\/p>\n<p><strong>Tejupilco, Estado de M\u00e9xico.\u2014<\/strong> Ante los desaf\u00edos impuestos por la pandemia de COVID-19, urge que los gobiernos de los tres \u00e1mbitos implementen pol\u00edticas p\u00fablicas que garanticen la supervivencia y fortalezcan el desempe\u00f1o de las micro, peque\u00f1as y medianas empresas (Mipymes), columna vertebral de la econom\u00eda mexicana, afirm\u00f3 el catedr\u00e1tico e investigador de la Universidad Aut\u00f3noma del Estado de M\u00e9xico (UAEM), Josu\u00e9 Ociel M\u00e1rquez G\u00f3mez.<\/p>\n<p>El Profesor de Tiempo Completo de la Unidad Acad\u00e9mica Profesional Tejupilco, quien desarrolla el trabajo de investigaci\u00f3n \u201cCalidad de vida en el trabajo y control interno en las microempresas del sur del Estado de M\u00e9xico-Brasil 2019\u201d, consider\u00f3 fundamental dimensionar en su justa medida la importancia que para el PIB y el empleo, la econom\u00eda en general, tienen de las Mipymes.<\/p>\n<p>Cabe destacar que, a trav\u00e9s de este trabajo, en colaboraci\u00f3n con el investigador brasile\u00f1o Roberto Silvio Estefan, el experto de la UAEM realiza un an\u00e1lisis de c\u00f3mo se encuentran estas organizaciones en siete municipios del Estado de M\u00e9xico: Tejupilco, Sultepec, Amatepec, Luvianos, Tlatlaya, San Sim\u00f3n de Guerrero y Temascaltepec.<\/p>\n<p>El Doctor en Econom\u00eda refiri\u00f3 que este estudio comparativo de control interno y calidad de vida en el trabajo revel\u00f3 que las Mipymes de esta regi\u00f3n carecen de tecnolog\u00eda, manuales de organizaci\u00f3n, organigramas, visi\u00f3n y misi\u00f3n; adem\u00e1s, normalmente los encargados tienen un grado m\u00e1ximo de estudios de secundaria, mientras que los due\u00f1os no tienen estudios.<\/p>\n<p>La mayor\u00eda de estas empresas, subray\u00f3, se desarrolla en el sector comercio y la pandemia les afecta demasiado, principalmente porque no cuentan, por ejemplo, con la tecnolog\u00eda para recibir pedidos a trav\u00e9s de redes sociales, ya sea porque no quieren invertir o porque carecen de los recursos para hacerlo. Lo anterior, asever\u00f3, impacta la productividad y rentabilidad de las empresas, cuyos due\u00f1os no ven la necesidad de invertir en tecnolog\u00eda, capacitaci\u00f3n y liderazgo.<\/p>\n<p>En este contexto, Josu\u00e9 Ociel M\u00e1rquez G\u00f3mez puntualiz\u00f3 que una alternativa ante esta situaci\u00f3n es ofrecer a las Mipymes cursos de capacitaci\u00f3n sobre control interno, clima de trabajo, trabajo en equipo, innovaci\u00f3n y tecnolog\u00edas.<\/p>\n","protected":false},"excerpt":{"rendered":"<p>Ante los desaf\u00edos impuestos por la pandemia de COVID-19, urge que los gobiernos de los tres \u00e1mbitos implementen pol\u00edticas p\u00fablicas que garanticen la supervivencia y fortalezcan el desempe\u00f1o de las micro, peque\u00f1as y medianas empresas (Mipymes), columna vertebral de la econom\u00eda mexicana, afirm\u00f3 el catedr\u00e1tico e investigador de la Universidad Aut\u00f3noma del Estado de M\u00e9xico (UAEM), Josu\u00e9 Ociel M\u00e1rquez G\u00f3mez.<\/p>\n","protected":false},"author":3,"featured_media":534025,"comment_status":"open","ping_status":"open","sticky":false,"template":"","format":"standard","meta":{"_monsterinsights_skip_tracking":false,"_monsterinsights_sitenote_active":false,"_monsterinsights_sitenote_note":"","_monsterinsights_sitenote_category":0,"footnotes":""},"categories":[5],"tags":[90021,5226,43675,73183,29516,6987],"class_list":["post-533932","post","type-post","status-publish","format-standard","has-post-thumbnail","hentry","category-estado-de-mexico","tag-covid-19","tag-empresas","tag-estado-de-mexico","tag-fortalecer","tag-pandemia","tag-tejupilco"],"_links":{"self":[{"href":"https:\/\/www.diarioimagen.net\/index.php?rest_route=\/wp\/v2\/posts\/533932","targetHints":{"allow":["GET"]}}],"collection":[{"href":"https:\/\/www.diarioimagen.net\/index.php?rest_route=\/wp\/v2\/posts"}],"about":[{"href":"https:\/\/www.diarioimagen.net\/index.php?rest_route=\/wp\/v2\/types\/post"}],"author":[{"embeddable":true,"href":"https:\/\/www.diarioimagen.net\/index.php?rest_route=\/wp\/v2\/users\/3"}],"replies":[{"embeddable":true,"href":"https:\/\/www.diarioimagen.net\/index.php?rest_route=%2Fwp%2Fv2%2Fcomments&post=533932"}],"version-history":[{"count":0,"href":"https:\/\/www.diarioimagen.net\/index.php?rest_route=\/wp\/v2\/posts\/533932\/revisions"}],"wp:featuredmedia":[{"embeddable":true,"href":"https:\/\/www.diarioimagen.net\/index.php?rest_route=\/wp\/v2\/media\/534025"}],"wp:attachment":[{"href":"https:\/\/www.diarioimagen.net\/index.php?rest_route=%2Fwp%2Fv2%2Fmedia&parent=533932"}],"wp:term":[{"taxonomy":"category","embeddable":true,"href":"https:\/\/www.diarioimagen.net\/index.php?rest_route=%2Fwp%2Fv2%2Fcategories&post=533932"},{"taxonomy":"post_tag","embeddable":true,"href":"https:\/\/www.diarioimagen.net\/index.php?rest_route=%2Fwp%2Fv2%2Ftags&post=533932"}],"curies":[{"name":"wp","href":"https:\/\/api.w.org\/{rel}","templated":true}]}}