{"id":533937,"date":"2022-01-28T00:02:40","date_gmt":"2022-01-28T06:02:40","guid":{"rendered":"https:\/\/www.diarioimagen.net\/?p=533937"},"modified":"2022-01-30T22:37:55","modified_gmt":"2022-01-31T04:37:55","slug":"incapacidades-covid-cuestan-5-mdp-diarios-a-patrones-canaco","status":"publish","type":"post","link":"https:\/\/www.diarioimagen.net\/?p=533937","title":{"rendered":"Incapacidades Covid cuestan 5 mdp diarios a patrones: Canaco"},"content":{"rendered":"<p>&nbsp;<\/p>\n<ul>\n<li><strong><em>Peque\u00f1as empresas, las m\u00e1s afectadas<\/em><\/strong><\/li>\n<\/ul>\n<p>&nbsp;<\/p>\n<div id=\"attachment_534027\" style=\"width: 470px\" class=\"wp-caption aligncenter\"><a href=\"https:\/\/www.diarioimagen.net\/?attachment_id=534027\" rel=\"attachment wp-att-534027\"><img loading=\"lazy\" decoding=\"async\" aria-describedby=\"caption-attachment-534027\" class=\"size-full wp-image-534027\" src=\"https:\/\/www.diarioimagen.net\/wp-content\/uploads\/2022\/01\/Incapacidad.jpg\" alt=\"\" width=\"460\" height=\"270\" \/><\/a><p id=\"caption-attachment-534027\" class=\"wp-caption-text\">Propietarios de empresas pagan alrededor de cinco millones de pesos diarios por concepto de incapacidad debido a afecciones de la Covid-19, inform\u00f3 la Canaco.<\/p><\/div>\n<p>&nbsp;<\/p>\n<p>Empresarios est\u00e1n pagando alrededor de cinco millones de pesos diarios por concepto de incapacidad debido a afecciones de la Covid-19, inform\u00f3 Ra\u00fal Uranga, presidente de la C\u00e1mara Nacional de Comercio en Guadalajara (Canaco).<\/p>\n<p>\u201cEs general, es un tema que estamos viendo que afecta a todos los sectores, las plantillas laborales est\u00e1n siendo afectadas entre un 10 y un 15 por ciento, sin embargo, en la Canaco nos preocupa en particular las mipymes, esto es, las micro, peque\u00f1as y medianas empresas, en particular aquellas en donde trabajan de uno a cinco colaboradores en donde el contagio provoca que la empresa no pueda funcionar\u201d.<\/p>\n<p>Respecto a la incapacidad digital que se emite a trav\u00e9s de la plataforma del Instituto Mexicano del Seguro Social (IMSS), el denominado Permiso Covid 3.0, dijo que se ha estado pidiendo que los patrones acepten esta incapacidad porque se han registrado quejas en donde piden que el colaborador enfermo presente una incapacidad que implica acudir a la cl\u00ednica, lo cual no debe suceder.<\/p>\n<p>Desde la representaci\u00f3n del comercio organizado, se ha llamado a que los colaboradores acudan a vacunarse y completen los esquemas de vacunaci\u00f3n adem\u00e1s de que se promuevan esquemas de <em>home office<\/em> para que puedan trabajar desde casa y no afecten a la productividad de los comercios.<\/p>\n<p>Respecto a las pruebas de detecci\u00f3n del virus, se\u00f1al\u00f3 que de manera regular se hace un monitoreo de costos en el sector privado para que las empresas agremiadas tengan la certeza de los lugares en donde se tienen mejores costos de \u00e9stas y en caso de que puedan apoyar a sus empleados o pasar el dato para que la lleven a cabo.<\/p>\n<p>\u201cLa Secretar\u00eda del Trabajo proh\u00edbe que se pida una prueba negativa para regresar a laborar y el trabajador lo puede denunciar; lo que la Secretar\u00eda de Salud y el Instituto Mexicano del Seguro Social han informado es que la incapacidad es por siete d\u00edas y si alguien quisiera regresar antes de este periodo, s\u00ed tendr\u00eda que presentar una prueba negativa en caso contrario, a partir de los siete d\u00edas ya no se necesita la prueba\u201d, aclar\u00f3. En las \u00faltimas dos semanas, la delegaci\u00f3n del Instituto Mexicano del Seguro Social (IMSS) en Jalisco, ha expedido 13 mil 996 permisos Covid 3.0 a trav\u00e9s de la plataforma digital, esto es, en el periodo que comprende del 10 al 24 de enero.<\/p>\n<p>Para realizar el tr\u00e1mite, es necesario contar con un correo electr\u00f3nico a donde le ser\u00e1 enviado el Permiso 3.<\/p>\n","protected":false},"excerpt":{"rendered":"<p>Empresarios est\u00e1n pagando alrededor de cinco millones de pesos diarios por concepto de incapacidad debido a afecciones de la Covid-19, inform\u00f3 Ra\u00fal Uranga, presidente de la C\u00e1mara Nacional de Comercio en Guadalajara (Canaco).<\/p>\n","protected":false},"author":3,"featured_media":534027,"comment_status":"open","ping_status":"open","sticky":false,"template":"","format":"standard","meta":{"_monsterinsights_skip_tracking":false,"_monsterinsights_sitenote_active":false,"_monsterinsights_sitenote_note":"","_monsterinsights_sitenote_category":0,"footnotes":""},"categories":[3],"tags":[69531,1499,43678,94407],"class_list":["post-533937","post","type-post","status-publish","format-standard","has-post-thumbnail","hentry","category-nacional","tag-camara-nacional-de-comercio","tag-canaco","tag-finanzas","tag-incapacidad"],"_links":{"self":[{"href":"https:\/\/www.diarioimagen.net\/index.php?rest_route=\/wp\/v2\/posts\/533937","targetHints":{"allow":["GET"]}}],"collection":[{"href":"https:\/\/www.diarioimagen.net\/index.php?rest_route=\/wp\/v2\/posts"}],"about":[{"href":"https:\/\/www.diarioimagen.net\/index.php?rest_route=\/wp\/v2\/types\/post"}],"author":[{"embeddable":true,"href":"https:\/\/www.diarioimagen.net\/index.php?rest_route=\/wp\/v2\/users\/3"}],"replies":[{"embeddable":true,"href":"https:\/\/www.diarioimagen.net\/index.php?rest_route=%2Fwp%2Fv2%2Fcomments&post=533937"}],"version-history":[{"count":0,"href":"https:\/\/www.diarioimagen.net\/index.php?rest_route=\/wp\/v2\/posts\/533937\/revisions"}],"wp:featuredmedia":[{"embeddable":true,"href":"https:\/\/www.diarioimagen.net\/index.php?rest_route=\/wp\/v2\/media\/534027"}],"wp:attachment":[{"href":"https:\/\/www.diarioimagen.net\/index.php?rest_route=%2Fwp%2Fv2%2Fmedia&parent=533937"}],"wp:term":[{"taxonomy":"category","embeddable":true,"href":"https:\/\/www.diarioimagen.net\/index.php?rest_route=%2Fwp%2Fv2%2Fcategories&post=533937"},{"taxonomy":"post_tag","embeddable":true,"href":"https:\/\/www.diarioimagen.net\/index.php?rest_route=%2Fwp%2Fv2%2Ftags&post=533937"}],"curies":[{"name":"wp","href":"https:\/\/api.w.org\/{rel}","templated":true}]}}