{"id":533956,"date":"2022-01-28T00:01:34","date_gmt":"2022-01-28T06:01:34","guid":{"rendered":"https:\/\/www.diarioimagen.net\/?p=533956"},"modified":"2022-01-28T05:16:42","modified_gmt":"2022-01-28T11:16:42","slug":"convenio-intermunicipal-con-sistema-road-zipper-consolida-a-nicolas-romero-a-la-vanguardia-en-movilidad","status":"publish","type":"post","link":"https:\/\/www.diarioimagen.net\/?p=533956","title":{"rendered":"Convenio intermunicipal con sistema <em>road zipper<\/em> consolida a Nicol\u00e1s Romero a la vanguardia en movilidad"},"content":{"rendered":"<p>&nbsp;<\/p>\n<p><a href=\"https:\/\/www.diarioimagen.net\/?attachment_id=534086\" rel=\"attachment wp-att-534086\"><img loading=\"lazy\" decoding=\"async\" class=\"aligncenter size-full wp-image-534086\" src=\"https:\/\/www.diarioimagen.net\/wp-content\/uploads\/2022\/01\/nicolas-5.jpg\" alt=\"\" width=\"460\" height=\"270\" \/><\/a><\/p>\n<p>&nbsp;<\/p>\n<p><strong>Nicol\u00e1s Romero, Estado de M\u00e9xico<\/strong><strong>.\u2014 <\/strong>En un hecho in\u00e9dito en la historia de este municipio y dentro de una agenda metropolitana que trasciende los l\u00edmites territoriales y diferencias ideol\u00f3gicas, el alcalde Armando Navarrete L\u00f3pez, suscribi\u00f3 junto con sus hom\u00f3logos de Cuautitl\u00e1n Izcalli, Atizap\u00e1n y Tlalnepantla, el convenio para el funcionamiento del Carril Reversible Intermunicipal, que beneficiar\u00e1 a los habitantes de la regi\u00f3n, al reducir notablemente los tiempos de traslado.<\/p>\n","protected":false},"excerpt":{"rendered":"<p>En un hecho in\u00e9dito en la historia de este municipio y dentro de una agenda metropolitana que trasciende los l\u00edmites territoriales y diferencias ideol\u00f3gicas, el alcalde Armando Navarrete L\u00f3pez, suscribi\u00f3 junto con sus hom\u00f3logos de Cuautitl\u00e1n Izcalli, Atizap\u00e1n y Tlalnepantla, el convenio para el funcionamiento del Carril Reversible Intermunicipal, que beneficiar\u00e1 a los habitantes de la regi\u00f3n, al reducir notablemente los tiempos de traslado.<\/p>\n","protected":false},"author":3,"featured_media":534086,"comment_status":"open","ping_status":"open","sticky":false,"template":"","format":"standard","meta":{"_monsterinsights_skip_tracking":false,"_monsterinsights_sitenote_active":false,"_monsterinsights_sitenote_note":"","_monsterinsights_sitenote_category":0,"footnotes":""},"categories":[5],"tags":[43675,26421,752,56224],"class_list":["post-533956","post","type-post","status-publish","format-standard","has-post-thumbnail","hentry","category-estado-de-mexico","tag-estado-de-mexico","tag-movilidad","tag-nicolas-romero","tag-vanguardia"],"_links":{"self":[{"href":"https:\/\/www.diarioimagen.net\/index.php?rest_route=\/wp\/v2\/posts\/533956","targetHints":{"allow":["GET"]}}],"collection":[{"href":"https:\/\/www.diarioimagen.net\/index.php?rest_route=\/wp\/v2\/posts"}],"about":[{"href":"https:\/\/www.diarioimagen.net\/index.php?rest_route=\/wp\/v2\/types\/post"}],"author":[{"embeddable":true,"href":"https:\/\/www.diarioimagen.net\/index.php?rest_route=\/wp\/v2\/users\/3"}],"replies":[{"embeddable":true,"href":"https:\/\/www.diarioimagen.net\/index.php?rest_route=%2Fwp%2Fv2%2Fcomments&post=533956"}],"version-history":[{"count":0,"href":"https:\/\/www.diarioimagen.net\/index.php?rest_route=\/wp\/v2\/posts\/533956\/revisions"}],"wp:featuredmedia":[{"embeddable":true,"href":"https:\/\/www.diarioimagen.net\/index.php?rest_route=\/wp\/v2\/media\/534086"}],"wp:attachment":[{"href":"https:\/\/www.diarioimagen.net\/index.php?rest_route=%2Fwp%2Fv2%2Fmedia&parent=533956"}],"wp:term":[{"taxonomy":"category","embeddable":true,"href":"https:\/\/www.diarioimagen.net\/index.php?rest_route=%2Fwp%2Fv2%2Fcategories&post=533956"},{"taxonomy":"post_tag","embeddable":true,"href":"https:\/\/www.diarioimagen.net\/index.php?rest_route=%2Fwp%2Fv2%2Ftags&post=533956"}],"curies":[{"name":"wp","href":"https:\/\/api.w.org\/{rel}","templated":true}]}}