{"id":533958,"date":"2022-01-28T00:03:39","date_gmt":"2022-01-28T06:03:39","guid":{"rendered":"https:\/\/www.diarioimagen.net\/?p=533958"},"modified":"2022-01-28T05:13:57","modified_gmt":"2022-01-28T11:13:57","slug":"llama-la-alcaldesa-angelica-moya-marin-a-los-naucalpenses-a-acercarse-al-gobierno","status":"publish","type":"post","link":"https:\/\/www.diarioimagen.net\/?p=533958","title":{"rendered":"Llama la alcaldesa Ang\u00e9lica Moya Mar\u00edn a los naucalpenses a acercarse al gobierno"},"content":{"rendered":"<p>&nbsp;<\/p>\n<ul>\n<li><strong><em>Entrega mil 510 cobertores a familias en la zona alta<\/em><\/strong><\/li>\n<\/ul>\n<p>&nbsp;<\/p>\n<div id=\"attachment_534078\" style=\"width: 470px\" class=\"wp-caption aligncenter\"><a href=\"https:\/\/www.diarioimagen.net\/?attachment_id=534078\" rel=\"attachment wp-att-534078\"><img loading=\"lazy\" decoding=\"async\" aria-describedby=\"caption-attachment-534078\" class=\"size-full wp-image-534078\" src=\"https:\/\/www.diarioimagen.net\/wp-content\/uploads\/2022\/01\/naucalpan-6.jpg\" alt=\"\" width=\"460\" height=\"270\" \/><\/a><p id=\"caption-attachment-534078\" class=\"wp-caption-text\">Ang\u00e9lica Moya Mar\u00edn, en coordinaci\u00f3n con el DIFEM, entreg\u00f3 mil 510 cobertores a familias que habitan en la zona alta del municipio de Naucalpan.<\/p><\/div>\n<p>&nbsp;<\/p>\n<p><strong>Naucalpan, Estado de M\u00e9xico.\u2014<\/strong> La alcaldesa de Naucalpan, Ang\u00e9lica Moya Mar\u00edn, en coordinaci\u00f3n con el DIFEM, entreg\u00f3 mil 510 cobertores a familias que habita en la zona alta del municipio, los cuales les ayudar\u00e1n a soportar las bajas temperaturas.<\/p>\n<p>Las cobijas ser\u00e1n repartidas en 17 barrios del pueblo de Santiago Tepatlaxco, donde el term\u00f3metro ha alcanzado hasta los tres grados cent\u00edgrados durante la noche, en \u00e9poca invernal.<\/p>\n<p>En el Barrio Talayote, la mun\u00edcipe se\u00f1al\u00f3 que ser\u00e1n atendidas las necesidades m\u00e1s apremiantes de zonas como Santiago Tepatlaxco y de San Francisco Chimalpa, \u201cpero poco a poco, porque ustedes est\u00e1n conscientes de c\u00f3mo nos dejaron el gobierno y los recursos no son suficientes\u201d, subray\u00f3. \u201cFueron muchos a\u00f1os de abandono, eso se acab\u00f3. Estamos aqu\u00ed por ustedes\u201d, apunt\u00f3 Ang\u00e9lica Moya.<\/p>\n<p>En este sentido, resalt\u00f3 la importancia de trabajar juntos para cambiar el rostro del municipio, \u201cporque Naucalpan fue hecho a mano, con las manos de los vecinos, de los adultos mayores y hasta de los peque\u00f1os\u201d.<\/p>\n<p>En compa\u00f1\u00eda de Fabiola Arizmendi P\u00e9rez, subdirectora operativa del Valle Cuautitl\u00e1n-Texcoco Zona Nororiente del DIFEM y Cynthia Elizondo Basurto, titular del DIF Naucalpan, Moya invit\u00f3 a los vecinos a acercarse al gobierno para conocer sus necesidades y as\u00ed poder atenderlos adecuadamente y trabajar de manera conjunta.<\/p>\n","protected":false},"excerpt":{"rendered":"<p>La alcaldesa de Naucalpan, Ang\u00e9lica Moya Mar\u00edn, en coordinaci\u00f3n con el DIFEM, entreg\u00f3 mil 510 cobertores a familias que habita en la zona alta del municipio, los cuales les ayudar\u00e1n a soportar las bajas temperaturas.<\/p>\n","protected":false},"author":3,"featured_media":534078,"comment_status":"open","ping_status":"open","sticky":false,"template":"","format":"standard","meta":{"_monsterinsights_skip_tracking":false,"_monsterinsights_sitenote_active":false,"_monsterinsights_sitenote_note":"","_monsterinsights_sitenote_category":0,"footnotes":""},"categories":[5],"tags":[93139,43675,970],"class_list":["post-533958","post","type-post","status-publish","format-standard","has-post-thumbnail","hentry","category-estado-de-mexico","tag-angelica-moya-marin","tag-estado-de-mexico","tag-naucalpan"],"_links":{"self":[{"href":"https:\/\/www.diarioimagen.net\/index.php?rest_route=\/wp\/v2\/posts\/533958","targetHints":{"allow":["GET"]}}],"collection":[{"href":"https:\/\/www.diarioimagen.net\/index.php?rest_route=\/wp\/v2\/posts"}],"about":[{"href":"https:\/\/www.diarioimagen.net\/index.php?rest_route=\/wp\/v2\/types\/post"}],"author":[{"embeddable":true,"href":"https:\/\/www.diarioimagen.net\/index.php?rest_route=\/wp\/v2\/users\/3"}],"replies":[{"embeddable":true,"href":"https:\/\/www.diarioimagen.net\/index.php?rest_route=%2Fwp%2Fv2%2Fcomments&post=533958"}],"version-history":[{"count":0,"href":"https:\/\/www.diarioimagen.net\/index.php?rest_route=\/wp\/v2\/posts\/533958\/revisions"}],"wp:featuredmedia":[{"embeddable":true,"href":"https:\/\/www.diarioimagen.net\/index.php?rest_route=\/wp\/v2\/media\/534078"}],"wp:attachment":[{"href":"https:\/\/www.diarioimagen.net\/index.php?rest_route=%2Fwp%2Fv2%2Fmedia&parent=533958"}],"wp:term":[{"taxonomy":"category","embeddable":true,"href":"https:\/\/www.diarioimagen.net\/index.php?rest_route=%2Fwp%2Fv2%2Fcategories&post=533958"},{"taxonomy":"post_tag","embeddable":true,"href":"https:\/\/www.diarioimagen.net\/index.php?rest_route=%2Fwp%2Fv2%2Ftags&post=533958"}],"curies":[{"name":"wp","href":"https:\/\/api.w.org\/{rel}","templated":true}]}}