{"id":533960,"date":"2022-01-28T00:04:14","date_gmt":"2022-01-28T06:04:14","guid":{"rendered":"https:\/\/www.diarioimagen.net\/?p=533960"},"modified":"2022-01-28T05:15:31","modified_gmt":"2022-01-28T11:15:31","slug":"da-prioridad-gobierno-de-atizapan-a-atencion-a-ninas-ninos-y-adolescentes","status":"publish","type":"post","link":"https:\/\/www.diarioimagen.net\/?p=533960","title":{"rendered":"Da prioridad gobierno de Atizap\u00e1n a atenci\u00f3n a ni\u00f1as, ni\u00f1os y adolescentes"},"content":{"rendered":"<p>&nbsp;<\/p>\n<ul>\n<li><strong><em>Se garantizar\u00e1 mejorar calidad de vida de infantes<\/em><\/strong><\/li>\n<\/ul>\n<p>&nbsp;<\/p>\n<div id=\"attachment_534080\" style=\"width: 470px\" class=\"wp-caption aligncenter\"><a href=\"https:\/\/www.diarioimagen.net\/?attachment_id=534080\" rel=\"attachment wp-att-534080\"><img loading=\"lazy\" decoding=\"async\" aria-describedby=\"caption-attachment-534080\" class=\"size-full wp-image-534080\" src=\"https:\/\/www.diarioimagen.net\/wp-content\/uploads\/2022\/01\/atizapan-15.jpg\" alt=\"\" width=\"460\" height=\"270\" \/><\/a><p id=\"caption-attachment-534080\" class=\"wp-caption-text\">El presidente municipal de Atizap\u00e1n, Pedro Rodr\u00edguez Villegas, anunci\u00f3 la creaci\u00f3n de la Oficina de Presidencia para la Gesti\u00f3n y Atenci\u00f3n del Inter\u00e9s Superior de la Ni\u00f1ez.<\/p><\/div>\n<p>&nbsp;<\/p>\n<p><strong>Atizap\u00e1n, Estado de M\u00e9xico.\u2014<\/strong> En la Instalaci\u00f3n del Sistema de Protecci\u00f3n Integral a Ni\u00f1as, Ni\u00f1os y Adolescentes (SIPINNA), el presidente municipal de Atizap\u00e1n de Zaragoza, Pedro Rodr\u00edguez Villegas, anunci\u00f3 la creaci\u00f3n de la Oficina de Presidencia para la Gesti\u00f3n y Atenci\u00f3n del Inter\u00e9s Superior de la Ni\u00f1ez, instancia \u00fanica en su tipo a nivel estatal y que atender\u00e1 de manera directa temas relacionados a la ni\u00f1ez y la adolescencia.<\/p>\n<p>\u201cBuscamos atender, entre otros objetivos, los temas de pobreza, adicciones, trabajo infantil, discriminaci\u00f3n, violencia, salud, educaci\u00f3n y embarazo adolescente\u201d, explic\u00f3 el Alcalde.<\/p>\n<p>Pedro Rodr\u00edguez, quien en su Gesti\u00f3n anterior brind\u00f3 especial atenci\u00f3n a los menores, dijo que para esta administraci\u00f3n, se trabajar\u00e1 de forma transversal con los distintos \u00f3rdenes de Gobierno para garantizar la mejora en la calidad de vida de los infantes.\u00a0 \u201cNuestro Municipio cuenta con 132 mil 412 ni\u00f1as, ni\u00f1os y adolescentes, es decir el 25.28% del total de la poblaci\u00f3n atizapense, es por ello que desde el primer minuto del primero de enero del 2022 he girado indicaciones a todas las \u00e1reas de la Administraci\u00f3n para convertirnos en un Municipio responsable, comprometido, innovador y ejemplar en la aplicaci\u00f3n de las pol\u00edticas p\u00fablicas con perspectiva de derechos de la infancia y la adolescencia\u201d, apunt\u00f3 el Presidente Municipal.<\/p>\n<p>Rodr\u00edguez Villegas agreg\u00f3 que como presidente municipal y presidente del SIPINNA har\u00e1 todo lo que est\u00e9 en sus manos para que en Atizap\u00e1n de Zaragoza existan espacios seguros, escuelas dignas, familias s\u00f3lidas, pero sobre todo,\u00a0 que existan ni\u00f1as, ni\u00f1os y adolescentes felices y sanos y con esperanza en el presente para un mejor ma\u00f1ana.<\/p>\n<p>En su intervenci\u00f3n, Olga Mar\u00eda Hern\u00e1ndez Esquivel, Secretaria Ejecutiva del SIPINNA estatal, destac\u00f3 que Atizap\u00e1n de Zaragoza es el primer Ayuntamiento en renovar a los integrantes de su SIPINNA\u00a0 y tomar acuerdos en su primera sesi\u00f3n. Tambi\u00e9n dijo que es importante la convocatoria que lanza el Municipio a organizaciones de la sociedad civil para formar parte de dicho Sistema.<\/p>\n<p>\u201cTenemos que reconocer que ni\u00f1as, ni\u00f1os y adolescentes son sujetos de derechos al igual que nosotros y no son sujetos solo de protecci\u00f3n\u201d, agreg\u00f3.<\/p>\n","protected":false},"excerpt":{"rendered":"<p>En la Instalaci\u00f3n del Sistema de Protecci\u00f3n Integral a Ni\u00f1as, Ni\u00f1os y Adolescentes (SIPINNA), el presidente municipal de Atizap\u00e1n de Zaragoza, Pedro Rodr\u00edguez Villegas, anunci\u00f3 la creaci\u00f3n de la Oficina de Presidencia para la Gesti\u00f3n y Atenci\u00f3n del Inter\u00e9s Superior de la Ni\u00f1ez, instancia \u00fanica en su tipo a nivel estatal y que atender\u00e1 de manera directa temas relacionados a la ni\u00f1ez y la adolescencia.<\/p>\n","protected":false},"author":3,"featured_media":534080,"comment_status":"open","ping_status":"open","sticky":false,"template":"","format":"standard","meta":{"_monsterinsights_skip_tracking":false,"_monsterinsights_sitenote_active":false,"_monsterinsights_sitenote_note":"","_monsterinsights_sitenote_category":0,"footnotes":""},"categories":[5],"tags":[45429,969,43675,8203,16164],"class_list":["post-533960","post","type-post","status-publish","format-standard","has-post-thumbnail","hentry","category-estado-de-mexico","tag-atencion","tag-atizapan","tag-estado-de-mexico","tag-menores","tag-ninas"],"_links":{"self":[{"href":"https:\/\/www.diarioimagen.net\/index.php?rest_route=\/wp\/v2\/posts\/533960","targetHints":{"allow":["GET"]}}],"collection":[{"href":"https:\/\/www.diarioimagen.net\/index.php?rest_route=\/wp\/v2\/posts"}],"about":[{"href":"https:\/\/www.diarioimagen.net\/index.php?rest_route=\/wp\/v2\/types\/post"}],"author":[{"embeddable":true,"href":"https:\/\/www.diarioimagen.net\/index.php?rest_route=\/wp\/v2\/users\/3"}],"replies":[{"embeddable":true,"href":"https:\/\/www.diarioimagen.net\/index.php?rest_route=%2Fwp%2Fv2%2Fcomments&post=533960"}],"version-history":[{"count":0,"href":"https:\/\/www.diarioimagen.net\/index.php?rest_route=\/wp\/v2\/posts\/533960\/revisions"}],"wp:featuredmedia":[{"embeddable":true,"href":"https:\/\/www.diarioimagen.net\/index.php?rest_route=\/wp\/v2\/media\/534080"}],"wp:attachment":[{"href":"https:\/\/www.diarioimagen.net\/index.php?rest_route=%2Fwp%2Fv2%2Fmedia&parent=533960"}],"wp:term":[{"taxonomy":"category","embeddable":true,"href":"https:\/\/www.diarioimagen.net\/index.php?rest_route=%2Fwp%2Fv2%2Fcategories&post=533960"},{"taxonomy":"post_tag","embeddable":true,"href":"https:\/\/www.diarioimagen.net\/index.php?rest_route=%2Fwp%2Fv2%2Ftags&post=533960"}],"curies":[{"name":"wp","href":"https:\/\/api.w.org\/{rel}","templated":true}]}}