{"id":533972,"date":"2022-01-28T00:01:04","date_gmt":"2022-01-28T06:01:04","guid":{"rendered":"https:\/\/www.diarioimagen.net\/?p=533972"},"modified":"2022-01-30T22:39:03","modified_gmt":"2022-01-31T04:39:03","slug":"detienen-a-facundo-rosas-cercano-a-garcia-luna-atropello-a-una-mujer","status":"publish","type":"post","link":"https:\/\/www.diarioimagen.net\/?p=533972","title":{"rendered":"Detienen a Facundo Rosas, cercano a Garc\u00eda Luna; atropell\u00f3 a una mujer"},"content":{"rendered":"<p>&nbsp;<\/p>\n<h3 style=\"text-align: center;\">En calles de la alcald\u00eda \u00c1lvaro Obreg\u00f3n<\/h3>\n<p>&nbsp;<\/p>\n<ul>\n<li><strong><em>El ex funcionario ya hab\u00eda sido apresado en 2017 por otro accidente<\/em><\/strong><\/li>\n<\/ul>\n<p>&nbsp;<\/p>\n<div id=\"attachment_534051\" style=\"width: 470px\" class=\"wp-caption aligncenter\"><a href=\"https:\/\/www.diarioimagen.net\/?attachment_id=534051\" rel=\"attachment wp-att-534051\"><img loading=\"lazy\" decoding=\"async\" aria-describedby=\"caption-attachment-534051\" class=\"size-full wp-image-534051\" src=\"https:\/\/www.diarioimagen.net\/wp-content\/uploads\/2022\/01\/FACUNDO-b.jpg\" alt=\"\" width=\"460\" height=\"270\" \/><\/a><p id=\"caption-attachment-534051\" class=\"wp-caption-text\">Facundo Rosas Rosas, ex Secretario de Seguridad P\u00fablica de Puebla, fue detenido este jueves por arrollar y matar a una mujer en calles de la alcald\u00eda \u00c1lvaro Obreg\u00f3n.<\/p><\/div>\n<p>&nbsp;<\/p>\n<p>Elementos de la Secretar\u00eda de Seguridad Ciudadana de la Ciudad de M\u00e9xico detuvieron este jueves a Facundo Rosas, ex comisionado de la Polic\u00eda Federal y cercano a Genaro Garc\u00eda Luna, tras haber atropellado a una mujer quien perdi\u00f3 la vida en calles de la alcald\u00eda \u00c1lvaro Obreg\u00f3n.<\/p>\n<p>Los hechos ocurrieron la ma\u00f1ana del jueves cuando v\u00eda frecuencia de radio se emiti\u00f3 la emergencia de una persona atropellada sobre la avenida Insurgentes y Eje 10 Sur, R\u00edo de la Magdalena, por lo que de manera inmediata arribaron polic\u00edas y equipos de emergencia.<\/p>\n<p>Al llegar al mismo, se percataron que una camioneta Toyota color blanca y placas de circulaci\u00f3n TZZ 4433 del estado de Puebla, conducida por un hombre que se identifico como Facundo Rosas Rosas,\u00a0 hab\u00eda impactado con su veh\u00edculo a una persona del sexo femenino la cual se encontraba a unos 5 metros de distancia, tirada sobre la cinta asf\u00e1ltica.<\/p>\n<p>La Secretar\u00eda de Seguridad Ciudadana indic\u00f3 que polic\u00edas que llegaron al sitio se entrevistaron con el conductor de una camioneta con placas de circulaci\u00f3n del Estado de Puebla, quien refiri\u00f3 que, al transitar sobre la avenida Insurgentes no se percat\u00f3 de una mujer que estaba en el punto, a la que impact\u00f3.\u00a0 Los uniformados solicitaron de manera inmediata la unidad m\u00e9dica, arribando al lugar la ambulancia MX-260D-1 del ERUM diagnosticando muerte por Traumatismo cr\u00e1neo encef\u00e1lico severo.<\/p>\n<p>Se asegur\u00f3 al sujeto de 56 a\u00f1os y fue trasladado de manera inmediata a la agencia del MP en \u00c1lvaro Obreg\u00f3n III, para deslindar responsabilidades.<\/p>\n<p>El tambi\u00e9n ex secretario de Seguridad P\u00fablica de Puebla, ya hab\u00eda sido detenido por atropellar a una persona, pues en julio de 2017, fue arrestado tras arrollar a una adulta mayor de 84 a\u00f1os de edad, en la colonia Santiago Telpacatlalpan, alcald\u00eda Xochimilco.<\/p>\n<p style=\"text-align: center;\"><strong>Trayectoria de Facundo Rosas Rosas <\/strong><\/p>\n<p>Facundo Rosas Rosas, de febrero de 2007 a febrero del 2008, fue responsable de la Coordinaci\u00f3n de Inteligencia para la Prevenci\u00f3n y comisionado interino de la Polic\u00eda Federal Preventiva con Genaro Garc\u00eda Luna, y fungi\u00f3 como subsecretario de Estrategia e Inteligencia Policial de la Secretar\u00eda de Seguridad P\u00fablica federal.<\/p>\n<p>De diciembre de 2008 al 14 de junio de 2009 se desempe\u00f1\u00f3 como subsecretario de Prevenci\u00f3n, Vinculaci\u00f3n y Derechos Humanos en la Secretar\u00eda de Seguridad P\u00fablica federal.<\/p>\n<p>Tambi\u00e9n fue jefe de la polic\u00eda en Puebla, donde se le acus\u00f3 del desalojo violento de manifestantes en el municipio de Atlixco, en el que muri\u00f3 un menor de edad.<\/p>\n","protected":false},"excerpt":{"rendered":"<p>Elementos de la Secretar\u00eda de Seguridad Ciudadana de la Ciudad de M\u00e9xico detuvieron este jueves a Facundo Rosas, ex comisionado de la Polic\u00eda Federal y cercano a Genaro Garc\u00eda Luna, tras haber atropellado a una mujer quien perdi\u00f3 la vida en calles de la alcald\u00eda \u00c1lvaro Obreg\u00f3n.<\/p>\n","protected":false},"author":3,"featured_media":534051,"comment_status":"open","ping_status":"open","sticky":false,"template":"","format":"standard","meta":{"_monsterinsights_skip_tracking":false,"_monsterinsights_sitenote_active":false,"_monsterinsights_sitenote_note":"","_monsterinsights_sitenote_category":0,"footnotes":""},"categories":[7],"tags":[10430,93909,94458,20744,43677],"class_list":["post-533972","post","type-post","status-publish","format-standard","has-post-thumbnail","hentry","category-seguridad","tag-arresto","tag-atropello","tag-facundo-rosas-rosas","tag-secretaria-de-seguridad-ciudadana","tag-seguridad"],"_links":{"self":[{"href":"https:\/\/www.diarioimagen.net\/index.php?rest_route=\/wp\/v2\/posts\/533972","targetHints":{"allow":["GET"]}}],"collection":[{"href":"https:\/\/www.diarioimagen.net\/index.php?rest_route=\/wp\/v2\/posts"}],"about":[{"href":"https:\/\/www.diarioimagen.net\/index.php?rest_route=\/wp\/v2\/types\/post"}],"author":[{"embeddable":true,"href":"https:\/\/www.diarioimagen.net\/index.php?rest_route=\/wp\/v2\/users\/3"}],"replies":[{"embeddable":true,"href":"https:\/\/www.diarioimagen.net\/index.php?rest_route=%2Fwp%2Fv2%2Fcomments&post=533972"}],"version-history":[{"count":0,"href":"https:\/\/www.diarioimagen.net\/index.php?rest_route=\/wp\/v2\/posts\/533972\/revisions"}],"wp:featuredmedia":[{"embeddable":true,"href":"https:\/\/www.diarioimagen.net\/index.php?rest_route=\/wp\/v2\/media\/534051"}],"wp:attachment":[{"href":"https:\/\/www.diarioimagen.net\/index.php?rest_route=%2Fwp%2Fv2%2Fmedia&parent=533972"}],"wp:term":[{"taxonomy":"category","embeddable":true,"href":"https:\/\/www.diarioimagen.net\/index.php?rest_route=%2Fwp%2Fv2%2Fcategories&post=533972"},{"taxonomy":"post_tag","embeddable":true,"href":"https:\/\/www.diarioimagen.net\/index.php?rest_route=%2Fwp%2Fv2%2Ftags&post=533972"}],"curies":[{"name":"wp","href":"https:\/\/api.w.org\/{rel}","templated":true}]}}