{"id":533999,"date":"2022-01-28T00:08:37","date_gmt":"2022-01-28T06:08:37","guid":{"rendered":"https:\/\/www.diarioimagen.net\/?p=533999"},"modified":"2022-01-28T03:15:04","modified_gmt":"2022-01-28T09:15:04","slug":"no-mas-impunidad","status":"publish","type":"post","link":"https:\/\/www.diarioimagen.net\/?p=533999","title":{"rendered":"No m\u00e1s impunidad"},"content":{"rendered":"<h2>Punto por punto<\/h2>\n<h5>Augusto Corro<\/h5>\n<p>&nbsp;<\/p>\n<p>Ahora, la pregunta surge sobre la capacidad de las autoridades para detener la violencia contra los periodistas.<\/p>\n<p>En menos de un mes, tres comunicadores fueron privados de la vida: dos en Tijuana y uno en Veracruz.<\/p>\n<p>Las v\u00edctimas: Lourdes Maldonado, Margarito Mart\u00ednez y Jos\u00e9 Luis Gamboa.<\/p>\n<p>La indignaci\u00f3n por esos hechos sacudi\u00f3 la conciencia del gremio de periodistas, quienes exigieron castigar a los criminales.\u00a0 La espiral de violencia lleg\u00f3 desde 2006 cuando el ex presidente Felipe Calder\u00f3n declar\u00f3 la guerra a los c\u00e1rteles de la droga.<\/p>\n<p>Sin ninguna estrategia, el gobierno enfrent\u00f3 con resultados negativos su lucha contra la delincuencia.<\/p>\n<p>Esa infortunada decisi\u00f3n provoc\u00f3 el crecimiento y la multiplicaci\u00f3n de bandas criminales.\u00a0 En un sinn\u00famero de zonas del territorio nacional los grupos criminales impusieron la pol\u00edtica de silencio o muerte.<\/p>\n<p>Y son los periodistas, los primeros en comunicar, quienes son los amenazados de sufrir agresiones si se niegan a guardar silencio. En M\u00e9xico, se encuentran las condiciones necesarias para que el asesinato de un periodista sea el crimen perfecto. Las propias autoridades se encargan de proporcionar los elementos para que la impunidad beneficie a los asesinados.<\/p>\n<p>Como es sabido, m\u00e1s del noventa por ciento de los cr\u00edmenes contra los periodistas quedan impunes.<\/p>\n<p>En algunos casos se conoce el origen de las agresiones y la identidad de los autores materiales e intelectuales; pero no se act\u00faa.<\/p>\n<p>Luego el tiempo se encarga de borrar la historia criminal. Los expedientes se van a los archivos. Las autoridades prometieron ir a fondo en las investigaciones de los asesinatos.<\/p>\n<p>Pero resulta que no ocurre nada.\u00a0 La ola de violencia contin\u00faa y no s\u00f3lo contra los periodistas; sino que tambi\u00e9n otros sectores de la poblaci\u00f3n padecen las agresiones.<\/p>\n<p>Las decenas de periodistas asesinados muestran que no funciona la protecci\u00f3n que le dan las autoridades.<\/p>\n<p>\u00bfSe buscar\u00e1, realmente, analizar y aplicar nuevos mecanismos para proteger a cientos de personas amenazadas por la delincuencia?<\/p>\n<p>\u00bfLas autoridades atender\u00e1n el llamado de justicia de una sociedad harta de promesas incumplidas?<\/p>\n<p>Queda, pues. el clamor de no m\u00e1s impunidad, ni m\u00e1s violencia.<\/p>\n<p style=\"text-align: center;\"><strong>La oposici\u00f3n sin l\u00edderes<\/strong><\/p>\n<p>Para 2024, la oposici\u00f3n pol\u00edtica no da muestras de fortaleza.<\/p>\n<p>En los partidos pol\u00edticos faltan l\u00edderes que convoquen a la solidaridad.\u00a0 Las organizaciones pol\u00edticas se encuentran en una pasividad total.<\/p>\n<p>A veces, los encargados de encabezar esas instituciones pol\u00edticas asoman la cabeza para emitir discursos que a nadie conmueven.<\/p>\n<p>Lo que se sabe de las organizaciones pol\u00edticas es que finalmente se unir\u00e1n para presentar un frente com\u00fan, es decir, todos con un candidato.<\/p>\n<p>Mientras llegan las fechas, los partidos pol\u00edticos tendr\u00e1n que librar batallas importantes.\u00a0 Una de ellas es la reforma energ\u00e9tica, que promueve el gobierno encabezado por el presidente L\u00f3pez Obrador.\u00a0 Los dirigentes pol\u00edticos saben que pueden sacar buenos dividendos si se aplican. La lucha va a complicarse porque la intervenci\u00f3n del sector privado tratar\u00e1 de influir para obtener las mejores ganancias.<\/p>\n<p>Claudio X Gonz\u00e1lez tendr\u00e1 que aplicar una estrategia que le permita imponer sus condiciones.<\/p>\n<p>\u00bfEn Acci\u00f3n Nacional, quien ser\u00e1 el abanderado? \u00bfRicardo Anaya? \u00bfSantiago Creel? \u00bfDiego Fern\u00e1ndez de Cevallos? \u00bfMarko Cort\u00e9s?<\/p>\n<p>No olvidar que el ambicioso matrimonio de Felipe Calder\u00f3n y su esposa Margarita Zavala no pierde las esperanzas de volverse los pol\u00edticos blanquiazules m\u00e1s influyentes.<\/p>\n<p>\u00bfEn el Revolucionario Institucional quien ser\u00e1 el premiado? Llevar\u00e1 un tiempo considerable despejar la inc\u00f3gnita. \u00bfAcaso el l\u00edder Alejandro Moreno se propondr\u00e1 como figura principal? \u00bfO Miguel Angel Osorio Chong? No hay caballada.<\/p>\n<p>El partido Movimiento Ciudadano (MC) dio dos campanazos con los triunfos de las gubernaturas para Jalisco y Nuevo Le\u00f3n. En el primero gan\u00f3 Enrique Alfaro y en el segundo, Samuel Garc\u00eda.\u00a0 Esas victorias revivieron las esperanzas del MC de participar en la contienda electoral presidencial. Inclusive ya empezaron a promover el nombre de Luis Donaldo Colosio Riojas como precandidato presidencial.<\/p>\n<p>Del Partido de la Revoluci\u00f3n Democr\u00e1tica s\u00f3lo se puede decir que sigue sin levantarse de la lona.<\/p>\n<p>En Morena, contin\u00faan los nombres de los destapados como precandidatos\u00a0 a la presidencia de la Rep\u00fablica: Marcelo Ebrard, Claudia Sheinbaum y Ricardo Monreal.<\/p>\n<p>\u00bfUsted qu\u00e9 opina amable lector?<\/p>\n<p><a href=\"mailto:aco2742@hotmail.com\" target=\"_blank\" rel=\"noopener noreferrer\"><em>aco2742@hotmail.com<\/em><\/a><\/p>\n","protected":false},"excerpt":{"rendered":"<p><span style=\"color: #005497;\"><strong>Augusto Corro<\/strong><\/span><\/p>\n","protected":false},"author":3,"featured_media":0,"comment_status":"open","ping_status":"open","sticky":false,"template":"","format":"standard","meta":{"_monsterinsights_skip_tracking":false,"_monsterinsights_sitenote_active":false,"_monsterinsights_sitenote_note":"","_monsterinsights_sitenote_category":0,"footnotes":""},"categories":[157],"tags":[43686,43674,11515],"class_list":["post-533999","post","type-post","status-publish","format-standard","hentry","category-augusto-corro","tag-augusto-corro","tag-opinion","tag-punto-por-punto"],"_links":{"self":[{"href":"https:\/\/www.diarioimagen.net\/index.php?rest_route=\/wp\/v2\/posts\/533999","targetHints":{"allow":["GET"]}}],"collection":[{"href":"https:\/\/www.diarioimagen.net\/index.php?rest_route=\/wp\/v2\/posts"}],"about":[{"href":"https:\/\/www.diarioimagen.net\/index.php?rest_route=\/wp\/v2\/types\/post"}],"author":[{"embeddable":true,"href":"https:\/\/www.diarioimagen.net\/index.php?rest_route=\/wp\/v2\/users\/3"}],"replies":[{"embeddable":true,"href":"https:\/\/www.diarioimagen.net\/index.php?rest_route=%2Fwp%2Fv2%2Fcomments&post=533999"}],"version-history":[{"count":0,"href":"https:\/\/www.diarioimagen.net\/index.php?rest_route=\/wp\/v2\/posts\/533999\/revisions"}],"wp:attachment":[{"href":"https:\/\/www.diarioimagen.net\/index.php?rest_route=%2Fwp%2Fv2%2Fmedia&parent=533999"}],"wp:term":[{"taxonomy":"category","embeddable":true,"href":"https:\/\/www.diarioimagen.net\/index.php?rest_route=%2Fwp%2Fv2%2Fcategories&post=533999"},{"taxonomy":"post_tag","embeddable":true,"href":"https:\/\/www.diarioimagen.net\/index.php?rest_route=%2Fwp%2Fv2%2Ftags&post=533999"}],"curies":[{"name":"wp","href":"https:\/\/api.w.org\/{rel}","templated":true}]}}