{"id":534003,"date":"2022-01-28T00:11:08","date_gmt":"2022-01-28T06:11:08","guid":{"rendered":"https:\/\/www.diarioimagen.net\/?p=534003"},"modified":"2022-01-28T03:18:45","modified_gmt":"2022-01-28T09:18:45","slug":"la-eterna-terquedad-de-amlo","status":"publish","type":"post","link":"https:\/\/www.diarioimagen.net\/?p=534003","title":{"rendered":"La eterna terquedad de AMLO"},"content":{"rendered":"<h2>\u00cdndice pol\u00edtico<\/h2>\n<h5>Francisco Rodr\u00edguez<\/h5>\n<p>&nbsp;<\/p>\n<ul>\n<li><strong><em>Su necedad nos afecta a todos<\/em><\/strong><\/li>\n<li><strong><em>Sin prensa cr\u00edtica no hay democracia<\/em><\/strong><\/li>\n<\/ul>\n<p>&nbsp;<\/p>\n<p>Tras poco m\u00e1s de tres a\u00f1os, los mexicanos ya nos percatamos de que ni el carisma ni la ret\u00f3rica de AMLO en las \u201cma\u00f1aneras\u201d producen bienestar.<\/p>\n<p>Todo lo contrario. Tenemos un r\u00e9gimen autoritario o una simulaci\u00f3n: un autoritarismo con fachada electoral.<\/p>\n<p>Una creciente concentraci\u00f3n del poder pol\u00edtico y econ\u00f3mico en manos de las Fuerzas Armadas y de uno que otro morenista incondicional a L\u00f3pez Obrador.<\/p>\n<p>Tenemos, tambi\u00e9n, el desmantelamiento gradual de los pesos y contrapesos propios de una democracia: empresarios y periodistas, entre otros.<\/p>\n<p>A ambos grupos, un d\u00eda s\u00ed y otro tambi\u00e9n, los insulta, los demoniza protegido por el \u00e1guila que porta en la banda presidencial y, claro, por el Ej\u00e9rcito Nacional, la Marina Armada y, me atrever\u00eda a decir, que hasta por las milicias bien equipadas y entrenadas de la delincuencia organizada.<\/p>\n<p>Todo ello le da fuerza a L\u00f3pez Obrador para presentarse todos los d\u00edas como un pol\u00edtico obstinado que llega incluso al nivel m\u00e1ximo de la terquedad.<\/p>\n<p>Terco, en tres ocasiones busc\u00f3 ser Presidente de la Rep\u00fablica.<\/p>\n<p>Terco, pretende que todos demos por buenos los \u201cotros datos\u201d que s\u00f3lo \u00e9l sabe de d\u00f3nde saca o c\u00f3mo se los inventa.<\/p>\n<p>Terco, necio, en sostener a toda costa sus designaciones, cual hoy es el caso del presunto depredador sexual Pedro Salmer\u00f3n, as\u00ed y desde Panam\u00e1 la canciller le haya mandado a decir -en un l\u00edmpido lenguaje diplom\u00e1tico- que su propuesta de embajador no es grata ni para la sociedad ni para el gobierno que encabeza Laurentino Cortizo.<\/p>\n<p>Obstinado, terco, necio&#8230;<\/p>\n<p>\u00bfNo cree usted?<\/p>\n<p style=\"text-align: center;\"><strong>Tres a\u00f1os de estancamiento. Tres a\u00f1os de retrasos<\/strong><\/p>\n<p>\u00a0Bien dec\u00eda Fran\u00e7ois de la Rochefoucauld que \u201cla pobreza espiritual produce la obstinaci\u00f3n\u201d. Que los necios y tercos no creen en lo que est\u00e1 m\u00e1s all\u00e1 de lo que sus ojos alcanzan a ver.<\/p>\n<p>De miras cortas, que muchas veces s\u00f3lo lo enfocan en el pasado -igual para decir ya \u201cya no es como antes\u201d o que, nuestro atraso obedece a que no hemos preservado nuestras ra\u00edces ind\u00edgenas destrozadas por los conquistadores espa\u00f1oles-, L\u00f3pez Obrador s\u00f3lo ha conseguido en la mitad de su mandato el retroceso del pa\u00eds en rubros que no son a los ciudadanos de vital importancia.<\/p>\n<p>Aunque \u00e9l crea que lo est\u00e1 haciendo muy bien, \u201crequetebi\u00e9n\u201d.<\/p>\n<p>\u00bfCoincide usted con \u00e9l?<\/p>\n<p style=\"text-align: center;\"><strong>Periodistas, v\u00edctimas de la ret\u00f3rica de AMLO<\/strong><\/p>\n<p>La libertad de prensa, la libertad de expresi\u00f3n y el acceso a la informaci\u00f3n son tres derechos de la ciudadan\u00eda que est\u00e1n ligados a la profesi\u00f3n period\u00edstica.<\/p>\n<p>Los dos primeros hacen referencia al hecho de que la comunicaci\u00f3n y la expresi\u00f3n a trav\u00e9s de los medios han de poder ejercerse libremente, sin injerencias ni censura por parte del Estado, el sector empresarial u otros organismos o grupos sociales.<\/p>\n<p>El segundo, puede definirse como el derecho a acceder a informaci\u00f3n que est\u00e1 en posesi\u00f3n de instituciones p\u00fablicas, fundamentalmente del gobierno.<\/p>\n<p>Pero, \u00bfqu\u00e9 sucede cuando se ponen en tela de juicio estos derechos y libertades? L\u00f3pez Obrador ha utilizado sistem\u00e1ticamente su cargo para desacreditar a reporteros, columnistas y a medios de comunicaci\u00f3n que lo critican.<\/p>\n<p>Les llama \u201cprensa fif\u00ed\u201d, entre otros calificativos (como conservadores y deshonestos).<\/p>\n<p>\u00c9l dice que s\u00f3lo est\u00e1 ejerciendo su \u201cderecho de r\u00e9plica\u201d. Y lo tiene. Las \u201cma\u00f1aneras\u201d gozan de una gigantesca distribuci\u00f3n en las redes sociales y, muchas veces, dominan las noticias en los medios de comunicaci\u00f3n tradicionales.<\/p>\n<p>Por eso las fuertes cr\u00edticas desde Palacio Nacional a periodistas que le son inc\u00f3modos a su habitante son preocupantes en uno de los pa\u00edses m\u00e1s peligrosos del mundo para ejercer el periodismo.<\/p>\n<p>En M\u00e9xico, los periodistas caen como si estuvieran en una zona de guerra. Fundamentalmente por la narcoviolencia.<\/p>\n<p>Y el Presidente puede y debe hacer mucho m\u00e1s para proteger a mis valientes compa\u00f1eros.<\/p>\n<p>Esta andanada de violencia (no s\u00f3lo f\u00edsica, tambi\u00e9n psicol\u00f3gica, digital, legal) contra periodistas y medios de comunicaci\u00f3n no ocurri\u00f3 en un vac\u00edo, sino que fue concurrente con el deterioro de la seguridad y del Estado de Derecho en el pa\u00eds.<\/p>\n<p>Sin embargo, para cualquier periodista en M\u00e9xico es f\u00e1cil concluir de estos datos que el Estado mexicano no tiene inter\u00e9s en proteger periodistas.<\/p>\n<p>Al utilizar adjetivos como \u201cpanfletos\u201d, \u201cmedios vendidos\u201d, \u201cplumas pagadas\u201d, el mandatario da luz verde para que sus mismos funcionarios, simpatizantes y cuentas an\u00f3nimas afines realicen ataques contra medios y periodistas que han publicado investigaciones que transparentan actuaciones irregulares y critican o cuestionan al gobierno.<\/p>\n<p>Las expresiones de violencia hacia el gremio period\u00edstico van desde deslegitimar la labor hasta amenazas de muerte, y las mujeres periodistas se llevan la peor parte al recibir mensajes con una elevada carga mis\u00f3gina.<\/p>\n<p>Es preocupante que el presidente de la Rep\u00fablica, en lugar de garantizar la libertad de expresi\u00f3n, estigmatice e implemente una ret\u00f3rica en la que la \u00fanica prensa v\u00e1lida es la que est\u00e1 a favor de su gobierno.<\/p>\n<p>Este tipo de discursos no corresponden a un pa\u00eds democr\u00e1tico en el que quien hasta hace dos a\u00f1os fuera Relator de Libertad de Expresi\u00f3n de la Comisi\u00f3n Interamericana de Derechos Humanos, Edison Lanza, ha dicho, incluso, que \u201csi un presidente determina qu\u00e9 medio le gusta y qu\u00e9 no, ser\u00eda otra forma de censura\u201d, y agreg\u00f3 que al estigmatizar a los medios \u201cpierde la democracia, porque esto tiene dos caras: los medios son la forma para que los ciudadanos puedan contrastar informaci\u00f3n y acceder a diversas fuentes\u201d.<\/p>\n<p>Deterioro del Estado de Derecho y un Presidente de la Rep\u00fablica permanentemente en contra de la libertad de expresi\u00f3n dan como resultado el asesinato impune de periodistas.<\/p>\n<p><em><u><a href=\"http:\/\/www.indicepolitico.com\" target=\"_blank\" rel=\"noopener noreferrer\">www.indicepolitico.com<\/a><\/u><u><br \/>\n<\/u><a href=\"mailto:indicepolitico@gmail.com\" target=\"_blank\" rel=\"noopener noreferrer\">indicepolitico@gmail.com<\/a><\/em><br \/>\n<em><a href=\"https:\/\/twitter.com\/indicepolitico?lang=es\" target=\"_blank\" rel=\"noopener noreferrer\">@IndicePolitico<\/a><\/em><br \/>\n<em><u><a href=\"https:\/\/twitter.com\/pacorodriguez\" target=\"_blank\" rel=\"noopener noreferrer\">@pacorodriguez<\/a><\/u><\/em><\/p>\n","protected":false},"excerpt":{"rendered":"<p><span style=\"color: #005497;\"><strong>Francisco Rodr\u00edguez<\/strong><\/span><br \/>\n<br \/>\nTras poco m\u00e1s de tres a\u00f1os, los mexicanos ya nos percatamos de que ni el carisma ni la ret\u00f3rica de AMLO en las \u201cma\u00f1aneras\u201d producen bienestar.<\/p>\n","protected":false},"author":3,"featured_media":0,"comment_status":"open","ping_status":"open","sticky":false,"template":"","format":"standard","meta":{"_monsterinsights_skip_tracking":false,"_monsterinsights_sitenote_active":false,"_monsterinsights_sitenote_note":"","_monsterinsights_sitenote_category":0,"footnotes":""},"categories":[549],"tags":[43689,550,43674],"class_list":["post-534003","post","type-post","status-publish","format-standard","hentry","category-francisco-rodriguez","tag-francisco-rodriguez","tag-indice-politico","tag-opinion"],"_links":{"self":[{"href":"https:\/\/www.diarioimagen.net\/index.php?rest_route=\/wp\/v2\/posts\/534003","targetHints":{"allow":["GET"]}}],"collection":[{"href":"https:\/\/www.diarioimagen.net\/index.php?rest_route=\/wp\/v2\/posts"}],"about":[{"href":"https:\/\/www.diarioimagen.net\/index.php?rest_route=\/wp\/v2\/types\/post"}],"author":[{"embeddable":true,"href":"https:\/\/www.diarioimagen.net\/index.php?rest_route=\/wp\/v2\/users\/3"}],"replies":[{"embeddable":true,"href":"https:\/\/www.diarioimagen.net\/index.php?rest_route=%2Fwp%2Fv2%2Fcomments&post=534003"}],"version-history":[{"count":0,"href":"https:\/\/www.diarioimagen.net\/index.php?rest_route=\/wp\/v2\/posts\/534003\/revisions"}],"wp:attachment":[{"href":"https:\/\/www.diarioimagen.net\/index.php?rest_route=%2Fwp%2Fv2%2Fmedia&parent=534003"}],"wp:term":[{"taxonomy":"category","embeddable":true,"href":"https:\/\/www.diarioimagen.net\/index.php?rest_route=%2Fwp%2Fv2%2Fcategories&post=534003"},{"taxonomy":"post_tag","embeddable":true,"href":"https:\/\/www.diarioimagen.net\/index.php?rest_route=%2Fwp%2Fv2%2Ftags&post=534003"}],"curies":[{"name":"wp","href":"https:\/\/api.w.org\/{rel}","templated":true}]}}