{"id":534109,"date":"2022-01-31T00:02:57","date_gmt":"2022-01-31T06:02:57","guid":{"rendered":"https:\/\/www.diarioimagen.net\/?p=534109"},"modified":"2022-01-31T21:58:15","modified_gmt":"2022-02-01T03:58:15","slug":"afecta-la-pobreza-extrema-a-86-millones-de-personas-en-latinoamerica-cepal","status":"publish","type":"post","link":"https:\/\/www.diarioimagen.net\/?p=534109","title":{"rendered":"Afecta la pobreza extrema a 86 millones de personas en Latinoam\u00e9rica: CEPAL"},"content":{"rendered":"<p>&nbsp;<\/p>\n<ul>\n<li><strong><em>La regi\u00f3n m\u00e1s vulnerable en esta pandemia<\/em><\/strong><\/li>\n<\/ul>\n<p>&nbsp;<\/p>\n<div id=\"attachment_534193\" style=\"width: 470px\" class=\"wp-caption aligncenter\"><a href=\"https:\/\/www.diarioimagen.net\/?attachment_id=534193\" rel=\"attachment wp-att-534193\"><img loading=\"lazy\" decoding=\"async\" aria-describedby=\"caption-attachment-534193\" class=\"size-full wp-image-534193\" src=\"https:\/\/www.diarioimagen.net\/wp-content\/uploads\/2022\/01\/pobreza.jpg\" alt=\"\" width=\"460\" height=\"270\" \/><\/a><p id=\"caption-attachment-534193\" class=\"wp-caption-text\">Al menos 5 millones de personas en Am\u00e9rica Latina se sumaron a la pobreza extrema, en 2021, lo que constituye un retroceso de 27 a\u00f1os.<\/p><\/div>\n<p>&nbsp;<\/p>\n<p>Debido a la pandemia de coronavirus y las crisis sociales, Am\u00e9rica Latina ha sumado a lo largo de 2021 otros 5 millones de personas m\u00e1s a la situaci\u00f3n de pobreza extrema \u2014pasando de 81 a 86 millones de personas\u2014, inform\u00f3 la Comisi\u00f3n Econ\u00f3mica para Am\u00e9rica Latina y el Caribe (CEPAL).<\/p>\n<p>Seg\u00fan el organismo, la regi\u00f3n latinoamericana es la m\u00e1s vulnerable del mundo en esta pandemia y en este periodo se ha aumentado del 13.1 al 13.8 por ciento la tasa de pobreza extrema, lo que constituye un \u201cretroceso de 27 a\u00f1os\u201d en esta materia.<\/p>\n<p>Sin embargo, la CEPAL remarc\u00f3 que en este mismo periodo se ha reducido ligeramente la tasa de pobreza general, que en este caso ha pasado de un 33 a un 32.1 por ciento, lo que en cifras totales se traduce en un descenso de 204 a 201 millones de personas afectadas.<\/p>\n<p>\u201cPese a la recuperaci\u00f3n econ\u00f3mica experimentada en 2021, los niveles relativos y absolutos estimados de pobreza y de pobreza extrema se han mantenido por encima de los registrados en 2019, lo que refleja la continuaci\u00f3n de la crisis social\u201d, se\u00f1al\u00f3 el organismo en su informe anual <em>Panorama Social de Am\u00e9rica Latina 2021<\/em>.<\/p>\n<p>Asimismo, en este periodo se ha producido un incremento del n\u00famero de mujeres que no cuenta con ingresos propios, mientras que tambi\u00e9n se han mantenido las brechas de pobreza en \u00e1reas rurales, en pueblos ind\u00edgenas y en el sector poblacional infantil.<\/p>\n<p>En esta l\u00ednea, la CEPAL destac\u00f3 que, si los gobiernos nacionales no hubiesen puesto en marcha medidas como la transferencia de ingresos de emergencia, el incremento de la pobreza habr\u00eda sido a\u00fan mayor -aumentando en un 1.8 por ciento la pobreza extrema y en cerca de un 3 por ciento la pobreza general.<\/p>\n<p>Sin embargo, el organismo regional recrimin\u00f3 que durante los \u00faltimos 10 meses de 2020 los fondos de emergencia estuvieron valorados en casi 90 mil millones de d\u00f3lares mientras que en los primeros 10 meses de 2021 estos descendieron a la mitad hasta los 45 mil 300 millones de d\u00f3lares.<\/p>\n<p>\u201cLa \u2018recuperaci\u00f3n\u2019 econ\u00f3mica de 2021 no ha sido suficiente para mitigar los profundos efectos sociales y laborales de la pandemia, estrechamente vinculados a la desigualdad de ingreso y g\u00e9nero, a la pobreza, a la informalidad y a la vulnerabilidad en que vive la poblaci\u00f3n\u201d, declar\u00f3 al respecto la secretaria ejecutiva de CEPAL, Alicia B\u00e1rcena.<\/p>\n<p>En el estudio se recalca que, sin un control de la crisis sanitaria, la recuperaci\u00f3n econ\u00f3mica no ser\u00e1 sostenible. Am\u00e9rica Latina presenta el mayor n\u00famero de defunciones a causa de la Covid-19 a nivel global, el 38.8 por ciento del total -con cifras a 31 de diciembre de 2021.<\/p>\n<p>Asimismo, en la actualidad, algo m\u00e1s de 62 por ciento de la poblaci\u00f3n est\u00e1 vacunada con la pauta completa, por lo que el organismo hizo un llamado a las autoridades para que incrementen los esfuerzos en las campa\u00f1as de inmunizaci\u00f3n con el objetivo puesto en alcanzar el 70 por ciento a mediados del presente 2022.<\/p>\n<p>\u201cLa pandemia es una oportunidad hist\u00f3rica para construir un nuevo pacto social que brinde protecci\u00f3n, certidumbre y confianza\u201c, se\u00f1al\u00f3 B\u00e1rcena, quien adem\u00e1s inst\u00f3 a mantener estos esfuerzos de cara a la llegada de \u201ca\u00f1os de menor crecimiento econ\u00f3mico\u201d para evitar \u201caumentos en la pobreza y la desigualdad en la regi\u00f3n\u201d.<\/p>\n","protected":false},"excerpt":{"rendered":"<p>Debido a la pandemia de coronavirus y las crisis sociales, Am\u00e9rica Latina ha sumado a lo largo de 2021 otros 5 millones de personas m\u00e1s a la situaci\u00f3n de pobreza extrema \u2014pasando de 81 a 86 millones de personas\u2014, inform\u00f3 la Comisi\u00f3n Econ\u00f3mica para Am\u00e9rica Latina y el Caribe (CEPAL).<\/p>\n","protected":false},"author":3,"featured_media":534193,"comment_status":"open","ping_status":"open","sticky":false,"template":"","format":"standard","meta":{"_monsterinsights_skip_tracking":false,"_monsterinsights_sitenote_active":false,"_monsterinsights_sitenote_note":"","_monsterinsights_sitenote_category":0,"footnotes":""},"categories":[3],"tags":[2607,43678,1077,2421],"class_list":["post-534109","post","type-post","status-publish","format-standard","has-post-thumbnail","hentry","category-nacional","tag-cepal","tag-finanzas","tag-latinoamerica","tag-pobreza"],"_links":{"self":[{"href":"https:\/\/www.diarioimagen.net\/index.php?rest_route=\/wp\/v2\/posts\/534109","targetHints":{"allow":["GET"]}}],"collection":[{"href":"https:\/\/www.diarioimagen.net\/index.php?rest_route=\/wp\/v2\/posts"}],"about":[{"href":"https:\/\/www.diarioimagen.net\/index.php?rest_route=\/wp\/v2\/types\/post"}],"author":[{"embeddable":true,"href":"https:\/\/www.diarioimagen.net\/index.php?rest_route=\/wp\/v2\/users\/3"}],"replies":[{"embeddable":true,"href":"https:\/\/www.diarioimagen.net\/index.php?rest_route=%2Fwp%2Fv2%2Fcomments&post=534109"}],"version-history":[{"count":0,"href":"https:\/\/www.diarioimagen.net\/index.php?rest_route=\/wp\/v2\/posts\/534109\/revisions"}],"wp:featuredmedia":[{"embeddable":true,"href":"https:\/\/www.diarioimagen.net\/index.php?rest_route=\/wp\/v2\/media\/534193"}],"wp:attachment":[{"href":"https:\/\/www.diarioimagen.net\/index.php?rest_route=%2Fwp%2Fv2%2Fmedia&parent=534109"}],"wp:term":[{"taxonomy":"category","embeddable":true,"href":"https:\/\/www.diarioimagen.net\/index.php?rest_route=%2Fwp%2Fv2%2Fcategories&post=534109"},{"taxonomy":"post_tag","embeddable":true,"href":"https:\/\/www.diarioimagen.net\/index.php?rest_route=%2Fwp%2Fv2%2Ftags&post=534109"}],"curies":[{"name":"wp","href":"https:\/\/api.w.org\/{rel}","templated":true}]}}