{"id":534128,"date":"2022-01-31T00:01:38","date_gmt":"2022-01-31T06:01:38","guid":{"rendered":"https:\/\/www.diarioimagen.net\/?p=534128"},"modified":"2022-01-31T02:09:22","modified_gmt":"2022-01-31T08:09:22","slug":"arranca-programa-de-recuperacion-de-espacios-publicos-en-beneficio-de-familias-atizapenses","status":"publish","type":"post","link":"https:\/\/www.diarioimagen.net\/?p=534128","title":{"rendered":"Arranca programa de recuperaci\u00f3n de espacios p\u00fablicos en beneficio de familias atizapenses"},"content":{"rendered":"<p>&nbsp;<\/p>\n<ul>\n<li><strong><em>Entrega Parque de los P\u00e1jaros en Las Arboledas<\/em><\/strong><\/li>\n<\/ul>\n<p>&nbsp;<\/p>\n<div id=\"attachment_534214\" style=\"width: 470px\" class=\"wp-caption aligncenter\"><a href=\"https:\/\/www.diarioimagen.net\/?attachment_id=534214\" rel=\"attachment wp-att-534214\"><img loading=\"lazy\" decoding=\"async\" aria-describedby=\"caption-attachment-534214\" class=\"size-full wp-image-534214\" src=\"https:\/\/www.diarioimagen.net\/wp-content\/uploads\/2022\/01\/atizapan-16.jpg\" alt=\"\" width=\"460\" height=\"270\" \/><\/a><p id=\"caption-attachment-534214\" class=\"wp-caption-text\">El alcalde Pedro Rodr\u00edguez Villegas, dio inicio al Programa Recuperaci\u00f3n de Espacios P\u00fablicos en beneficio de las familias e hizo entrega del Parque de los P\u00e1jaros, ubicado en Las Arboledas,<\/p><\/div>\n<p>&nbsp;<\/p>\n<p><strong>Atizap\u00e1n, Estado de M\u00e9xico.\u2014<\/strong> El presidente municipal de Atizap\u00e1n de Zaragoza, Pedro Rodr\u00edguez Villegas, dio inicio al Programa Recuperaci\u00f3n de Espacios P\u00fablicos en beneficio de las familias e hizo entrega del Parque de los P\u00e1jaros, ubicado en Las Arboledas, que ahora cuenta con iluminaci\u00f3n ahorradora de energ\u00eda.<\/p>\n<p>Acompa\u00f1ado del Director de Servicios P\u00fablicos, Enrique Gonz\u00e1lez Fonseca; el Director de Obras P\u00fablicas, Edgar David V\u00e1zquez Molina; miembros de Cabildo y autoridades auxiliares de colonias vecinas, el Alcalde indic\u00f3 que con esta obra se iniciar\u00e1n los trabajos de recuperaci\u00f3n y remoci\u00f3n en diversos lugares del municipio.<\/p>\n<p>\u201cEstamos ocupados en recuperar la seguridad que se ha perdido. Una de las constantes quejas que recibimos es sobre andadores mal iluminados porque es un paso obligado de vecinos de San Miguel Xochimanga y para vecinos de las colonias aleda\u00f1as. Decidimos reforzar voluntades entre la iniciativa privada, sociedad y Gobierno.<\/p>\n<p>\u201cHoy sumamos fuerzas con la empresa Sola Basic, que nos apoy\u00f3 para concretar este proyecto con luminarias. Estoy seguro que va a beneficiar por muchos a\u00f1os a los habitantes de esta zona\u201d, enfatiz\u00f3 Pedro Rodr\u00edguez. Agreg\u00f3 que se iniciar\u00e1 un proyecto para recuperar muchas \u00e1reas verdes para impulsar el desarrollo social de las comunidades. Entre otros planes, revel\u00f3 que se trabajar\u00e1 para rehabilitar el Parque de los Siervos.<\/p>\n<p>Los trabajos de remozamiento incluyeron la instalaci\u00f3n de 28 faroles y 30 luminarias de luz led ahorradoras de energ\u00eda, bacheo en calles aleda\u00f1as al parque, clareo,\u00a0 balizado en guarniciones y topes, as\u00ed como renivelaci\u00f3n y reposici\u00f3n de piezas faltantes de adocreto.<\/p>\n<p>Tambi\u00e9n se observaron se\u00f1al\u00e9ticas de cruces peatonales como vi\u00f1etas y postes. La superficie intervenida por personal de Servicios P\u00fablicos y Obras P\u00fablicas fue de casi mil 228 metros cuadrados.<\/p>\n","protected":false},"excerpt":{"rendered":"<p>El presidente municipal de Atizap\u00e1n de Zaragoza, Pedro Rodr\u00edguez Villegas, dio inicio al Programa Recuperaci\u00f3n de Espacios P\u00fablicos en beneficio de las familias e hizo entrega del Parque de los P\u00e1jaros, ubicado en Las Arboledas, que ahora cuenta con iluminaci\u00f3n ahorradora de energ\u00eda.<\/p>\n","protected":false},"author":3,"featured_media":534214,"comment_status":"open","ping_status":"open","sticky":false,"template":"","format":"standard","meta":{"_monsterinsights_skip_tracking":false,"_monsterinsights_sitenote_active":false,"_monsterinsights_sitenote_note":"","_monsterinsights_sitenote_category":0,"footnotes":""},"categories":[5],"tags":[969,46151,43675,25738],"class_list":["post-534128","post","type-post","status-publish","format-standard","has-post-thumbnail","hentry","category-estado-de-mexico","tag-atizapan","tag-espacios-publicos","tag-estado-de-mexico","tag-recuperacion"],"_links":{"self":[{"href":"https:\/\/www.diarioimagen.net\/index.php?rest_route=\/wp\/v2\/posts\/534128","targetHints":{"allow":["GET"]}}],"collection":[{"href":"https:\/\/www.diarioimagen.net\/index.php?rest_route=\/wp\/v2\/posts"}],"about":[{"href":"https:\/\/www.diarioimagen.net\/index.php?rest_route=\/wp\/v2\/types\/post"}],"author":[{"embeddable":true,"href":"https:\/\/www.diarioimagen.net\/index.php?rest_route=\/wp\/v2\/users\/3"}],"replies":[{"embeddable":true,"href":"https:\/\/www.diarioimagen.net\/index.php?rest_route=%2Fwp%2Fv2%2Fcomments&post=534128"}],"version-history":[{"count":0,"href":"https:\/\/www.diarioimagen.net\/index.php?rest_route=\/wp\/v2\/posts\/534128\/revisions"}],"wp:featuredmedia":[{"embeddable":true,"href":"https:\/\/www.diarioimagen.net\/index.php?rest_route=\/wp\/v2\/media\/534214"}],"wp:attachment":[{"href":"https:\/\/www.diarioimagen.net\/index.php?rest_route=%2Fwp%2Fv2%2Fmedia&parent=534128"}],"wp:term":[{"taxonomy":"category","embeddable":true,"href":"https:\/\/www.diarioimagen.net\/index.php?rest_route=%2Fwp%2Fv2%2Fcategories&post=534128"},{"taxonomy":"post_tag","embeddable":true,"href":"https:\/\/www.diarioimagen.net\/index.php?rest_route=%2Fwp%2Fv2%2Ftags&post=534128"}],"curies":[{"name":"wp","href":"https:\/\/api.w.org\/{rel}","templated":true}]}}