{"id":534166,"date":"2022-01-31T00:03:24","date_gmt":"2022-01-31T06:03:24","guid":{"rendered":"https:\/\/www.diarioimagen.net\/?p=534166"},"modified":"2022-01-31T00:42:53","modified_gmt":"2022-01-31T06:42:53","slug":"segob-bien-parcial","status":"publish","type":"post","link":"https:\/\/www.diarioimagen.net\/?p=534166","title":{"rendered":"Segob, bien\u2026 parcial"},"content":{"rendered":"<h2>Espacio Electoral<\/h2>\n<h5>Eleazar Flores<\/h5>\n<p>&nbsp;<\/p>\n<p><strong>NO ES PAREJO-.<\/strong> Perd\u00f3n pero voy a discrepar de quienes le echan porras desmedidas al primo presidencial Ad\u00e1n Augusto L\u00f3pez por \u201cponer orden\u201d, por decir lo menos, en el Senado de la Rep\u00fablica, pero deja colgados a los panistas al cancelarles en\u00e9sima reuni\u00f3n de trabajo.<\/p>\n<p>Como se le conoce tambi\u00e9n al titular de la Segob de \u201cresponsable de la pol\u00edtica interior\u201d del pa\u00eds, se supone que los panistas forman parte del todo pol\u00edtico nacional, igual que los\u00a0 morenistas, \u00bf<em>tunc ergo<\/em>?<\/p>\n<p>Revisando el inmediato anterior de los \u201cmorenos\u201d, al Senado de la Rep\u00fablica empez\u00f3 a desfigur\u00e1rsele el rostro desde que el coordinador Ricardo Monreal nombr\u00f3 una Comisi\u00f3n Especial para investigar actos del gobernador de Veracruz, pues \u00e9ste hab\u00eda avalado con declaraciones, el encarcelamiento del secretario t\u00e9cnico de de la C\u00e1mara alta, allegado al zacatecano.<\/p>\n<p>Vinieron pros y contras pero muchos recordaron el actual distanciamiento de Monreal con el padre de la cuarta transformaci\u00f3n desde el momento en que ya no lo invitan a almorzar chilaquiles.<\/p>\n<p>Aqu\u00ed es donde aparece la voz presidencial por medio del secretario de Gobernaci\u00f3n, Ad\u00e1n Augusto L\u00f3pez Hern\u00e1ndez, quien convoca a la fracci\u00f3n \u201cmorena\u201d poseedora de la mayor\u00eda de los esca\u00f1os, para literalmente leerles la cartilla de la disciplina, misma que todos sin excepci\u00f3n deben observar a pie juntillas, advirtiendo que son tiempos de unidad etc. etc. etc.<\/p>\n<p>El mensaje directo fue para el coordinador Ricardo Monreal, quien tan entendi\u00f3 el mensaje que se apur\u00f3 a usar sus escaparates, escritos y electr\u00f3nicos para explicar lo inexplicable.<\/p>\n<p>Hasta aqu\u00ed bien, muy bien el papel del primo Ad\u00e1n Augusto asumiendo el papel de \u201cresponsable de la pol\u00edtica interior\u201d, pero en adelante, mal, muy mal, pues por motivos que no da ni a los interesados, cancela una vez m\u00e1s su di\u00e1logo con los dirigentes del Partido Acci\u00f3n Nacional, esos que encabezados por Santiago Creel Mirando pidieron di\u00e1logo presidencial directo, no se les hizo pero los canalizaron con quien despacha en Bucareli, el interlocutor de mayor confianza del tabasque\u00f1o.<\/p>\n<p>Pues ahora resulta que para los panistas \u2014integrantes de la segunda fuerza pol\u00edtica del pa\u00eds\u2014 hasta don Ad\u00e1n se ha vuelto inalcanzable a \u00faltimas fechas, pero eso s\u00ed, para los \u201cmorenos\u201d hay que hablarles pronto de acuerdo al libreto del due\u00f1o del p\u00falpito ma\u00f1anero. Con estas actitudes abiertamente parciales don Ad\u00e1n se est\u00e1 morenizando, no act\u00faa en forma imparcial como predica.<\/p>\n<p><strong>EDOMEX-.<\/strong> No obstante que muchos minimizaron indebidamente el problema, \u00e9ste desaparece desde el momento en que al gobierno de Alfredo del Mazo Maza le autorizan con tan s\u00f3lo 72 horas antes de vencer el plazo, su presupuesto 2022 que ascender\u00e1 a 325 mil millones de pesos.<\/p>\n<p>S\u00f3lo le autorizaron deuda por 5.5 mil millones.<\/p>\n<p><em><a href=\"mailto:elefa44@gmail.com\" target=\"_blank\" rel=\"noopener noreferrer\">elefa44@gmail.com<\/a><\/em><\/p>\n","protected":false},"excerpt":{"rendered":"<p><span style=\"color: #005497;\"><strong>Eleazar Flores<\/strong><\/span><\/p>\n","protected":false},"author":3,"featured_media":0,"comment_status":"open","ping_status":"open","sticky":false,"template":"","format":"standard","meta":{"_monsterinsights_skip_tracking":false,"_monsterinsights_sitenote_active":false,"_monsterinsights_sitenote_note":"","_monsterinsights_sitenote_category":0,"footnotes":""},"categories":[81743],"tags":[81744,81776,43674],"class_list":["post-534166","post","type-post","status-publish","format-standard","hentry","category-eleazar-flores","tag-eleazar-flores","tag-espacio-electoral","tag-opinion"],"_links":{"self":[{"href":"https:\/\/www.diarioimagen.net\/index.php?rest_route=\/wp\/v2\/posts\/534166","targetHints":{"allow":["GET"]}}],"collection":[{"href":"https:\/\/www.diarioimagen.net\/index.php?rest_route=\/wp\/v2\/posts"}],"about":[{"href":"https:\/\/www.diarioimagen.net\/index.php?rest_route=\/wp\/v2\/types\/post"}],"author":[{"embeddable":true,"href":"https:\/\/www.diarioimagen.net\/index.php?rest_route=\/wp\/v2\/users\/3"}],"replies":[{"embeddable":true,"href":"https:\/\/www.diarioimagen.net\/index.php?rest_route=%2Fwp%2Fv2%2Fcomments&post=534166"}],"version-history":[{"count":0,"href":"https:\/\/www.diarioimagen.net\/index.php?rest_route=\/wp\/v2\/posts\/534166\/revisions"}],"wp:attachment":[{"href":"https:\/\/www.diarioimagen.net\/index.php?rest_route=%2Fwp%2Fv2%2Fmedia&parent=534166"}],"wp:term":[{"taxonomy":"category","embeddable":true,"href":"https:\/\/www.diarioimagen.net\/index.php?rest_route=%2Fwp%2Fv2%2Fcategories&post=534166"},{"taxonomy":"post_tag","embeddable":true,"href":"https:\/\/www.diarioimagen.net\/index.php?rest_route=%2Fwp%2Fv2%2Ftags&post=534166"}],"curies":[{"name":"wp","href":"https:\/\/api.w.org\/{rel}","templated":true}]}}