{"id":534282,"date":"2022-02-01T00:03:06","date_gmt":"2022-02-01T06:03:06","guid":{"rendered":"https:\/\/www.diarioimagen.net\/?p=534282"},"modified":"2022-02-01T03:52:20","modified_gmt":"2022-02-01T09:52:20","slug":"da-inicio-pedro-rodriguez-al-programa-de-limpieza-y-conservacion-de-la-presa-madin","status":"publish","type":"post","link":"https:\/\/www.diarioimagen.net\/?p=534282","title":{"rendered":"Da inicio Pedro Rodr\u00edguez al programa de limpieza y conservaci\u00f3n de la Presa Mad\u00edn"},"content":{"rendered":"<p>&nbsp;<\/p>\n<ul>\n<li><strong><em>Junto con autoridades de la Conagua<\/em><\/strong><\/li>\n<\/ul>\n<p>&nbsp;<\/p>\n<div id=\"attachment_534371\" style=\"width: 470px\" class=\"wp-caption aligncenter\"><a href=\"https:\/\/www.diarioimagen.net\/?attachment_id=534371\" rel=\"attachment wp-att-534371\"><img loading=\"lazy\" decoding=\"async\" aria-describedby=\"caption-attachment-534371\" class=\"size-full wp-image-534371\" src=\"https:\/\/www.diarioimagen.net\/wp-content\/uploads\/2022\/02\/atizapan.jpg\" alt=\"\" width=\"460\" height=\"270\" \/><\/a><p id=\"caption-attachment-534371\" class=\"wp-caption-text\">Autoridades dieron el banderazo de salida a los trabajos del Programa de Limpieza y Conservaci\u00f3n de la Presa Mad\u00edn.<\/p><\/div>\n<p>&nbsp;<\/p>\n<p><strong>Atizap\u00e1n, Estado de M\u00e9xico.\u2014<\/strong> El\u00a0 presidente municipal de Atizap\u00e1n de Zaragoza, Pedro Rodr\u00edguez Villegas, junto con autoridades de la Comisi\u00f3n Nacional del Agua (Conagua), de la Comisi\u00f3n del Agua del Estado de M\u00e9xico (CAEM) y\u00a0 el Servicios de Agua Potable, Alcantarillado y Saneamiento de Atizap\u00e1n de Zaragoza de Zaragoza (SAPASA), dieron el banderazo de salida a los trabajos del Programa de Limpieza y Conservaci\u00f3n de la Presa Mad\u00edn.<\/p>\n<p>El Alcalde indic\u00f3 que los trabajos prospectivos iniciaron hace m\u00e1s de seis meses, antes de tomar el cargo como Presidente Municipal, esto, con el fin de acelerar las labores de limpieza.<\/p>\n<p>A\u00f1adi\u00f3 que la suma de esfuerzos con los tres \u00f3rdenes de gobierno permitir\u00e1 retirar aproximadamente 6 mil 500 toneladas de lirio acu\u00e1tico. Se espera que en un par de meses se logre retirar la mayor\u00eda del lirio acu\u00e1tico que invade gran parte de la Presa.<\/p>\n<p>\u201cCon el apoyo del Gobernador Alfredo del Mazo y de la CAEM, que nos hicieron favor de rehabilitar una ca\u00edda del agua para potabilizarla, nos va a llegar una m\u00e1quina flotante para atraer el lirio.<\/p>\n<p>Tambi\u00e9n hay una inversi\u00f3n del Gobierno del Estado al facilitarnos equipo para el rescate de la Presa Mad\u00edn\u201d, expres\u00f3 Pedro Rodr\u00edguez.<\/p>\n<p>Destac\u00f3 que es importante la participaci\u00f3n de todos porque la contaminaci\u00f3n del cuerpo de agua que contiene 25 millones de metros c\u00fabicos, tambi\u00e9n corresponde a municipios colindantes con Atizap\u00e1n de Zaragoza.<\/p>\n<p>\u201cDetectamos 23 puntos de descargas residuales, pero no podemos determinar el grado de contaminaci\u00f3n que pudieran tener, sin embargo estamos trabajando para determinar cu\u00e1les de las descargas son altamente contaminantes, o si de alguna manera, las plantas tratadoras est\u00e1n cumpliendo con los requisitos que pide la norma\u201d, inform\u00f3.<\/p>\n<p>En el lugar, dos m\u00e1quinas excavadoras de largo alcance y camiones de volteo, as\u00ed como personal de SAPASA realizaron los trabajos de limpieza de la zona. En posteriores intervenciones, tambi\u00e9n se ocupar\u00e1 equipo acu\u00e1tico multiuso y lanchas con motor fuera de borda.<\/p>\n<p>Las 6 mil 500 toneladas de lirio retiradas, ser\u00e1n trasladadas a otro punto para su deshidrataci\u00f3n y su posterior colocaci\u00f3n en dep\u00f3sitos de residuos s\u00f3lidos oficiales.<\/p>\n<p>Al inicio de las labores asistieron Jos\u00e9 Alberto Gonz\u00e1lez Aguilar, Director de Movilidad del Estado de M\u00e9xico y representante del gobernador estatal, Alfredo del Mazo; Herlinda Moreira Rodr\u00edguez, Gerente Regional de Operaci\u00f3n del Sector Cuautitl\u00e1n Poniente de la CAEM; Rodrigo Rico Ram\u00edrez, Subdirector de Proyectos de CAEM; Alfredo V\u00e1zquez Gonz\u00e1lez, Director de SAPASA;\u00a0 el Arquitecto encargado del proyecto, Gerardo Ulises Cruz \u00c1lvarez, Gerente de Construcci\u00f3n de la empresa Gervez, as\u00ed como S\u00edndicos, Regidores y residentes de las colonias vecinas.<\/p>\n","protected":false},"excerpt":{"rendered":"<p>El\u00a0 presidente municipal de Atizap\u00e1n de Zaragoza, Pedro Rodr\u00edguez Villegas, junto con autoridades de la Comisi\u00f3n Nacional del Agua (Conagua), de la Comisi\u00f3n del Agua del Estado de M\u00e9xico (CAEM) y\u00a0 el Servicios de Agua Potable, Alcantarillado y Saneamiento de Atizap\u00e1n de Zaragoza de Zaragoza (SAPASA), dieron el banderazo de salida a los trabajos del Programa de Limpieza y Conservaci\u00f3n de la Presa Mad\u00edn.<\/p>\n","protected":false},"author":3,"featured_media":534371,"comment_status":"open","ping_status":"open","sticky":false,"template":"","format":"standard","meta":{"_monsterinsights_skip_tracking":false,"_monsterinsights_sitenote_active":false,"_monsterinsights_sitenote_note":"","_monsterinsights_sitenote_category":0,"footnotes":""},"categories":[5],"tags":[969,531,43675,2007,94412],"class_list":["post-534282","post","type-post","status-publish","format-standard","has-post-thumbnail","hentry","category-estado-de-mexico","tag-atizapan","tag-conagua","tag-estado-de-mexico","tag-limpieza","tag-presa-madin"],"_links":{"self":[{"href":"https:\/\/www.diarioimagen.net\/index.php?rest_route=\/wp\/v2\/posts\/534282","targetHints":{"allow":["GET"]}}],"collection":[{"href":"https:\/\/www.diarioimagen.net\/index.php?rest_route=\/wp\/v2\/posts"}],"about":[{"href":"https:\/\/www.diarioimagen.net\/index.php?rest_route=\/wp\/v2\/types\/post"}],"author":[{"embeddable":true,"href":"https:\/\/www.diarioimagen.net\/index.php?rest_route=\/wp\/v2\/users\/3"}],"replies":[{"embeddable":true,"href":"https:\/\/www.diarioimagen.net\/index.php?rest_route=%2Fwp%2Fv2%2Fcomments&post=534282"}],"version-history":[{"count":0,"href":"https:\/\/www.diarioimagen.net\/index.php?rest_route=\/wp\/v2\/posts\/534282\/revisions"}],"wp:featuredmedia":[{"embeddable":true,"href":"https:\/\/www.diarioimagen.net\/index.php?rest_route=\/wp\/v2\/media\/534371"}],"wp:attachment":[{"href":"https:\/\/www.diarioimagen.net\/index.php?rest_route=%2Fwp%2Fv2%2Fmedia&parent=534282"}],"wp:term":[{"taxonomy":"category","embeddable":true,"href":"https:\/\/www.diarioimagen.net\/index.php?rest_route=%2Fwp%2Fv2%2Fcategories&post=534282"},{"taxonomy":"post_tag","embeddable":true,"href":"https:\/\/www.diarioimagen.net\/index.php?rest_route=%2Fwp%2Fv2%2Ftags&post=534282"}],"curies":[{"name":"wp","href":"https:\/\/api.w.org\/{rel}","templated":true}]}}