{"id":534299,"date":"2022-02-01T00:04:51","date_gmt":"2022-02-01T06:04:51","guid":{"rendered":"https:\/\/www.diarioimagen.net\/?p=534299"},"modified":"2022-02-02T01:38:45","modified_gmt":"2022-02-02T07:38:45","slug":"soberania-de-ucrania","status":"publish","type":"post","link":"https:\/\/www.diarioimagen.net\/?p=534299","title":{"rendered":"Soberan\u00eda de Ucrania"},"content":{"rendered":"<h2>Desde el portal<\/h2>\n<h5>\u00c1ngel Soriano<\/h5>\n<p>&nbsp;<\/p>\n<p>M\u00e9xico ha fijado su posici\u00f3n de respeto a la soberan\u00eda y libre determinaci\u00f3n de los pueblos en el caso de Ucrania, en donde el conflicto puede detonar una nueva guerra mundial, innecesaria en estos tiempos de globalizaci\u00f3n y de avance de la humanidad en tecnolog\u00edas \u2013aun cuando en otros rincones de la tierra se vive en un retraso ancestral-, lo que deber\u00eda cambiar la mentalidad de los gobernantes.<\/p>\n<p>Si Ucrania decidi\u00f3 llevar su vida propia, leg\u00edtima aspiraciones de hasta las comunidades m\u00e1s remotas, no hay por qu\u00e9 imponerles un tipo de gobierno o de costumbres ajenas a su decisi\u00f3n; es necesario que el derecho a la libre determinaci\u00f3n de los pueblos se respete y con ello, como el apotegma del Presidente Ju\u00e1rez, el respeto al derecho ajeno es la paz.<\/p>\n<p>Y la paz mundial est\u00e1 en riesgo si es que las potencias no se ponen de acuerdo en respetar la decisi\u00f3n de los ucranianos y se les amenaza con la invasi\u00f3n de su territorio y la imposici\u00f3n de un gobierno que se gu\u00ede por las instrucciones de otros y no del pueblo leg\u00edtimo. Los organismos mundiales creados para velar por la tranquilidad del orbe es preciso que hoy intervengan.<\/p>\n<p>La mentalidad colonial, el atropello a los pueblos, las invasiones y el uso de la fuerza para dominar territorios deben ser ya cosa del pasado. Las comunidades tienen derecho a vivir de acuerdo a sus usos y costumbres con pleno apego a su tierra, a su m\u00fasica y a sus tradiciones, sin que sus decisiones pertenezcan a las de los poderosos. La guerra, ahora en Ucrania, debe ser descartada.<\/p>\n<p style=\"text-align: center;\"><strong>Turbulencias<br \/>\nContratos, fil\u00f3n de oro de la corrupci\u00f3n<\/strong><\/p>\n<p>El presidente Andr\u00e9s Manuel L\u00f3pez Obrador asegur\u00f3 en la conferencia de prensa ma\u00f1anera de este lunes\u00a0 que su hijo Jos\u00e9 Ram\u00f3n L\u00f3pez Beltr\u00e1n no ha recibido ni un s\u00f3lo contrato de su gobierno y que su esposa Carolyn Adams \u201cal parecer tiene dinero\u201d, por lo tanto desminti\u00f3 que sea favorecido por la 4-T para vivir \u201ca todo lujo\u201d en Houston, Texas. Los contratos siguen siendo el fil\u00f3n de oro y una v\u00eda para la sustracci\u00f3n de los recursos p\u00fablicos pese a que se han dispuesto distintas medidas burocr\u00e1ticas para frenar esa pr\u00e1ctica\u2026 Desarrollo sustentable en el cuidado del medio ambiente, respeto a la flora y a la fauna, ofreci\u00f3 el presidente L\u00f3pez Obrador al concluir su gira por el sureste de M\u00e9xico en donde est\u00e1n en marcha colosales obras que detonar\u00e1n el desarrollo de la regi\u00f3n y del pa\u00eds en su conjunto. Y a pesar de que en otros estados donde habr\u00e1 elecciones de gobernadores hay conflicto, en Quintana Roo la alcaldesa de Canc\u00fan, Mara Lezama, apareci\u00f3 al lado del Presidente con motivo de la firma de un convenio de colaboraci\u00f3n con el gobierno federal y estatal para la realizaci\u00f3n de obras en el destino tur\u00edstico de atractivo internacional. La precandidata al gobierno de QR cuenta con simpat\u00eda al interior y exterior de Morena. Y quien pr\u00e1cticamente dio ya su apoyo al precandidato Salom\u00f3n Jara para ser postulado por Morena al gobierno de Oaxaca es el activista Flavio Sosa. Afirm\u00f3 que no habr\u00e1 ruptura ni con Morena ni con Salom\u00f3n Jara, pero que esperar\u00e1n la decisi\u00f3n de la Sala Superior del TFEPJF para ver qu\u00e9 decide en relaci\u00f3n con la impugnaci\u00f3n de la senadora Susana Harp\u2026 Habr\u00e1 intercambio de agentes de los gobiernos de M\u00e9xico y Estados Unidos en ambos lados del territorio, esto con el objeto de frenar la ola de violencia que afecta a ambas naciones. El embajador Ken Salazar dijo que se respeta la soberan\u00eda de M\u00e9xico, pero es importante contar con una estrecha colaboraci\u00f3n para frenar las acciones del crimen organizado en detrimento de la buena vecindad y del turismo que visita ambos lados de la frontera. Los agentes de la FBI e incluso de Canad\u00e1, operan ya en Canc\u00fan.<\/p>\n<p><u><a href=\"mailto:asorianocarrasco@yahoo.com\" target=\"_blank\" rel=\"noopener noreferrer\"><em>asorianocarrasco@yahoo.com<\/em><\/a><br \/>\n<em><a href=\"https:\/\/revistabrecha.com\" target=\"_blank\" rel=\"noopener noreferrer\">www.revistabrecha.com<\/a><br \/>\n<a href=\"https:\/\/twitter.com\/brecharevista\" target=\"_blank\" rel=\"noopener noreferrer\">@BrechaRevista<\/a><\/em><\/u><\/p>\n","protected":false},"excerpt":{"rendered":"<p><span style=\"color: #005497;\"><strong>\u00c1ngel Soriano<\/strong><\/span><\/p>\n","protected":false},"author":3,"featured_media":0,"comment_status":"open","ping_status":"open","sticky":false,"template":"","format":"standard","meta":{"_monsterinsights_skip_tracking":false,"_monsterinsights_sitenote_active":false,"_monsterinsights_sitenote_note":"","_monsterinsights_sitenote_category":0,"footnotes":""},"categories":[135],"tags":[85,86,43674],"class_list":["post-534299","post","type-post","status-publish","format-standard","hentry","category-angel-soriano-opinion","tag-angel-soriano","tag-desde-el-portal","tag-opinion"],"_links":{"self":[{"href":"https:\/\/www.diarioimagen.net\/index.php?rest_route=\/wp\/v2\/posts\/534299","targetHints":{"allow":["GET"]}}],"collection":[{"href":"https:\/\/www.diarioimagen.net\/index.php?rest_route=\/wp\/v2\/posts"}],"about":[{"href":"https:\/\/www.diarioimagen.net\/index.php?rest_route=\/wp\/v2\/types\/post"}],"author":[{"embeddable":true,"href":"https:\/\/www.diarioimagen.net\/index.php?rest_route=\/wp\/v2\/users\/3"}],"replies":[{"embeddable":true,"href":"https:\/\/www.diarioimagen.net\/index.php?rest_route=%2Fwp%2Fv2%2Fcomments&post=534299"}],"version-history":[{"count":0,"href":"https:\/\/www.diarioimagen.net\/index.php?rest_route=\/wp\/v2\/posts\/534299\/revisions"}],"wp:attachment":[{"href":"https:\/\/www.diarioimagen.net\/index.php?rest_route=%2Fwp%2Fv2%2Fmedia&parent=534299"}],"wp:term":[{"taxonomy":"category","embeddable":true,"href":"https:\/\/www.diarioimagen.net\/index.php?rest_route=%2Fwp%2Fv2%2Fcategories&post=534299"},{"taxonomy":"post_tag","embeddable":true,"href":"https:\/\/www.diarioimagen.net\/index.php?rest_route=%2Fwp%2Fv2%2Ftags&post=534299"}],"curies":[{"name":"wp","href":"https:\/\/api.w.org\/{rel}","templated":true}]}}