{"id":534311,"date":"2022-02-01T00:06:23","date_gmt":"2022-02-01T06:06:23","guid":{"rendered":"https:\/\/www.diarioimagen.net\/?p=534311"},"modified":"2022-02-01T02:01:02","modified_gmt":"2022-02-01T08:01:02","slug":"mexico-inmerso-en-la-violencia","status":"publish","type":"post","link":"https:\/\/www.diarioimagen.net\/?p=534311","title":{"rendered":"M\u00e9xico, inmerso en la violencia"},"content":{"rendered":"<h2>As\u00ed las cosas&#8230;<\/h2>\n<h5>Humberto Mares N.<\/h5>\n<p>&nbsp;<\/p>\n<p>Por desgracia, nuestro pa\u00eds vive momentos violentos como nunca. Los asesinatos en varios estados que est\u00e1n siendo golpeados por la delincuencia organizada que se pelean las plazas, los feminicidios registrados durante d\u00e9cadas, desaparecidos en carreteras, desaparecidos y asesinadas personas que buscaban a familiares, l\u00edderes sociales que luchan contra la violencia\u00a0 y ahora los asesinatos a miembros de los medios de comunicaci\u00f3n.<\/p>\n<p>Tres compa\u00f1eros reporteros fueron asesinados en enero. 52 compa\u00f1eros asesinados en total en lo que va del gobierno de Andr\u00e9s Manuel L\u00f3pez Obrador. Los asesinatos y la violencia no es de hoy, lo hemos sufrido desde hace mucho tiempo y muchos gobiernos, pero nunca con esas cifras. Ha sido el peor.<\/p>\n<p>M\u00e9xico vive actualmente el momento m\u00e1s violento en contra de la prensa y la libre expresi\u00f3n de los \u00faltimos cuatro sexenios. Mire usted las cifras. En el sexenio de\u00a0 Enrique Pe\u00f1a la organizaci\u00f3n \u201cArt\u00edculo 19\u201d document\u00f3 18 homicidios de periodistas, con Felipe Calder\u00f3n 25 y con Vicente Fox 7, en todo el sexenio. Llevamos 52.<\/p>\n<p style=\"text-align: center;\"><strong>Morena, llamado a la calma<\/strong><\/p>\n<p>El Secretario de Gobernaci\u00f3n Ad\u00e1n Augusto L\u00f3pez intervino y pidi\u00f3 calma a los senadores de Morena que hab\u00edan entrado en una l\u00ednea muy delgada de romper, luego de que 31 de 61 senadores que integran la bancada, amenazaron con pedir la sustituci\u00f3n de su l\u00edder Ricardo Monreal.<\/p>\n<p>El secretario intervino en el conflicto interno de los senadores morenistas y les pidi\u00f3 poner fin a la divisi\u00f3n que gener\u00f3 la creaci\u00f3n de la Comisi\u00f3n Especial para Veracruz, para investigar los abusos de autoridad en el estado y que impuls\u00f3 el mismo coordinador de la bancada, Ricardo Monreal \u00c1vila, luego de la detenci\u00f3n del Secretario T\u00e9cnico de la Junta de Coordinaci\u00f3n Pol\u00edtica, Jos\u00e9 Manuel del R\u00edo.<\/p>\n<p>El secretario les dijo que no \u201cpierdan el tiempo en batallas est\u00e9riles\u201d y les pidi\u00f3 mejor ocuparse en fortalecer su bancada y sacar adelante la agenda legislativa de la 4T, que sin duda\u00a0 son prioridad la reforma el\u00e9ctrica, la revocaci\u00f3n de mandato y la guardia nacional, entre otras. El secretario se\u00f1al\u00f3 a los senadores que la desuni\u00f3n del grupo favorece a la oposici\u00f3n y les impedir\u00e1 sacar el proyecto legislativo de la 4T y salir a la calle, que fue lo que los llevo al triunfo. El llamado fue atendido y la comisi\u00f3n revisora fue cancelada. Sin duda, Ad\u00e1n Augusto L\u00f3pez Hern\u00e1ndez cumpli\u00f3 con su trabajo, pero el enojo persiste en el partido Morena, por la forma en que se llevaron a cabo las encuestas para decidir candidatos a gobernadores.<\/p>\n<p>Oaxaca es uno de los casos donde la autoridad electoral ya orden\u00f3 se reponga el proceso con todos los participantes, luego de un recurso legal promovido por la senadora Susana Harp y Alberto Esteva Salinas, precandidatos, hechos a un lado en un proceso visiblemente ilegal y la prueba de ello, es que la petici\u00f3n hecha por Alberto Esteva de mostrar las encuestas, es momento que no la exhiben, porque no la encuentran, fue la respuesta.<\/p>\n<p>Sin embargo, con todo y el llamado, los \u00e1nimos se caldearon en Durango, donde despidieron al l\u00edder nacional de Morena, Mario Delgado con gritos, reclamos y huevazos a su camioneta, luego de confirmar la candidatura al gobierno del estado de Marina Vitela. M\u00e1s que evidente el rompimiento al interior de Morena.<\/p>\n<p style=\"text-align: center;\"><strong>Los embajadores de AMLO<\/strong><\/p>\n<p>Finalmente, el gobierno de Espa\u00f1a dio su benepl\u00e1cito a la propuesta hecha por AMLO para mandar a Quirino Ordaz, ex gobernador priista en Sinaloa, como embajador de M\u00e9xico en ese pa\u00eds. El priista Quirino Ordaz declar\u00f3 que respetar\u00e1 si el PRI lo expulsa, luego de que Alejandro Moreno, l\u00edder nacional, dijo que expulsar\u00edan del partido a los exgobernadores que aceptar\u00e1n embajadas. En este caso estar\u00eda tambi\u00e9n la gobernadora sonorense saliente Claudia Pavlovich, propuesta como c\u00f3nsul en Barcelona.<\/p>\n<p>La propuesta y defendido por AMLO, porque es un \u201cgran historiador\u201d, el se\u00f1or Pedro Salmer\u00f3n Sangin\u00e9s como embajador de M\u00e9xico en Panam\u00e1 no camina y el gobierno del pa\u00eds centroamericano expres\u00f3 su posici\u00f3n a trav\u00e9s de la canciller Erika Mouyne, quien se\u00f1al\u00f3 que los se\u00f1alamientos contra Salmer\u00f3n han hecho ruido en su pa\u00eds y la posici\u00f3n al respecto fue entregada por la v\u00eda diplom\u00e1tica a la canciller\u00eda mexicana y su contenido se desconoce.<\/p>\n<p>Es de sentido com\u00fan que s\u00ed fuese positiva, se hubiese dado a conocer con todo j\u00fabilo, pero debemos de reconocer que los asuntos diplom\u00e1ticos tienen su tiempo y se cuecen aparte. Seguramente, pronto sabremos los resultados.<\/p>\n<p style=\"text-align: center;\"><strong>Los contagios siguen y L\u00f3pez-Gatell tambi\u00e9n<\/strong><\/p>\n<p>Por segunda vez desde octubre pasado, M\u00e9xico super\u00f3 las 500 muertes diarias a causa del Covid-19, en 24 horas se confirmaron 522 fallecimientos, con lo que se ha llegado a un total de 305 mil 762 defunciones desde que inici\u00f3 la crisis sanitaria, de acuerdo con el reporte diario difundido por la Secretar\u00eda de Salud. La cifra \u201ccatastr\u00f3fica\u201d de L\u00f3pez-Gatell ser\u00edan 60 mil muertes, \u00bfQu\u00e9 pas\u00f3 entonces? Se confirmaron 42 mil 582 nuevos casos de la enfermedad, para un total de 4 millones 916 mil 143 contagios confirmados desde marzo de 2022.<\/p>\n<p>Las cifras cambian diariamente, pero son altas y existen negativas todav\u00eda de vacunar a ni\u00f1os. La pandemia sigue y no podemos pararla y el responsable Hugo L\u00f3pez Gatell tambi\u00e9n sigue al frente, la pregunta es \u00bfPor qu\u00e9? Ocho de cada 10 hospitalizados por Covid-19 no se vacunaron. As\u00ed las cosas, hasta pronto.<\/p>\n<p><a href=\"mailto:hmares21@gmail.com\" target=\"_blank\" rel=\"noopener noreferrer\"><em>mares21@gmail.com<\/em><\/a><\/p>\n","protected":false},"excerpt":{"rendered":"<p><span style=\"color: #005497;\"><strong>Humberto Mares N.<\/strong><\/span><\/p>\n","protected":false},"author":3,"featured_media":0,"comment_status":"open","ping_status":"open","sticky":false,"template":"","format":"standard","meta":{"_monsterinsights_skip_tracking":false,"_monsterinsights_sitenote_active":false,"_monsterinsights_sitenote_note":"","_monsterinsights_sitenote_category":0,"footnotes":""},"categories":[15043],"tags":[92044,92045,43674],"class_list":["post-534311","post","type-post","status-publish","format-standard","hentry","category-humberto-mares-n","tag-asi-las-cosas","tag-humberto-mares-n","tag-opinion"],"_links":{"self":[{"href":"https:\/\/www.diarioimagen.net\/index.php?rest_route=\/wp\/v2\/posts\/534311","targetHints":{"allow":["GET"]}}],"collection":[{"href":"https:\/\/www.diarioimagen.net\/index.php?rest_route=\/wp\/v2\/posts"}],"about":[{"href":"https:\/\/www.diarioimagen.net\/index.php?rest_route=\/wp\/v2\/types\/post"}],"author":[{"embeddable":true,"href":"https:\/\/www.diarioimagen.net\/index.php?rest_route=\/wp\/v2\/users\/3"}],"replies":[{"embeddable":true,"href":"https:\/\/www.diarioimagen.net\/index.php?rest_route=%2Fwp%2Fv2%2Fcomments&post=534311"}],"version-history":[{"count":0,"href":"https:\/\/www.diarioimagen.net\/index.php?rest_route=\/wp\/v2\/posts\/534311\/revisions"}],"wp:attachment":[{"href":"https:\/\/www.diarioimagen.net\/index.php?rest_route=%2Fwp%2Fv2%2Fmedia&parent=534311"}],"wp:term":[{"taxonomy":"category","embeddable":true,"href":"https:\/\/www.diarioimagen.net\/index.php?rest_route=%2Fwp%2Fv2%2Fcategories&post=534311"},{"taxonomy":"post_tag","embeddable":true,"href":"https:\/\/www.diarioimagen.net\/index.php?rest_route=%2Fwp%2Fv2%2Ftags&post=534311"}],"curies":[{"name":"wp","href":"https:\/\/api.w.org\/{rel}","templated":true}]}}