{"id":534314,"date":"2022-02-01T00:08:38","date_gmt":"2022-02-01T06:08:38","guid":{"rendered":"https:\/\/www.diarioimagen.net\/?p=534314"},"modified":"2022-02-02T02:28:42","modified_gmt":"2022-02-02T08:28:42","slug":"los-unos-y-los-otros","status":"publish","type":"post","link":"https:\/\/www.diarioimagen.net\/?p=534314","title":{"rendered":"Los unos y los otros"},"content":{"rendered":"<h2>Detr\u00e1s del Poder<\/h2>\n<h5>Jos\u00e9 Antonio L\u00f3pez Sosa<\/h5>\n<p>&nbsp;<\/p>\n<p>Los unos se ofendieron con toda raz\u00f3n, cuando el equipo de investigaci\u00f3n de Carmen Aristegui, sac\u00f3 a la luz el excelente reportaje de investigaci\u00f3n con relaci\u00f3n a la \u201ccasa blanca\u201d de Pe\u00f1a Nieto en la administraci\u00f3n anterior. Una clara muestra de abusos del poder.<\/p>\n<p>Los otros censuraron a la periodista, acusaron incluso a Marcerlo Ebrard de filtrar la informaci\u00f3n, trataron con distintas estrategias de justificarlo o hacer que no lo ve\u00edan e insistieron en que se trat\u00f3 de un ataque contra Pe\u00f1a Nieto y su administraci\u00f3n.<\/p>\n<p>Los otros se ofendieron con toda raz\u00f3n, cuando Carlos Loret de Mola da a conocer las casas del hijo del Presidente, el valor y origen de las mismas. Una clara muestra de abusos del poder.<\/p>\n<p>Las unos censuraron al periodista y todo aquel que retome el tema, insisten en justificar lo injustificable y hacer que no ven la dimensi\u00f3n del esc\u00e1ndalo. Insisten en que se trata una campa\u00f1a contra L\u00f3pez Obrador y su administraci\u00f3n.<\/p>\n<p>Los unos mostraron indignaci\u00f3n cuando se dio a conocer el esc\u00e1ndalo de la casa de Malinalco de Luis Videgaray, otra muestra de corrupci\u00f3n, impunidad y abusos de poder en el sexenio de Pe\u00f1a Nieto.<\/p>\n<p>Los otros cuestionaron incluso la investigaci\u00f3n, hicieron que no vieron y consideraron otro artero ataque a la administraci\u00f3n de Pe\u00f1a Nieto.<\/p>\n<p>Los otros mostraron indignaci\u00f3n cuando se dieron a conocer las propiedades de Manuel Bartlett, otra muestra de corrupci\u00f3n, impunidad, abusos de poder hist\u00f3ricos y un ente dentro del sexenio de L\u00f3pez Obrador.<\/p>\n<p>Los unos salieron a la defensa de Bartlett, lo llamaron palad\u00edn de la defensa de la soberan\u00eda energ\u00e9tica e insistieron en que esa investigaci\u00f3n, obedec\u00eda a un ataque contra la administraci\u00f3n de L\u00f3pez Obrador.<\/p>\n<p>Y as\u00ed podemos seguir refiri\u00e9ndonos a los unos y los otros, los creyentes vaya, aquellos que son capaces de defender lo indefendible y esperan el ataque artero contra el de enfrente.<\/p>\n<p>La verdad es que como pa\u00eds seguimos sumidos en la corrupci\u00f3n y la impunidad, aunque unos no sean iguales y los otros sean demasiado iguales o como lo quieran poner, los abusos de poder siguen igual que antes.<\/p>\n<p>Los verdaderamente desprotegidos somos los ciudadanos, los de en medio, los que no estamos de un lado ni del otro, los que vemos pasar administraciones, propuestas, pol\u00edticos y vemos que todo sigue igual.<\/p>\n<p><em><a href=\"http:\/\/www.lopezsosa.com\" target=\"_blank\" rel=\"noopener\">www.lopezsosa.com<\/a><\/em><br \/>\n<em><a href=\"mailto:joseantonio@lopezsosa.com\" target=\"_blank\" rel=\"noopener\">joseantonio@lopezsosa.com<\/a><\/em><br \/>\n<em><a href=\"http:\/\/twitter.com\/joseantonio1977\" target=\"_blank\" rel=\"noopener\">@joseantonio197<\/a><\/em><\/p>\n","protected":false},"excerpt":{"rendered":"<p><span style=\"color: #005497;\"><strong>Jos\u00e9 Antonio L\u00f3pez Sosa<\/strong><\/span><\/p>\n","protected":false},"author":3,"featured_media":0,"comment_status":"open","ping_status":"open","sticky":false,"template":"","format":"standard","meta":{"_monsterinsights_skip_tracking":false,"_monsterinsights_sitenote_active":false,"_monsterinsights_sitenote_note":"","_monsterinsights_sitenote_category":0,"footnotes":""},"categories":[637],"tags":[638,43690,43674],"class_list":["post-534314","post","type-post","status-publish","format-standard","hentry","category-jose-antonio-lopez-sosa","tag-detras-del-poder","tag-jose-antonio-lopez-sosa","tag-opinion"],"_links":{"self":[{"href":"https:\/\/www.diarioimagen.net\/index.php?rest_route=\/wp\/v2\/posts\/534314","targetHints":{"allow":["GET"]}}],"collection":[{"href":"https:\/\/www.diarioimagen.net\/index.php?rest_route=\/wp\/v2\/posts"}],"about":[{"href":"https:\/\/www.diarioimagen.net\/index.php?rest_route=\/wp\/v2\/types\/post"}],"author":[{"embeddable":true,"href":"https:\/\/www.diarioimagen.net\/index.php?rest_route=\/wp\/v2\/users\/3"}],"replies":[{"embeddable":true,"href":"https:\/\/www.diarioimagen.net\/index.php?rest_route=%2Fwp%2Fv2%2Fcomments&post=534314"}],"version-history":[{"count":0,"href":"https:\/\/www.diarioimagen.net\/index.php?rest_route=\/wp\/v2\/posts\/534314\/revisions"}],"wp:attachment":[{"href":"https:\/\/www.diarioimagen.net\/index.php?rest_route=%2Fwp%2Fv2%2Fmedia&parent=534314"}],"wp:term":[{"taxonomy":"category","embeddable":true,"href":"https:\/\/www.diarioimagen.net\/index.php?rest_route=%2Fwp%2Fv2%2Fcategories&post=534314"},{"taxonomy":"post_tag","embeddable":true,"href":"https:\/\/www.diarioimagen.net\/index.php?rest_route=%2Fwp%2Fv2%2Ftags&post=534314"}],"curies":[{"name":"wp","href":"https:\/\/api.w.org\/{rel}","templated":true}]}}