{"id":534322,"date":"2022-02-01T00:09:47","date_gmt":"2022-02-01T06:09:47","guid":{"rendered":"https:\/\/www.diarioimagen.net\/?p=534322"},"modified":"2022-02-01T02:12:32","modified_gmt":"2022-02-01T08:12:32","slug":"de-la-casa-blanca-a-la-de-houston","status":"publish","type":"post","link":"https:\/\/www.diarioimagen.net\/?p=534322","title":{"rendered":"De la \u201ccasa blanca\u201d a la de Houston"},"content":{"rendered":"<h2>Poder y dinero<\/h2>\n<h5>V\u00edctor S\u00e1nchez Ba\u00f1os<\/h5>\n<p>&nbsp;<\/p>\n<ul>\n<li><strong><em>Jos\u00e9 Ram\u00f3n, crisis familiar y nacional<\/em><\/strong><\/li>\n<li><strong><em>Su vida dispendiosa, \u201cnormal\u201d<\/em><\/strong><\/li>\n<li><strong><em>En Pemex, \u00bfsin delito?<\/em><\/strong><\/li>\n<li><strong><em>\u00a1Frenen matanza de periodistas!<\/em><\/strong><\/li>\n<li><strong><em>\u00bfQui\u00e9n respeta en el PRI a \u201cAlito\u201d?<\/em><\/strong><\/li>\n<li><strong><em>Quirino ir\u00e1 a Espa\u00f1a<\/em><\/strong><\/li>\n<li><strong><em>RSC: Toyota<\/em><\/strong><\/li>\n<\/ul>\n<p>&nbsp;<\/p>\n<p style=\"text-align: right;\"><em>Con una mentira es posible que enga\u00f1es a alguien; pero cualquier<br \/>\nmentira te dice a ti mismo una\u00a0 gran verdad indiscutible: eres d\u00e9bil<br \/>\n<\/em><strong>Tom Wolfe<\/strong>\u00a0(1931-2018), periodista y escritor estadounidense<\/p>\n<p>&nbsp;<\/p>\n<p>Mexicanos Unidos contra la Corrupci\u00f3n auspici\u00f3 una investigaci\u00f3n en torno a las propiedades de la familia del hijo de Andr\u00e9s Manuel L\u00f3pez Obrador, Jos\u00e9 Ram\u00f3n L\u00f3pez Beltr\u00e1n y su esposa, Carolyn Adams.<\/p>\n<p>Encontr\u00f3 propiedades de lujo, que bien podr\u00eda tener una empresaria del ramo petrolero, que se maneja como br\u00f3ker, intermediaria, en la industria petrolera estadounidense.<\/p>\n<p>Ella tiene la capacidad de pagarse viajes a Europa, en vuelos privados; tener autos de lujo y super lujo como camionetas Mercedes; beber vinos de alta gama y tener ropa y accesorios que s\u00f3lo se puedan adquirir en Rodeo Drive o en Champs Elysee; comer en los restaurantes m\u00e1s sofisticados del planeta.<\/p>\n<p>Claro. Cuenta con abultadas cuentas bancarias y se estima que podr\u00eda tener inversiones relevantes.<\/p>\n<p>Bueno, este asunto es de ella; la nuera del presidente L\u00f3pez Obrador y madre de su \u00fanico nieto.<\/p>\n<p>Pero, Jos\u00e9 Ram\u00f3n, que es la clave en esta nota, vive como jeque \u00e1rabe. Nos hacen ver que \u00e9l, quien no tiene \u201cd\u00f3nde caerse muerto\u201d, por su falta de ingresos. No trabaja y tienen una empresa de chocolates, en compa\u00f1\u00eda de sus otros dos hermanos L\u00f3pez Beltr\u00e1n, que apenas les da para pagar la renta y los salarios de algunos de sus trabajadores.<\/p>\n<p>Bien podr\u00eda caer en la definici\u00f3n, que tanto molesta al Presidente, de \u201cnini\u201d (ni estudia, ni trabaja), que son el avatar social de Morena, a quienes les regalan 3,800 pesos. Bueno, esa cifra no le alcanzar\u00eda para pagar el boleto de avi\u00f3n a Houston, ni para comprar en McDonalds unas hamburguesas para cuando los visitan sus hermanos.<\/p>\n<p>Independientemente, de la forma de vida de Jos\u00e9 Ram\u00f3n, lo que preocupa es que haya un conflicto de intereses de \u00e9l con el gobierno de L\u00f3pez Obrador, especialmente en Pemex, que dirige Octavio Romero, un cercano amigo de AMLO.<\/p>\n<p>Las compa\u00f1\u00edas con las que trabaja la se\u00f1ora Adams, son del sector petrolero y en la intermediaci\u00f3n de contratos, podr\u00edamos encontrar algunas l\u00edneas de apoyo para beneficiar a las empresas que representa.<\/p>\n<p>El reportaje que difundi\u00f3 por Latinus, Carlos Loret de Mola, habla de unas casas prestadas por una empresa para que la ocupara la familia L\u00f3pez Adams. Adem\u00e1s, de otros acercamientos financieros que podr\u00edan tipificarse como delito.<\/p>\n<p>Este asunto, ser\u00e1 muy desgastante para la 4T, al presidente L\u00f3pez Obrador, por los paralelismos de los suntuosos sue\u00f1os de poder y dinero, de la familia presidencial.<\/p>\n<p style=\"text-align: center;\"><strong>PODEROSOS CABALLEROS<\/strong><\/p>\n<p><strong>QUIRINO IR\u00c1 A ESPA\u00d1A <\/strong><strong>Y <em>ALITO<\/em> EMBERRINCHADO: <\/strong>Hace muchos a\u00f1os, entrevist\u00e9 a principios de los ochentas a Adolfo Lugo Verduzco, l\u00edder nacional el PRI, en ese entonces. Me invit\u00f3 con su jefe de prensa, Juan Salda\u00f1a Rosell, a una comida, en la cual estaba otro personaje que no recuerdo su nombre, pero uno de los asesores pol\u00edticos y econ\u00f3micos del pol\u00edtico hidalguense, que recientemente falleci\u00f3. Le hice un par de preguntas a lo que le solicit\u00e9 al invitado que desconozco su nombre, que le platicara. Y me dijo, sin desparpajo, que \u201cnadie est\u00e1 obligado a saber de todo\u201d. Muy cierto. Te lo platico, porque la actividad depredadora que realiza Alejandro Moreno, <em>Alito<\/em>, en contra del PRI, lo lleva a cometer actos que son suicidas. Correr a Quirino Ordaz por aceptar una embajada en Espa\u00f1a es una acci\u00f3n torpe, irracional y pat\u00e9tica. Con eso no espanta a nadie y no supo como sacar provecho pol\u00edtico a una acci\u00f3n que tiene mucha le\u00f1a para demostrar que el priismo tiene personajes de trascendencia partidista. Pobre PRI, con los liderazgos emocionales que tiene.<\/p>\n<p style=\"text-align: center;\"><strong>RESPONSABILIDAD SOCIAL <\/strong><strong>CORPORATIVA<\/strong><\/p>\n<p><strong>TOYOTA:<\/strong> Las nuevas necesidades globales han llevado a Toyota, que en M\u00e9xico lidera Luis Lozano, a transformarse en una empresa de movilidad, m\u00e1s all\u00e1 de la fabricaci\u00f3n de veh\u00edculos. En octubre de 2015 present\u00f3 su reto medioambiental 2050, cuya meta principal es reducir en un 90% las emisiones de CO2 de los veh\u00edculos nuevos para ese a\u00f1o. Estiman tener 70 modelos de veh\u00edculos electrificados a nivel mundial en 2025. Con cuatro tecnolog\u00edas forman parte de una estrategia de electrificaci\u00f3n gradual para alcanzar la neutralidad de carbono que significa, de acuerdo al CEO de la compa\u00f1\u00eda, Akio Toyoda, \u201calcanzar un mundo en el que las personas vivan felices y esa es nuestra misi\u00f3n como empresa global\u201d.<\/p>\n<p>&nbsp;<\/p>\n<blockquote>\n<h4 style=\"text-align: right;\"><strong>Esc\u00fachame de lunes a viernes, de 21 a 22 horas,<br \/>\nen \u201cV\u00edctor S\u00e1nchez Ba\u00f1os en MVS\u201d<\/strong><\/h4>\n<\/blockquote>\n<p>&nbsp;<\/p>\n<p><a href=\"https:\/\/mvsnoticias.com\/\" target=\"_blank\" rel=\"noopener noreferrer\"><em>MVSnoticias.com<\/em><\/a><br \/>\n<a href=\"http:\/\/poderydinero.mx\" target=\"_blank\" rel=\"noopener noreferrer\"><em>poderydinero.mx<\/em><\/a><em><b><br \/>\n<\/b><a href=\"mailto:vsb@poderydinero.mx\" target=\"_blank\" rel=\"noopener noreferrer\">vsb@poderydinero.mx<\/a><a href=\"mailto:vsanchezb@gmail.com\" target=\"_blank\" rel=\"noopener noreferrer\"><br \/>\n<\/a><strong>Twitter:<\/strong><a href=\"https:\/\/twitter.com\/vsanchezbanos\" target=\"_blank\" rel=\"noopener noreferrer\">@vsanchezbanos<br \/>\n<\/a><strong>Facebook: <\/strong><a href=\"https:\/\/www.facebook.com\/vsanchezbanos?fref=ts\" target=\"_blank\" rel=\"noopener noreferrer\">vsanchezbanos<\/a><\/em><\/p>\n","protected":false},"excerpt":{"rendered":"<p><span style=\"color: #005497;\"><strong>V\u00edctor S\u00e1nchez Ba\u00f1os<\/strong><\/span<\/span><\/p>\n","protected":false},"author":3,"featured_media":0,"comment_status":"open","ping_status":"open","sticky":false,"template":"","format":"standard","meta":{"_monsterinsights_skip_tracking":false,"_monsterinsights_sitenote_active":false,"_monsterinsights_sitenote_note":"","_monsterinsights_sitenote_category":0,"footnotes":""},"categories":[38844],"tags":[43674,38847,38848],"class_list":["post-534322","post","type-post","status-publish","format-standard","hentry","category-victor-sanchez-banos","tag-opinion","tag-poder-y-dinero","tag-victor-sanchez-banos"],"_links":{"self":[{"href":"https:\/\/www.diarioimagen.net\/index.php?rest_route=\/wp\/v2\/posts\/534322","targetHints":{"allow":["GET"]}}],"collection":[{"href":"https:\/\/www.diarioimagen.net\/index.php?rest_route=\/wp\/v2\/posts"}],"about":[{"href":"https:\/\/www.diarioimagen.net\/index.php?rest_route=\/wp\/v2\/types\/post"}],"author":[{"embeddable":true,"href":"https:\/\/www.diarioimagen.net\/index.php?rest_route=\/wp\/v2\/users\/3"}],"replies":[{"embeddable":true,"href":"https:\/\/www.diarioimagen.net\/index.php?rest_route=%2Fwp%2Fv2%2Fcomments&post=534322"}],"version-history":[{"count":0,"href":"https:\/\/www.diarioimagen.net\/index.php?rest_route=\/wp\/v2\/posts\/534322\/revisions"}],"wp:attachment":[{"href":"https:\/\/www.diarioimagen.net\/index.php?rest_route=%2Fwp%2Fv2%2Fmedia&parent=534322"}],"wp:term":[{"taxonomy":"category","embeddable":true,"href":"https:\/\/www.diarioimagen.net\/index.php?rest_route=%2Fwp%2Fv2%2Fcategories&post=534322"},{"taxonomy":"post_tag","embeddable":true,"href":"https:\/\/www.diarioimagen.net\/index.php?rest_route=%2Fwp%2Fv2%2Ftags&post=534322"}],"curies":[{"name":"wp","href":"https:\/\/api.w.org\/{rel}","templated":true}]}}