{"id":534429,"date":"2022-02-02T00:02:14","date_gmt":"2022-02-02T06:02:14","guid":{"rendered":"https:\/\/www.diarioimagen.net\/?p=534429"},"modified":"2022-02-02T04:53:57","modified_gmt":"2022-02-02T10:53:57","slug":"karla-fiesco-instala-comites-municipales-para-proteger-la-salud-de-los-izcallenses","status":"publish","type":"post","link":"https:\/\/www.diarioimagen.net\/?p=534429","title":{"rendered":"Karla Fiesco instala comit\u00e9s municipales para proteger la salud de los izcallenses"},"content":{"rendered":"<p>&nbsp;<\/p>\n<ul>\n<li><strong><em>Fortalecimiento de las instituciones<\/em><\/strong><\/li>\n<\/ul>\n<p>&nbsp;<\/p>\n<div id=\"attachment_534578\" style=\"width: 470px\" class=\"wp-caption aligncenter\"><a href=\"https:\/\/www.diarioimagen.net\/?attachment_id=534578\" rel=\"attachment wp-att-534578\"><img loading=\"lazy\" decoding=\"async\" aria-describedby=\"caption-attachment-534578\" class=\"size-full wp-image-534578\" src=\"https:\/\/www.diarioimagen.net\/wp-content\/uploads\/2022\/02\/izcalli.jpg\" alt=\"\" width=\"460\" height=\"270\" \/><\/a><p id=\"caption-attachment-534578\" class=\"wp-caption-text\">La alcaldesa Karla Leticia Fiesco Garc\u00eda presidi\u00f3 la instalaci\u00f3n y toma de protesta de los Comit\u00e9s Municipales de Salud; para la Protecci\u00f3n contra Riesgos Sanitarios; y Contra las Adicciones.<\/p><\/div>\n<p>&nbsp;<\/p>\n<p><strong>Cuautitl\u00e1n Izcalli, Estado de M\u00e9xico.\u2014<\/strong> La presidenta de Cuautitl\u00e1n Izcalli, Karla Leticia Fiesco Garc\u00eda, presidi\u00f3 la instalaci\u00f3n y toma de protesta de los Comit\u00e9s Municipales de Salud; para la Protecci\u00f3n contra Riesgos Sanitarios y Contra las Adicciones, con el objetivo de fortalecer a las instituciones que brindan servicios de salud en el territorio izcallense.<\/p>\n<p>Durante la toma de protesta de los Comit\u00e9s Municipales, la alcaldesa Karla Fiesco subray\u00f3 que estar\u00e1 redoblando esfuerzos para brindar servicios de salud de calidad y contar con m\u00e1s y mejor equipamiento. En este sentido, remarc\u00f3 que desde ahora ya se observan cambios en el ayuntamiento y destac\u00f3 los trabajos que se han realizado para que todas las personas tengan completado su esquema de vacunaci\u00f3n contra el COVID-19, as\u00ed como los trabajos de rehabilitaci\u00f3n que se han ejecutado en las cl\u00ednicas perif\u00e9ricas a trav\u00e9s del DIF de Cuautitl\u00e1n Izcalli.<\/p>\n<p>Durante el evento de protesta que se llev\u00f3 a cabo en el Jard\u00edn del Arte al interior del Parque de las Esculturas, se enfatiz\u00f3 que el Comit\u00e9 de Salud tiene el compromiso de desarrollar acciones que permitan la creaci\u00f3n de entornos y oportunidades saludables.<\/p>\n<p>Por otra parte, el Comit\u00e9 Municipal para la Protecci\u00f3n contra Riesgos Sanitarios, busca apoyar las acciones de regulaci\u00f3n sanitaria en los establecimientos comerciales, comercio ambulante, venta de alcohol en establecimientos fijos y de cigarros en v\u00eda p\u00fablica, mercados y panteones, mantener la cloraci\u00f3n en l\u00edmites normados en todas las fuentes de abastecimiento de agua de la comunidad, promover la protecci\u00f3n de riesgos sanitarios en concentraciones masivas, intervenir ordenada y oportunamente ante emergencias sanitarias, ambientales y epidemiol\u00f3gicas.<\/p>\n<p>Asimismo, la alcaldesa Fiesco Garc\u00eda refiri\u00f3 que se trabajar\u00e1 en el dise\u00f1o de mecanismos efectivos de prevenci\u00f3n y control para hacer frente y combatir las adicciones poniendo especial atenci\u00f3n al grupo de adolescentes de 12 a 17 a\u00f1os. Bajo esta primicia, aclar\u00f3 que el Comit\u00e9 Municipal contra las Adicciones (COMCA) tiene el objetivo de impulsar las acciones dirigidas a la prevenci\u00f3n y combate de los problemas de salud p\u00fablica causados por las adicciones, busca fortalecer la coordinaci\u00f3n, vigilancia y cumplimiento de la regulaci\u00f3n sanitaria y comercializaci\u00f3n de las bebidas alcoh\u00f3licas, productos de tabaco y sustancias psicotr\u00f3picas.<\/p>\n<p>Integraciones de los Comit\u00e9s Municipales<\/p>\n","protected":false},"excerpt":{"rendered":"<p>La presidenta de Cuautitl\u00e1n Izcalli, Karla Leticia Fiesco Garc\u00eda, presidi\u00f3 la instalaci\u00f3n y toma de protesta de los Comit\u00e9s Municipales de Salud; para la Protecci\u00f3n contra Riesgos Sanitarios y Contra las Adicciones, con el objetivo de fortalecer a las instituciones que brindan servicios de salud en el territorio izcallense.<\/p>\n","protected":false},"author":3,"featured_media":534578,"comment_status":"open","ping_status":"open","sticky":false,"template":"","format":"standard","meta":{"_monsterinsights_skip_tracking":false,"_monsterinsights_sitenote_active":false,"_monsterinsights_sitenote_note":"","_monsterinsights_sitenote_category":0,"footnotes":""},"categories":[5],"tags":[971,43675,94263,37069,43692],"class_list":["post-534429","post","type-post","status-publish","format-standard","has-post-thumbnail","hentry","category-estado-de-mexico","tag-cuautitlan-izcalli","tag-estado-de-mexico","tag-karla-leticia-fiesco-garcia","tag-proteger","tag-salud"],"_links":{"self":[{"href":"https:\/\/www.diarioimagen.net\/index.php?rest_route=\/wp\/v2\/posts\/534429","targetHints":{"allow":["GET"]}}],"collection":[{"href":"https:\/\/www.diarioimagen.net\/index.php?rest_route=\/wp\/v2\/posts"}],"about":[{"href":"https:\/\/www.diarioimagen.net\/index.php?rest_route=\/wp\/v2\/types\/post"}],"author":[{"embeddable":true,"href":"https:\/\/www.diarioimagen.net\/index.php?rest_route=\/wp\/v2\/users\/3"}],"replies":[{"embeddable":true,"href":"https:\/\/www.diarioimagen.net\/index.php?rest_route=%2Fwp%2Fv2%2Fcomments&post=534429"}],"version-history":[{"count":0,"href":"https:\/\/www.diarioimagen.net\/index.php?rest_route=\/wp\/v2\/posts\/534429\/revisions"}],"wp:featuredmedia":[{"embeddable":true,"href":"https:\/\/www.diarioimagen.net\/index.php?rest_route=\/wp\/v2\/media\/534578"}],"wp:attachment":[{"href":"https:\/\/www.diarioimagen.net\/index.php?rest_route=%2Fwp%2Fv2%2Fmedia&parent=534429"}],"wp:term":[{"taxonomy":"category","embeddable":true,"href":"https:\/\/www.diarioimagen.net\/index.php?rest_route=%2Fwp%2Fv2%2Fcategories&post=534429"},{"taxonomy":"post_tag","embeddable":true,"href":"https:\/\/www.diarioimagen.net\/index.php?rest_route=%2Fwp%2Fv2%2Ftags&post=534429"}],"curies":[{"name":"wp","href":"https:\/\/api.w.org\/{rel}","templated":true}]}}