{"id":534436,"date":"2022-02-02T00:04:37","date_gmt":"2022-02-02T06:04:37","guid":{"rendered":"https:\/\/www.diarioimagen.net\/?p=534436"},"modified":"2022-02-02T04:51:47","modified_gmt":"2022-02-02T10:51:47","slug":"tlalnepantla-pone-en-marcha-el-programa-por-tu-salud-activate","status":"publish","type":"post","link":"https:\/\/www.diarioimagen.net\/?p=534436","title":{"rendered":"Tlalnepantla pone en marcha el programa \u201cPor tu Salud, Act\u00edvate\u201d"},"content":{"rendered":"<p>&nbsp;<\/p>\n<p><a href=\"https:\/\/www.diarioimagen.net\/?attachment_id=534571\" rel=\"attachment wp-att-534571\"><img loading=\"lazy\" decoding=\"async\" class=\"aligncenter size-full wp-image-534571\" src=\"https:\/\/www.diarioimagen.net\/wp-content\/uploads\/2022\/02\/tlalnepantla-1.jpg\" alt=\"\" width=\"460\" height=\"339\" \/><\/a><\/p>\n<p>&nbsp;<\/p>\n<p><strong>Tlalnepantla, Estado de M\u00e9xico<\/strong><strong>.\u2014 <\/strong>Marco Antonio Rodr\u00edguez Hurtado, presidente municipal, puso en marcha el programa \u201cPor tu Salud, Act\u00edvate\u201d, iniciativa a trav\u00e9s de la cual se busca fomentar el deporte en los ciudadanos, con la finalidad de mejorar su salud y calidad de vida, as\u00ed como contribuir a la reconstrucci\u00f3n del tejido social.<\/p>\n<p>Al arrancar estas actividades de manera simult\u00e1nea en los deportivos Caracoles y Cri-Cri, en la zona Oriente del municipio, el alcalde destac\u00f3 los m\u00faltiples beneficios que la pr\u00e1ctica deportiva y la activaci\u00f3n f\u00edsica tienen en las personas.<\/p>\n","protected":false},"excerpt":{"rendered":"<p>Marco Antonio Rodr\u00edguez Hurtado, presidente municipal, puso en marcha el programa \u201cPor tu Salud, Act\u00edvate\u201d, iniciativa a trav\u00e9s de la cual se busca fomentar el deporte en los ciudadanos, con la finalidad de mejorar su salud y calidad de vida, as\u00ed como contribuir a la reconstrucci\u00f3n del tejido social.<\/p>\n","protected":false},"author":3,"featured_media":534571,"comment_status":"open","ping_status":"open","sticky":false,"template":"","format":"standard","meta":{"_monsterinsights_skip_tracking":false,"_monsterinsights_sitenote_active":false,"_monsterinsights_sitenote_note":"","_monsterinsights_sitenote_category":0,"footnotes":""},"categories":[5],"tags":[43675,48533,169],"class_list":["post-534436","post","type-post","status-publish","format-standard","has-post-thumbnail","hentry","category-estado-de-mexico","tag-estado-de-mexico","tag-programa","tag-tlalnepantla"],"_links":{"self":[{"href":"https:\/\/www.diarioimagen.net\/index.php?rest_route=\/wp\/v2\/posts\/534436","targetHints":{"allow":["GET"]}}],"collection":[{"href":"https:\/\/www.diarioimagen.net\/index.php?rest_route=\/wp\/v2\/posts"}],"about":[{"href":"https:\/\/www.diarioimagen.net\/index.php?rest_route=\/wp\/v2\/types\/post"}],"author":[{"embeddable":true,"href":"https:\/\/www.diarioimagen.net\/index.php?rest_route=\/wp\/v2\/users\/3"}],"replies":[{"embeddable":true,"href":"https:\/\/www.diarioimagen.net\/index.php?rest_route=%2Fwp%2Fv2%2Fcomments&post=534436"}],"version-history":[{"count":0,"href":"https:\/\/www.diarioimagen.net\/index.php?rest_route=\/wp\/v2\/posts\/534436\/revisions"}],"wp:featuredmedia":[{"embeddable":true,"href":"https:\/\/www.diarioimagen.net\/index.php?rest_route=\/wp\/v2\/media\/534571"}],"wp:attachment":[{"href":"https:\/\/www.diarioimagen.net\/index.php?rest_route=%2Fwp%2Fv2%2Fmedia&parent=534436"}],"wp:term":[{"taxonomy":"category","embeddable":true,"href":"https:\/\/www.diarioimagen.net\/index.php?rest_route=%2Fwp%2Fv2%2Fcategories&post=534436"},{"taxonomy":"post_tag","embeddable":true,"href":"https:\/\/www.diarioimagen.net\/index.php?rest_route=%2Fwp%2Fv2%2Ftags&post=534436"}],"curies":[{"name":"wp","href":"https:\/\/api.w.org\/{rel}","templated":true}]}}