{"id":534485,"date":"2022-02-02T00:19:19","date_gmt":"2022-02-02T06:19:19","guid":{"rendered":"https:\/\/www.diarioimagen.net\/?p=534485"},"modified":"2022-02-03T01:09:19","modified_gmt":"2022-02-03T07:09:19","slug":"dinero-mata-ideologia-de-la-4t","status":"publish","type":"post","link":"https:\/\/www.diarioimagen.net\/?p=534485","title":{"rendered":"\u00bfDinero mata ideolog\u00eda de la 4T?"},"content":{"rendered":"<h2>Poder y dinero<\/h2>\n<h5>V\u00edctor S\u00e1nchez Ba\u00f1os<\/h5>\n<p>&nbsp;<\/p>\n<ul>\n<li><strong><em>Sindicato Petrolero, AMLO meti\u00f3 la mano<\/em><\/strong><\/li>\n<li><strong><em>Deschamps, pieza clave para el 2024<\/em><\/strong><\/li>\n<li><strong><em>Vil robo de votos<\/em><\/strong><\/li>\n<li><strong><em>Aldana continuar\u00e1 el saqueo<\/em><\/strong><\/li>\n<li><strong><em>\u00bfChore\u00f1o <\/em><em>factor de legalidad?<\/em><\/strong><\/li>\n<li><strong><em>Se desmexicaniza Aerom\u00e9xico<\/em><\/strong><\/li>\n<li><strong><em>RSC: Argonaut Gold<\/em><\/strong><\/li>\n<\/ul>\n<p>&nbsp;<\/p>\n<p style=\"text-align: right;\"><em>Conseguir un pensamiento libre en la sociedad actual es<br \/>\ndif\u00edcil porque la democracia est\u00e1 pervertida y secuestrada<br \/>\n<\/em><strong>Jos\u00e9 Luis Sampedro<\/strong>\u00a0(1917-2013), escritor y economista espa\u00f1ol<\/p>\n<p>&nbsp;<\/p>\n<p>Se consum\u00f3 una de las tragedias democr\u00e1ticas de la Cuarta Transformaci\u00f3n. La elecci\u00f3n en el sindicato petrolero, no fue la voluntad de los trabajadores, como grita el presidente L\u00f3pez Obrador. Fue un vil robo cibern\u00e9tico.<\/p>\n<p>Las encuestas de salida, de los pocos peri\u00f3dicos que hicieron ese ejercicio, como <em>Reforma<\/em>, daban a Arturo Flores, a quien le dicen \u201cel doc\u201d, con un 44% de preferencia del voto; le segu\u00eda la senadora por Campeche (por Morena), Cecilia S\u00e1nchez, quien recib\u00eda apoyo de Layda Sansores, con el 36% de simpat\u00edas; y en tercer sitio Ricardo Aldana, con el 15%.<\/p>\n<p>Este \u00faltimo es el hombre de todas las confianzas de Deschamps, con quien comparte hasta las claves de cuentas en Andorra y para\u00edsos del Caribe, como me mencionan trabajadores petroleros cercanos a ellos.<\/p>\n<p>Pero, eso tiene trascendencia pol\u00edtica. Seguramente, Carlos Romero Deschamps vendi\u00f3 al gobierno de L\u00f3pez Obrador, la imagen de que controla a la mayor\u00eda de los trabajadores del sindicato petrolero, un basti\u00f3n pol\u00edtico que seguramente es apetitoso instrumento para las elecciones de 2024.<\/p>\n<p>El sector obrero, como en la \u00e9poca del priismo m\u00e1s primitivo, es la herramienta del partido en el poder para movilizaciones pol\u00edticas y, especialmente, para acudir a las urnas en bloque en favor del partido en el poder. As\u00ed ocurri\u00f3 por d\u00e9cadas y de ah\u00ed aprendi\u00f3 L\u00f3pez Obrador al manejo de los sectores obrero, militar, campesino y de clases medidas.<\/p>\n<p>Ahora bien, el dinero manda en las decisiones. Romero, tiene mucho. Miles de millones de d\u00f3lares, sin exagerar.<\/p>\n<p>Pero el valor real de Romero, y ahora de Aldana, es la forma c\u00f3mo puede apoyar al gobierno lopezobradorista. Si tienen 100 mil trabajadores de Pemex bajo el yugo de un l\u00edder que se dice fuerte, entonces puedes apoyar la pol\u00edtica del gobierno federal.<\/p>\n<p>Aqu\u00ed aparece un factor importante. Se trata de un trabajador de Pemex (a diferencia de Aldana quien no es un trabajador de Pemex sindicalizado, sino uno de confianza, lo que va contra los estatutos), que gan\u00f3 todas las instancias legales para tener el reconocimiento como secretario general de esa organizaci\u00f3n.<\/p>\n<p>Se trata de Rub\u00e9n Chore\u00f1o Morales, quien lleva m\u00e1s de 40 a\u00f1os como trabajador sindicalizado de Pemex y quien cuenta con los reconocimientos judiciales y que no han sido aceptados ni por la Secretar\u00eda de Trabajo, ni por la paraestatal petrolera.<\/p>\n<p>El cochinero que hicieron desde Palacio Nacional, con la secretaria de Trabajo, Luisa Mar\u00eda Alcalde, as\u00ed como por el Tribunal Federal de Conciliaci\u00f3n y Arbitraje, Pl\u00e1cido Morales Vargas, as\u00ed como el empleado de Alcalde, Alfredo Dom\u00ednguez Marrufo, responsable del registro de organizaciones, actuaron como delincuencia organizada.<\/p>\n<p>La libertad labora que clamaba la reforma laboral de 2019, es simplemente un sue\u00f1o de opio de la izquierda mexicana, en contra de millones de trabajadores mexicanos<\/p>\n<p style=\"text-align: center;\"><strong>PODEROSOS CABALLEROS<\/strong><\/p>\n<p><strong>AEROM\u00c9XICO, SE <\/strong><strong>DESNACIONALIZA: <\/strong>Mucha alharaca se gener\u00f3 en el mundo de los negocios mexicanos. Aerom\u00e9xico logr\u00f3 que su proyecto de reestructura para salir del Cap\u00edtulo 11 de la Corte de bancarrotas en Estados Unidos, tiene un sentido \u00fanico: se quedan en el consejo de Administraci\u00f3n, tanto Eduardo Tricio, como CEO, as\u00ed como los principales accionistas Valent\u00edn Diez Morodo, Antonio Cos\u00edo Pando y Jorge Esteve Recolons, y Andr\u00e9s Conesa, en la direcci\u00f3n. Sin embargo, el capital que los accionistas mexicanos aportan un porcentaje m\u00ednimo (4.1%). La mayor\u00eda accionaria la toma Apollo Global Management, un inversionista que toma posiciones accionarias de empresas emproblemadas del sector a\u00e9reo. Delta Air, la aerol\u00ednea estadounidense, tendr\u00e1 el 20% Aerom\u00e9xico, dejar\u00e1 de ser una empresa mexicana. La mayor\u00eda del capital lo tienen extranjeros, aunque la administraci\u00f3n la tengan mexicanos. Triste historia de una empresa que podr\u00eda haber estado sana, pero las pol\u00edticas comerciales y administrativas, donde los funcionarios ganan millonadas, sin lograr mejorar el servicio de la empresa.<\/p>\n<p style=\"text-align: center;\"><strong>RESPONSABILIDAD SOCIAL <\/strong><strong>CORPORATIVA<\/strong><\/p>\n<p><strong>ARGONAUT GOLD: <\/strong>La minera canadiense Argonaut Gold produjo al tercer trimestre de 2021, 58,777 onzas equivalentes de oro y un flujo operativo de 39.6 millones de d\u00f3lares. A estas buenas noticias, se suma la llegada de Margarita Bejarano Celaya como directora de responsabilidad social corporativa, quien deja atr\u00e1s la direcci\u00f3n del Cl\u00faster Minero de Sonora para fortalecer al equipo de trabajo de Alfredo Phillips, recientemente nombrado vicepresidente de asuntos corporativos y ESG.<\/p>\n<p>&nbsp;<\/p>\n<blockquote>\n<h4 style=\"text-align: right;\"><strong>Esc\u00fachame de lunes a viernes, de 21 a 22 horas,<br \/>\nen \u201cV\u00edctor S\u00e1nchez Ba\u00f1os en MVS\u201d<\/strong><\/h4>\n<\/blockquote>\n<p>&nbsp;<\/p>\n<p><a href=\"https:\/\/mvsnoticias.com\/\" target=\"_blank\" rel=\"noopener noreferrer\"><em>MVSnoticias.com<\/em><\/a><br \/>\n<a href=\"http:\/\/poderydinero.mx\" target=\"_blank\" rel=\"noopener noreferrer\"><em>poderydinero.mx<\/em><\/a><em><b><br \/>\n<\/b><a href=\"mailto:vsb@poderydinero.mx\" target=\"_blank\" rel=\"noopener noreferrer\">vsb@poderydinero.mx<\/a><a href=\"mailto:vsanchezb@gmail.com\" target=\"_blank\" rel=\"noopener noreferrer\"><br \/>\n<\/a><strong>Twitter:<\/strong><a href=\"https:\/\/twitter.com\/vsanchezbanos\" target=\"_blank\" rel=\"noopener noreferrer\">@vsanchezbanos<br \/>\n<\/a><strong>Facebook: <\/strong><a href=\"https:\/\/www.facebook.com\/vsanchezbanos?fref=ts\" target=\"_blank\" rel=\"noopener noreferrer\">vsanchezbanos<\/a><\/em><\/p>\n","protected":false},"excerpt":{"rendered":"<p><span style=\"color: #005497;\"><strong>V\u00edctor S\u00e1nchez Ba\u00f1os<\/strong><\/span<\/span><\/p>\n","protected":false},"author":3,"featured_media":0,"comment_status":"open","ping_status":"open","sticky":false,"template":"","format":"standard","meta":{"_monsterinsights_skip_tracking":false,"_monsterinsights_sitenote_active":false,"_monsterinsights_sitenote_note":"","_monsterinsights_sitenote_category":0,"footnotes":""},"categories":[38844],"tags":[43674,38847,38848],"class_list":["post-534485","post","type-post","status-publish","format-standard","hentry","category-victor-sanchez-banos","tag-opinion","tag-poder-y-dinero","tag-victor-sanchez-banos"],"_links":{"self":[{"href":"https:\/\/www.diarioimagen.net\/index.php?rest_route=\/wp\/v2\/posts\/534485","targetHints":{"allow":["GET"]}}],"collection":[{"href":"https:\/\/www.diarioimagen.net\/index.php?rest_route=\/wp\/v2\/posts"}],"about":[{"href":"https:\/\/www.diarioimagen.net\/index.php?rest_route=\/wp\/v2\/types\/post"}],"author":[{"embeddable":true,"href":"https:\/\/www.diarioimagen.net\/index.php?rest_route=\/wp\/v2\/users\/3"}],"replies":[{"embeddable":true,"href":"https:\/\/www.diarioimagen.net\/index.php?rest_route=%2Fwp%2Fv2%2Fcomments&post=534485"}],"version-history":[{"count":0,"href":"https:\/\/www.diarioimagen.net\/index.php?rest_route=\/wp\/v2\/posts\/534485\/revisions"}],"wp:attachment":[{"href":"https:\/\/www.diarioimagen.net\/index.php?rest_route=%2Fwp%2Fv2%2Fmedia&parent=534485"}],"wp:term":[{"taxonomy":"category","embeddable":true,"href":"https:\/\/www.diarioimagen.net\/index.php?rest_route=%2Fwp%2Fv2%2Fcategories&post=534485"},{"taxonomy":"post_tag","embeddable":true,"href":"https:\/\/www.diarioimagen.net\/index.php?rest_route=%2Fwp%2Fv2%2Ftags&post=534485"}],"curies":[{"name":"wp","href":"https:\/\/api.w.org\/{rel}","templated":true}]}}