{"id":534618,"date":"2022-02-03T00:01:14","date_gmt":"2022-02-03T06:01:14","guid":{"rendered":"https:\/\/www.diarioimagen.net\/?p=534618"},"modified":"2022-02-03T05:57:10","modified_gmt":"2022-02-03T11:57:10","slug":"firma-pedro-rodriguez-acuerdo-con-cfe-para-transparentar-aportaciones-y-beneficios-de-alumbrado-publico","status":"publish","type":"post","link":"https:\/\/www.diarioimagen.net\/?p=534618","title":{"rendered":"Firma Pedro Rodr\u00edguez acuerdo con CFE para transparentar aportaciones y beneficios de alumbrado p\u00fablico"},"content":{"rendered":"<p>&nbsp;<\/p>\n<p><img loading=\"lazy\" decoding=\"async\" class=\"wp-image-534735 aligncenter\" src=\"https:\/\/www.diarioimagen.net\/wp-content\/uploads\/2022\/02\/mmq14.jpg\" alt=\"\" width=\"460\" height=\"430\" \/><\/p>\n<p>&nbsp;<\/p>\n<p><strong>Atizap\u00e1n, Estado de M\u00e9xico.\u2014<\/strong> El presidente municipal de Atizap\u00e1n de Zaragoza, Pedro Rodr\u00edguez Villegas, suscribi\u00f3 el convenio de colaboraci\u00f3n con la Comisi\u00f3n Federal de Electricidad (CFE) para establecer una metodolog\u00eda transparente en referencia a la recaudaci\u00f3n por el concepto del Derecho de Alumbrado P\u00fablico (DAP).<\/p>\n<p>El slcalde refiri\u00f3 que la firma del convenio tiene como finalidad promover el desarrollo sustentable de la energ\u00eda el\u00e9ctrica y garantizar su operaci\u00f3n continua, eficiente y segura en beneficio de las y los usuarios en calles, colonias, parques y espacios p\u00fablicos.<\/p>\n","protected":false},"excerpt":{"rendered":"<p>El presidente municipal de Atizap\u00e1n de Zaragoza, Pedro Rodr\u00edguez Villegas, suscribi\u00f3 el convenio de colaboraci\u00f3n con la Comisi\u00f3n Federal de Electricidad (CFE) para establecer una metodolog\u00eda transparente en referencia a la recaudaci\u00f3n por el concepto del Derecho de Alumbrado P\u00fablico (DAP).<\/p>\n","protected":false},"author":3,"featured_media":534735,"comment_status":"open","ping_status":"open","sticky":false,"template":"","format":"standard","meta":{"_monsterinsights_skip_tracking":false,"_monsterinsights_sitenote_active":false,"_monsterinsights_sitenote_note":"","_monsterinsights_sitenote_category":0,"footnotes":""},"categories":[5],"tags":[969,139,43675],"class_list":["post-534618","post","type-post","status-publish","format-standard","has-post-thumbnail","hentry","category-estado-de-mexico","tag-atizapan","tag-cfe","tag-estado-de-mexico"],"_links":{"self":[{"href":"https:\/\/www.diarioimagen.net\/index.php?rest_route=\/wp\/v2\/posts\/534618","targetHints":{"allow":["GET"]}}],"collection":[{"href":"https:\/\/www.diarioimagen.net\/index.php?rest_route=\/wp\/v2\/posts"}],"about":[{"href":"https:\/\/www.diarioimagen.net\/index.php?rest_route=\/wp\/v2\/types\/post"}],"author":[{"embeddable":true,"href":"https:\/\/www.diarioimagen.net\/index.php?rest_route=\/wp\/v2\/users\/3"}],"replies":[{"embeddable":true,"href":"https:\/\/www.diarioimagen.net\/index.php?rest_route=%2Fwp%2Fv2%2Fcomments&post=534618"}],"version-history":[{"count":0,"href":"https:\/\/www.diarioimagen.net\/index.php?rest_route=\/wp\/v2\/posts\/534618\/revisions"}],"wp:featuredmedia":[{"embeddable":true,"href":"https:\/\/www.diarioimagen.net\/index.php?rest_route=\/wp\/v2\/media\/534735"}],"wp:attachment":[{"href":"https:\/\/www.diarioimagen.net\/index.php?rest_route=%2Fwp%2Fv2%2Fmedia&parent=534618"}],"wp:term":[{"taxonomy":"category","embeddable":true,"href":"https:\/\/www.diarioimagen.net\/index.php?rest_route=%2Fwp%2Fv2%2Fcategories&post=534618"},{"taxonomy":"post_tag","embeddable":true,"href":"https:\/\/www.diarioimagen.net\/index.php?rest_route=%2Fwp%2Fv2%2Ftags&post=534618"}],"curies":[{"name":"wp","href":"https:\/\/api.w.org\/{rel}","templated":true}]}}