{"id":534644,"date":"2022-02-03T00:08:19","date_gmt":"2022-02-03T06:08:19","guid":{"rendered":"https:\/\/www.diarioimagen.net\/?p=534644"},"modified":"2022-02-04T02:22:17","modified_gmt":"2022-02-04T08:22:17","slug":"grilla-sindical-a-la-antiguita","status":"publish","type":"post","link":"https:\/\/www.diarioimagen.net\/?p=534644","title":{"rendered":"Grilla sindical a la antig\u00fcita"},"content":{"rendered":"<h2>Punto por punto<\/h2>\n<h5>Augusto Corro<\/h5>\n<p>&nbsp;<\/p>\n<p>En el Sindicato de Trabajadores Petroleros de la Rep\u00fablica Mexicana (STPRM) contin\u00faa la \u201cgrilla\u201d a la antig\u00fcita.<\/p>\n<p>En las elecciones recientes, fue electo como secretario general Ricardo Aldana, uno de los l\u00edderes incondicionales de Carlos Romero Deschamps.<\/p>\n<p>Como en los mejores tiempos del charrismo, los dirigentes de los trabajadores se heredan los cargos.<\/p>\n<p>Esta vez, Romero Deschamps dej\u00f3 el puesto a su ex tesorero Ricardo Aldana, compa\u00f1ero de aventuras y cercano colaborador. Ambos estuvieron a punto de ser\u00a0 procesados\u00a0 en el 2000 por el caso conocido como \u201cPemexgate\u201d.<\/p>\n<p>Ahora, la pregunta obligada: \u00bfQu\u00e9 determinar\u00e1n las autoridades laborales sobre unas elecciones con un sinn\u00famero de irregularidades?<\/p>\n<p>Por ejemplo, la senadora morenista, Cecilia S\u00e1nchez, una de las candidatas a la dirigencia, denunci\u00f3 que las votaciones que se hicieron a trav\u00e9s del Sistema Remoto de Votaci\u00f3n Laboral (Sirvolab), para elegir al nuevo secretario general del sindicato fueron un fraude, por lo que impugnar\u00e1n la elecci\u00f3n.<\/p>\n<p>Textualmente, la legisladora dijo:<\/p>\n<p>\u201cNos enga\u00f1\u00f3 la Secretar\u00eda del Trabajo, (adem\u00e1s de ser) avalada por el gobierno federal no vamos a permitir que sigan burlando de los trabajadores petroleros.<\/p>\n<p>Declar\u00f3 que tienen pruebas de que las elecciones fueron ama\u00f1adas, al igual que las pasadas elecciones seccionales, ya que muchas personas no pudieron realizar su voto porque nunca les lleg\u00f3 el \u201ctoken\u201d personalizado ni fueron registrados correctamente.<\/p>\n<p>Tambi\u00e9n se\u00f1al\u00f3 que un porcentaje considerable de trabajadores le comunicaron que no pudieron registrarse, ni votar, pues no estuvieron al alcance del sistema para poder realizar su voto.<\/p>\n<p>La senadora agreg\u00f3 que impugnar\u00e1n las elecciones, \u201cnos vamos a ir a instancias internacionales\u201d. O sea que apenas empieza la \u201cgrilla\u201d a la \u201cantig\u00fcita\u201d en el sindicato petrolero.<\/p>\n<p>\u00bfQu\u00e9 tienen que opinar los promotores de la Cuarta Transformaci\u00f3n (4T) lopezobradorista?<\/p>\n<p style=\"text-align: center;\"><strong>Mario Delgado y sus encuestas<\/strong><\/p>\n<p>Ser\u00e1 un dolor de cabeza o una piedra en el zapato el m\u00e9todo de encuestas para designar precandidatos a cargos de elecci\u00f3n popular.<\/p>\n<p>Y es precisamente su l\u00edder nacional, Mario Delgado, quien ha recibido las repercusiones negativas de ese tipo de sondeo.<\/p>\n<p>Su \u00faltima amarga experiencia la tuvo el dirigente morenista en Durango. La militancia de Morena no estuvo de acuerdo con la designaci\u00f3n de la aspirante a la gubernatura.<\/p>\n<p>Los morenistas directamente le gritaron traidor a su l\u00edder y le arrojaron huevos a su camioneta.<\/p>\n<p>Como le informamos, en este a\u00f1o se elegir\u00e1n nuevos gobernadores en seis estados: Oaxaca, Durango, Tamaulipas, Hidalgo, Quintana Roo y Aguascalientes.<\/p>\n<p>No todos quedaron convencidos de los resultados de las encuestas, entre otras cosas porque no muestran transparencia.\u00a0 En otras ocasiones se calific\u00f3 como ese m\u00e9todo de consulta como un \u201cdedazo\u201d encubierto.<\/p>\n<p>Como ha podido la diligencia morenista logr\u00f3 la designaci\u00f3n de los aspirantes.<\/p>\n<p>Sin embargo, en el caso de Oaxaca, una de las aspirantes, Susana Harp, no acept\u00f3 la designaci\u00f3n de Salom\u00f3n Jara como abanderado de Morena en la contienda electoral estatal.<\/p>\n<p>Los tribunales electorales tendr\u00e1n que definir la situaci\u00f3n de la senadora Susana Harp.<\/p>\n<p style=\"text-align: center;\"><strong>Pol\u00edticos embajadores<\/strong><\/p>\n<p>Qued\u00f3 claro que Panam\u00e1 no quiere saber nada del historiador Pedro Salmer\u00f3n, el profesor del ITAM acusado de acosador sexual por parte de sus alumnas.<\/p>\n<p>El mentor hab\u00eda sido propuesto para representar a M\u00e9xico en Panam\u00e1.<\/p>\n<p>Despu\u00e9s de una espera de incertidumbre, el citado pa\u00eds centroamericano dijo que no.<\/p>\n<p>Lo que sobresali\u00f3 en el asunto es que el presidente L\u00f3pez Obrador defendi\u00f3 a Pedro Salmer\u00f3n como un gran historiador, sin ponerse a pensar en las denuncias en contra de su protegido.<\/p>\n<p>En lugar del presunto abusador fue designada la senadora suplente Jesusa Rodr\u00edguez.<\/p>\n<p>Ni Salmer\u00f3n ni Jesusa Rodr\u00edguez tienen experiencia en el Servicio Exterior Mexicano. Lo mismo ocurre con Claudia Pavlovich, ex gobernadora de Sonora que representar\u00e1 a M\u00e9xico en Barcelona; y Quirino Ordaz, ex mandatario de Sinaloa, a nuestro pa\u00eds en Espa\u00f1a.<\/p>\n<p>Se tiene la impresi\u00f3n que la diplomacia mexicana se encuentra en manos de aprendices que poca importancia le dan al Servicio Exterior.<\/p>\n<p>\u00bfUsted qu\u00e9 opina amable lector?<\/p>\n<p><a href=\"mailto:aco2742@hotmail.com\" target=\"_blank\" rel=\"noopener noreferrer\"><em>aco2742@hotmail.com<\/em><\/a><\/p>\n","protected":false},"excerpt":{"rendered":"<p><span style=\"color: #005497;\"><strong>Augusto Corro<\/strong><\/span><\/p>\n","protected":false},"author":3,"featured_media":0,"comment_status":"open","ping_status":"open","sticky":false,"template":"","format":"standard","meta":{"_monsterinsights_skip_tracking":false,"_monsterinsights_sitenote_active":false,"_monsterinsights_sitenote_note":"","_monsterinsights_sitenote_category":0,"footnotes":""},"categories":[157],"tags":[43686,43674,11515],"class_list":["post-534644","post","type-post","status-publish","format-standard","hentry","category-augusto-corro","tag-augusto-corro","tag-opinion","tag-punto-por-punto"],"_links":{"self":[{"href":"https:\/\/www.diarioimagen.net\/index.php?rest_route=\/wp\/v2\/posts\/534644","targetHints":{"allow":["GET"]}}],"collection":[{"href":"https:\/\/www.diarioimagen.net\/index.php?rest_route=\/wp\/v2\/posts"}],"about":[{"href":"https:\/\/www.diarioimagen.net\/index.php?rest_route=\/wp\/v2\/types\/post"}],"author":[{"embeddable":true,"href":"https:\/\/www.diarioimagen.net\/index.php?rest_route=\/wp\/v2\/users\/3"}],"replies":[{"embeddable":true,"href":"https:\/\/www.diarioimagen.net\/index.php?rest_route=%2Fwp%2Fv2%2Fcomments&post=534644"}],"version-history":[{"count":0,"href":"https:\/\/www.diarioimagen.net\/index.php?rest_route=\/wp\/v2\/posts\/534644\/revisions"}],"wp:attachment":[{"href":"https:\/\/www.diarioimagen.net\/index.php?rest_route=%2Fwp%2Fv2%2Fmedia&parent=534644"}],"wp:term":[{"taxonomy":"category","embeddable":true,"href":"https:\/\/www.diarioimagen.net\/index.php?rest_route=%2Fwp%2Fv2%2Fcategories&post=534644"},{"taxonomy":"post_tag","embeddable":true,"href":"https:\/\/www.diarioimagen.net\/index.php?rest_route=%2Fwp%2Fv2%2Ftags&post=534644"}],"curies":[{"name":"wp","href":"https:\/\/api.w.org\/{rel}","templated":true}]}}