{"id":534647,"date":"2022-02-03T00:03:55","date_gmt":"2022-02-03T06:03:55","guid":{"rendered":"https:\/\/www.diarioimagen.net\/?p=534647"},"modified":"2022-02-03T01:26:07","modified_gmt":"2022-02-03T07:26:07","slug":"onesimo-cepeda-y-jesusa-rodriguez","status":"publish","type":"post","link":"https:\/\/www.diarioimagen.net\/?p=534647","title":{"rendered":"On\u00e9simo Cepeda y Jesusa Rodr\u00edguez"},"content":{"rendered":"<h2>Espacio Electoral<\/h2>\n<h5>Eleazar Flores<\/h5>\n<p>&nbsp;<\/p>\n<p><strong>PURAS MALAS-.<\/strong> Para la Iglesia cat\u00f3lica y muchos mexicanos fue una mala noticia enterarse de la muerte del obispo fundador de la Di\u00f3cesis de Ecatepec, On\u00e9simo Cepeda, y para los paname\u00f1os, saber que nuestra\u00a0 embajadora en ese pa\u00eds centroamericano ser\u00e1 Jesusa Rodr\u00edguez, \u00bfganan con el cambio?<\/p>\n<p>Discutidos a m\u00e1s no poder, ambos personajes, aun cuando por motivos distintos. El obispo universitario por su evidente riqueza,\u00a0 liga y socio de quien fue hace tiempo el hombre m\u00e1s rico del mundo. Jesusa por su desempe\u00f1o poco edificante, tanto en teatro como en pol\u00edtica&#8230; Eso s\u00ed re\u00fane el diez por ciento de capacidad, \u00bfser\u00e1? y noventa por ciento de lealtad as\u00ed que\u2026<\/p>\n<p><strong>OBISPO-.<\/strong> Paradojas de la vida, pero a don On\u00e9simo Cepeda Silva no se le peg\u00f3 nada, o tal vez muy poco, de quien lo orden\u00f3 sacerdote en el seminario conciliar de Cuernavaca, el amante y practicante de la Teolog\u00eda de la Liberaci\u00f3n, monse\u00f1or Sergio M\u00e9ndez Arceo. Pudo ser que \u201ccastigado\u201d por Dios don On\u00e9simo haya nacido en cuna de nogal y a eso se deb\u00edan sus ligas con los poderes, econ\u00f3mico y pol\u00edtico.<\/p>\n<p>Adem\u00e1s de haber sido socio fundador del grupo Inbursa con Carlos Slim, el obispo de Ecatepec nunca ocult\u00f3 su nivel socioecon\u00f3mico, pues a los informes presidenciales o del gobernador mexiquense en turno, llegaba en su\u00a0 camioneta \u00faltimo modelo, presumiendo no cobrar la impartici\u00f3n sacramental y s\u00ed en cambio ayudar a su feligres\u00eda necesitada.<\/p>\n<p>Nacido en 1937 en la capital del pa\u00eds, egresado de la UNAM, ordenado sacerdote en 1970 y, por disposici\u00f3n de Juan Pablo ll, consagrado obispo en 1995, por otro ministro discutido, el nuncio apost\u00f3lico Girolamo Prigione, don On\u00e9simo se aboc\u00f3 a crear la Di\u00f3cesis de Ecatepec, dividiendo su ministerio con la atenci\u00f3n a sus actividades en una casa de bolsa de su propiedad y dem\u00e1s funciones bancarias.<\/p>\n<p>El 8 de mayo de 2012 renuncia por cuestiones de edad, fracasando en 2021 en sus intentos por buscar una diputaci\u00f3n federal plurinominal. Discutido hasta en sus \u00faltimos a\u00f1os.<\/p>\n<p><strong>\u00bfLLEGAR\u00c1 JESUSA?-.<\/strong> La activista, artista y directora de teatro Laura Mar\u00eda de Jes\u00fas Rodr\u00edguez Ram\u00edrez ha sido propuesta como embajadora de M\u00e9xico en Panam\u00e1, en sustituci\u00f3n del rechazado Pedro Agust\u00edn Salmer\u00f3n Sangin\u00e9s, quien inexplicablemente y en forma por dem\u00e1s extempor\u00e1nea env\u00eda al padre de la Cuarta Transformaci\u00f3n su \u201crenuncia\u201d a un cargo al que jam\u00e1s lleg\u00f3.<\/p>\n<p>Jesusa Rodr\u00edguez, habitante del paradisiaco y car\u00edsimo San Miguel de Allende, podr\u00eda correr el mismo riesgo que Salmer\u00f3n, por emplearse el mismo procedimiento desaseado.<\/p>\n<p>Teniendo fresco el rechazo anterior, debi\u00f3 primero pedirse el \u201cplacet\u201d del gobierno paname\u00f1o, como se\u00f1alan los c\u00e1nones, pero no.<\/p>\n<p>\u00bfEbrard estar\u00e1 de florero solamente? o de plano es novato.<\/p>\n<p><em><a href=\"mailto:elefa44@gmail.com\" target=\"_blank\" rel=\"noopener noreferrer\">elefa44@gmail.com<\/a><\/em><\/p>\n","protected":false},"excerpt":{"rendered":"<p><span style=\"color: #005497;\"><strong>Eleazar Flores<\/strong><\/span><\/p>\n","protected":false},"author":3,"featured_media":0,"comment_status":"open","ping_status":"open","sticky":false,"template":"","format":"standard","meta":{"_monsterinsights_skip_tracking":false,"_monsterinsights_sitenote_active":false,"_monsterinsights_sitenote_note":"","_monsterinsights_sitenote_category":0,"footnotes":""},"categories":[81743],"tags":[81744,81776,43674],"class_list":["post-534647","post","type-post","status-publish","format-standard","hentry","category-eleazar-flores","tag-eleazar-flores","tag-espacio-electoral","tag-opinion"],"_links":{"self":[{"href":"https:\/\/www.diarioimagen.net\/index.php?rest_route=\/wp\/v2\/posts\/534647","targetHints":{"allow":["GET"]}}],"collection":[{"href":"https:\/\/www.diarioimagen.net\/index.php?rest_route=\/wp\/v2\/posts"}],"about":[{"href":"https:\/\/www.diarioimagen.net\/index.php?rest_route=\/wp\/v2\/types\/post"}],"author":[{"embeddable":true,"href":"https:\/\/www.diarioimagen.net\/index.php?rest_route=\/wp\/v2\/users\/3"}],"replies":[{"embeddable":true,"href":"https:\/\/www.diarioimagen.net\/index.php?rest_route=%2Fwp%2Fv2%2Fcomments&post=534647"}],"version-history":[{"count":0,"href":"https:\/\/www.diarioimagen.net\/index.php?rest_route=\/wp\/v2\/posts\/534647\/revisions"}],"wp:attachment":[{"href":"https:\/\/www.diarioimagen.net\/index.php?rest_route=%2Fwp%2Fv2%2Fmedia&parent=534647"}],"wp:term":[{"taxonomy":"category","embeddable":true,"href":"https:\/\/www.diarioimagen.net\/index.php?rest_route=%2Fwp%2Fv2%2Fcategories&post=534647"},{"taxonomy":"post_tag","embeddable":true,"href":"https:\/\/www.diarioimagen.net\/index.php?rest_route=%2Fwp%2Fv2%2Ftags&post=534647"}],"curies":[{"name":"wp","href":"https:\/\/api.w.org\/{rel}","templated":true}]}}