{"id":534799,"date":"2022-02-04T00:04:13","date_gmt":"2022-02-04T06:04:13","guid":{"rendered":"https:\/\/www.diarioimagen.net\/?p=534799"},"modified":"2022-02-04T02:18:06","modified_gmt":"2022-02-04T08:18:06","slug":"diplomacia-y-futbol","status":"publish","type":"post","link":"https:\/\/www.diarioimagen.net\/?p=534799","title":{"rendered":"Diplomacia y futbol"},"content":{"rendered":"<h2>Desde el portal<\/h2>\n<h5>\u00c1ngel Soriano<\/h5>\n<p>&nbsp;<\/p>\n<p>M\u00e9xico entrar\u00e1, en breve, en la disputa mundial por el comercio luego de que se ponga en marcha el corredor interoce\u00e1nico en el Istmo de Tehuantepec, lo cual significar\u00e1 una competencia para el Canal de Panam\u00e1, y aunque este pa\u00eds tiene la tecnolog\u00eda y la experiencia suficiente en la materia, no deja de ser sensible en un rubro que domina durante d\u00e9cadas.<\/p>\n<p>Y no es, evidentemente, una competencia abarrotera: Se trata del aprovechamiento de la situaci\u00f3n geogr\u00e1fica privilegiada para las naciones en lo que la naturaleza dio a cada quien. Sin embargo, no deja de tener presencia significativa en la lucha mundial geopol\u00edtica por el dominio y posesi\u00f3n de territorios.<\/p>\n<p>Por ello, no hay quien relacione esta situaci\u00f3n por el aparente conflicto derivado del rechazo a la nominaci\u00f3n de Pedro Salmer\u00f3n como embajador de M\u00e9xico en Panam\u00e1 y la rectificaci\u00f3n en favor de la activista Jesusa Rodr\u00edguez, ambos de pol\u00e9mica trayectoria por sus inclinaciones sexuales -inapropiadas para muchos- que lastiman a los paname\u00f1os.<\/p>\n<p>Y a esta disputa se sum\u00f3 el triunfo de M\u00e9xico, en futbol, de 1-0 sobre Panam\u00e1, lo cual viene a emparejar las carreras entre los dos pa\u00edses que, sin duda, ser\u00e1n superados, pues son coincidentes en los que, por un lado, interviene la caprichosa geograf\u00eda, la poca atinada diplomacia y la afici\u00f3n por futbol.<\/p>\n<p style=\"text-align: center;\"><strong>Turbulencias<br \/>\nEl litio, en el terreno de la disputa mundial<\/strong><\/p>\n<p>\u00a0El presidente Andr\u00e9s Manuel L\u00f3pez Obrador advirti\u00f3 que M\u00e9xico no ser\u00e1 tierra de conflictos entre las potencias -Rusia, China, EU- por la posesi\u00f3n de litio, luego de que la empresa china Ganfeng obtuvo en lo oscurito una concesi\u00f3n para su explotaci\u00f3n minera bajo una concesi\u00f3n a una filiar en Caborca. Esto se investigar\u00e1, adelant\u00f3 el Presidente al saberse que altos funcionarios de COFECE otorgaron tal concesi\u00f3n. De acuerdo a las investigaciones sobre el llamado oro blanco del siglo XXI, M\u00e9xico posee ese recurso en mayor proporci\u00f3n que el tri\u00e1ngulo del litio ubicado en Argentina-Chile y Bolivia. Una empresa nacional, como Pemex, se encargar\u00e1 de su explotaci\u00f3n en beneficio del pa\u00eds, adelant\u00f3 el presidente\u2026 En Oaxaca, la presidenta de la Jucopo del Congreso local, Laura Estrada, pidi\u00f3 al gobernador Alejandro Murat enviar de inmediato una terna para integrar la Comisi\u00f3n de Atenci\u00f3n a V\u00edctimas, ac\u00e9fala desde hace 4 a\u00f1os\u2026 Y el mismo gobernador Murat se encarg\u00f3 de anunciar millonaria inversi\u00f3n para transformar el sur de la ciudad de Oaxaca, que pese a contar con los recursos naturales y tur\u00edsticos suficientes, densidad de poblaci\u00f3n y v\u00edas de comunicaci\u00f3n, se mantiene en el rezago. La zona sur comprende una vasta zona tur\u00edstica que incluye el aeropuerto, universidades, Congreso Local y las riberas del r\u00edo Atoyac, pero que no se ha podido aprovechar por negligencia, falta de visi\u00f3n y omisi\u00f3n de los sucesivos gobernantes. Ahora el gobernador Alejandro Murat lo har\u00e1 y transformar\u00e1 lo que es una de las zonas m\u00e1s atractivas del Valle de Oaxaca\u2026 El presidente L\u00f3pez Obrador enfrenta una dura embestida por la casa de Houston que habit\u00f3 su hijo Jos\u00e9 Ram\u00f3n y que es propiedad de un contratista de Pemex. Acostumbrado a las acometidas a lo largo de su vasta trayectoria como dirigente social, habr\u00e1 qu\u00e9 ver c\u00f3mo supera los ataques que se han centrado sobre la vida sentimental del joven tabasque\u00f1o. Y en defensa del tambi\u00e9n atacado\u00a0 Hugo L\u00f3pez-Gatell, el mandatario ha se\u00f1alado que sus adversarios pensaron que \u201ciban a agarrar pollito, pero les result\u00f3 gallo\u201d. Y es cierto, L\u00f3pez-Gatell no se ha intimidado antes los ataques infundados, pues la pandemia barre a nivel mundial y ni las potencias ni los cient\u00edficos han podido con ella. No es culpa ni responsabilidad de una sola persona\u2026<\/p>\n<p><u><a href=\"mailto:asorianocarrasco@yahoo.com\" target=\"_blank\" rel=\"noopener noreferrer\"><em>asorianocarrasco@yahoo.com<\/em><\/a><br \/>\n<em><a href=\"https:\/\/revistabrecha.com\" target=\"_blank\" rel=\"noopener noreferrer\">www.revistabrecha.com<\/a><br \/>\n<a href=\"https:\/\/twitter.com\/brecharevista\" target=\"_blank\" rel=\"noopener noreferrer\">@BrechaRevista<\/a><\/em><\/u><\/p>\n","protected":false},"excerpt":{"rendered":"<p><span style=\"color: #005497;\"><strong>\u00c1ngel Soriano<\/strong><\/span><\/p>\n","protected":false},"author":3,"featured_media":0,"comment_status":"open","ping_status":"open","sticky":false,"template":"","format":"standard","meta":{"_monsterinsights_skip_tracking":false,"_monsterinsights_sitenote_active":false,"_monsterinsights_sitenote_note":"","_monsterinsights_sitenote_category":0,"footnotes":""},"categories":[135],"tags":[85,86,43674],"class_list":["post-534799","post","type-post","status-publish","format-standard","hentry","category-angel-soriano-opinion","tag-angel-soriano","tag-desde-el-portal","tag-opinion"],"_links":{"self":[{"href":"https:\/\/www.diarioimagen.net\/index.php?rest_route=\/wp\/v2\/posts\/534799","targetHints":{"allow":["GET"]}}],"collection":[{"href":"https:\/\/www.diarioimagen.net\/index.php?rest_route=\/wp\/v2\/posts"}],"about":[{"href":"https:\/\/www.diarioimagen.net\/index.php?rest_route=\/wp\/v2\/types\/post"}],"author":[{"embeddable":true,"href":"https:\/\/www.diarioimagen.net\/index.php?rest_route=\/wp\/v2\/users\/3"}],"replies":[{"embeddable":true,"href":"https:\/\/www.diarioimagen.net\/index.php?rest_route=%2Fwp%2Fv2%2Fcomments&post=534799"}],"version-history":[{"count":0,"href":"https:\/\/www.diarioimagen.net\/index.php?rest_route=\/wp\/v2\/posts\/534799\/revisions"}],"wp:attachment":[{"href":"https:\/\/www.diarioimagen.net\/index.php?rest_route=%2Fwp%2Fv2%2Fmedia&parent=534799"}],"wp:term":[{"taxonomy":"category","embeddable":true,"href":"https:\/\/www.diarioimagen.net\/index.php?rest_route=%2Fwp%2Fv2%2Fcategories&post=534799"},{"taxonomy":"post_tag","embeddable":true,"href":"https:\/\/www.diarioimagen.net\/index.php?rest_route=%2Fwp%2Fv2%2Ftags&post=534799"}],"curies":[{"name":"wp","href":"https:\/\/api.w.org\/{rel}","templated":true}]}}