{"id":534808,"date":"2022-02-04T00:03:31","date_gmt":"2022-02-04T06:03:31","guid":{"rendered":"https:\/\/www.diarioimagen.net\/?p=534808"},"modified":"2022-02-04T02:24:32","modified_gmt":"2022-02-04T08:24:32","slug":"amlo-hijo-y-amistades","status":"publish","type":"post","link":"https:\/\/www.diarioimagen.net\/?p=534808","title":{"rendered":"AMLO, hijo y amistades"},"content":{"rendered":"<h2>Espacio Electoral<\/h2>\n<h5>Eleazar Flores<\/h5>\n<p>&nbsp;<\/p>\n<p><strong>VALE RECORDAR-.<\/strong> Jos\u00e9 Ram\u00f3n L\u00f3pez Beltr\u00e1n, hijo mayor de Andr\u00e9s Manuel L\u00f3pez Obrador, \u201ctrabaj\u00f3\u201d en el Estado de M\u00e9xico los a\u00f1os 2017 y 2018 como \u201cdelegado\u201d de Morena, sin nombramiento, pero de facto, a qui\u00e9n se le cuadraban todos los pol\u00edticos acompa\u00f1antes de su candidata Delfina G\u00f3mez y en 2018, por la presidencial.<\/p>\n<p>Jes\u00fasa Rodr\u00edguez, que califica de ignorantes a las mujeres cat\u00f3licas mexicanas, pero m\u00e1s a\u00fan, la que les da los mismos derechos a vacas y marranas, seg\u00fan lo ha dicho hasta en el Poder Legislativo, dif\u00edcilmente llegar\u00e1 como embajadora a Panam\u00e1, por el desaseo imperante en la propuesta presidencial.<\/p>\n<p><strong>EL HIJO-.<\/strong> Como mayor de edad que es, Jos\u00e9 Ram\u00f3n L\u00f3pez Beltr\u00e1n puede hacer y vivir como quiera, as\u00ed su estilo personal y familiar sea totalmente antag\u00f3nico a la austeridad republicana \u2014\u00bfpor eso se ir\u00eda a USA?\u2014 y m\u00e1s a\u00fan a la pobreza franciscana, tem\u00e1ticas frecuentes de las homil\u00edas ma\u00f1aneras predicadas desde Palacio Nacional, un d\u00eda s\u00ed y otro tambi\u00e9n.<\/p>\n<p>El gran misterio a descubrir es el modus vivendi de Jos\u00e9 Ram\u00f3n en esos a\u00f1os de desempleo, pues recuerde que en Morena \u201cya no es como antes\u201d. Si eso le inquieta, imag\u00ednese c\u00f3mo o de qu\u00e9 han de vivir los otros hermanos, Jes\u00fas Ernesto y Gonzalo Alfonso. Del \u00faltimo hijo ni se preocupe, es menor de edad, al amparo familiar.<\/p>\n<p>Investigar de posibles ilegalidades y conflictos de inter\u00e9s de Jos\u00e9 Ram\u00f3n y de la esposa, ni empiecen, no van a encontrar nada malo y prueba de ello es que cuando estuvo manejando recursos y dem\u00e1s en la campa\u00f1a estatal y presidencial en el Estado de M\u00e9xico tampoco se le descubri\u00f3 nada pernicioso, no obstante el caudal de recursos manejados.<\/p>\n<p><strong>JESUSA NO LLEGAR\u00c1-.<\/strong> Gracias a los correos y \u201cguatsaps\u201d enviados a este espacio por haber adelantado d\u00edas antes el rechazo paname\u00f1o a la propuesta de Salmer\u00f3n como embajador, cuando aqu\u00ed ni se esperaba.<\/p>\n<p>Tambi\u00e9n por el descubrimiento de la \u201cmaquinaria educativa reformista\u201d comandada por Marx Arriaga, para desechar el lenguaje neoliberal de los actuales textos de libro para educaci\u00f3n b\u00e1sica, lo que llevar\u00e1 este y el a\u00f1o pr\u00f3ximo, no m\u00e1s.<\/p>\n<p>Volviendo con la segunda propuesta presidencial en favor de Laura Mar\u00eda de Jes\u00fas Rodr\u00edguez Ram\u00edrez, no le dar\u00e1 el \u201cpl\u00e1cet\u201d el gobierno paname\u00f1o, el Senado mexicano lo analizar\u00e1, pero algo m\u00e1s fuerte ser\u00e1 la oposici\u00f3n de las redes sociales y grupos activistas, que nada tendr\u00e1n que ver con la equidad de g\u00e9nero.<\/p>\n<p>La bandera del gobierno paname\u00f1o ser\u00e1 por el calificativo de \u201csanta inquisici\u00f3n\u201d que el padre de la Cuarta Transformaci\u00f3n dio a dicho gobierno.<\/p>\n<p>Por si fuera poco, el ex presidente paname\u00f1o Ernesto P\u00e9rez Balladares tambi\u00e9n ya opin\u00f3 en contra.<\/p>\n<p>Nuestro nivel de diplomacia es bajo, ser\u00e1 \u00bfno Ebrard?<\/p>\n<p><em><a href=\"mailto:elefa44@gmail.com\" target=\"_blank\" rel=\"noopener noreferrer\">elefa44@gmail.com<\/a><\/em><\/p>\n","protected":false},"excerpt":{"rendered":"<p><span style=\"color: #005497;\"><strong>Eleazar Flores<\/strong><\/span><\/p>\n","protected":false},"author":3,"featured_media":0,"comment_status":"open","ping_status":"open","sticky":false,"template":"","format":"standard","meta":{"_monsterinsights_skip_tracking":false,"_monsterinsights_sitenote_active":false,"_monsterinsights_sitenote_note":"","_monsterinsights_sitenote_category":0,"footnotes":""},"categories":[81743],"tags":[81744,81776,43674],"class_list":["post-534808","post","type-post","status-publish","format-standard","hentry","category-eleazar-flores","tag-eleazar-flores","tag-espacio-electoral","tag-opinion"],"_links":{"self":[{"href":"https:\/\/www.diarioimagen.net\/index.php?rest_route=\/wp\/v2\/posts\/534808","targetHints":{"allow":["GET"]}}],"collection":[{"href":"https:\/\/www.diarioimagen.net\/index.php?rest_route=\/wp\/v2\/posts"}],"about":[{"href":"https:\/\/www.diarioimagen.net\/index.php?rest_route=\/wp\/v2\/types\/post"}],"author":[{"embeddable":true,"href":"https:\/\/www.diarioimagen.net\/index.php?rest_route=\/wp\/v2\/users\/3"}],"replies":[{"embeddable":true,"href":"https:\/\/www.diarioimagen.net\/index.php?rest_route=%2Fwp%2Fv2%2Fcomments&post=534808"}],"version-history":[{"count":0,"href":"https:\/\/www.diarioimagen.net\/index.php?rest_route=\/wp\/v2\/posts\/534808\/revisions"}],"wp:attachment":[{"href":"https:\/\/www.diarioimagen.net\/index.php?rest_route=%2Fwp%2Fv2%2Fmedia&parent=534808"}],"wp:term":[{"taxonomy":"category","embeddable":true,"href":"https:\/\/www.diarioimagen.net\/index.php?rest_route=%2Fwp%2Fv2%2Fcategories&post=534808"},{"taxonomy":"post_tag","embeddable":true,"href":"https:\/\/www.diarioimagen.net\/index.php?rest_route=%2Fwp%2Fv2%2Ftags&post=534808"}],"curies":[{"name":"wp","href":"https:\/\/api.w.org\/{rel}","templated":true}]}}