{"id":534817,"date":"2022-02-04T00:12:20","date_gmt":"2022-02-04T06:12:20","guid":{"rendered":"https:\/\/www.diarioimagen.net\/?p=534817"},"modified":"2022-02-04T02:30:53","modified_gmt":"2022-02-04T08:30:53","slug":"va-gertz-por-julio-scherer-jr","status":"publish","type":"post","link":"https:\/\/www.diarioimagen.net\/?p=534817","title":{"rendered":"\u00bfVa Gertz por Julio Scherer Jr?\u00a0"},"content":{"rendered":"<h2>Tras la puerta del poder<\/h2>\n<h5>Roberto Vizca\u00edno<\/h5>\n<p>&nbsp;<\/p>\n<p>Ayer trascendi\u00f3, v\u00eda un importante portal noticioso, que el fiscal\u00a0<strong>Alejandro Gertz Manero<\/strong>\u00a0denunci\u00f3 ante un juez por tr\u00e1fico de influencia, lavado de dinero, asociaci\u00f3n delictuosa y extorsi\u00f3n a cuatro abogados de un despacho vinculado a\u00a0<strong>Julio Scherer Ibarra<\/strong>, ex jefe del jur\u00eddico del presidente\u00a0<strong>Andr\u00e9s Manuel L\u00f3pez Obrador<\/strong>.<\/p>\n<p>En su denuncia, la Fiscal\u00eda General de\u00a0<strong>Gertz Manero\u00a0<\/strong>indica que esos abogados negociaban con grandes empresas y personajes el\u00a0<strong><em>arreglo <\/em><\/strong>de sus conflictos penales y, en especial, la soluci\u00f3n de denuncias fiscales, a trav\u00e9s de la oficina de <strong>Scherer<\/strong> en Palacio Nacional.<\/p>\n<p>No es la primera vez que el hijo del ex director de <em>Exc\u00e9lsior<\/em> y fundador de <em>Proceso<\/em> atrae la atenci\u00f3n de las autoridades judiciales. Apenas a finales de 2021 fue mencionado por el Consorcio Internacional de Periodistas de Investigaci\u00f3n al revelar que su nombre estaba en los \u201cPandora Papers\u201d, al lado de otros mexicanos sacad\u00f3lares.<\/p>\n<p>Igualmente, fue involucrado en temas de peculado y corrupci\u00f3n cuando dirig\u00eda organismos gubernamentales en administraciones priistas.<\/p>\n<p>El despacho de los cuatro abogados denunciados ahora, ligados a\u00a0<strong>Scherer Ibarra<\/strong>\u00a0podr\u00edan haber tramitado, bajo el esquema de tr\u00e1fico de influencias, los casos penales m\u00e1s sobresalientes de la actual administraci\u00f3n como son: Agronitrogenados, OHL y la \u201cestafa maestra\u201d.<\/p>\n<p>Publicado por el portal\u00a0<strong><em>Animal Pol\u00edtico<\/em><\/strong>, el caso fue comentado durante el noticiario de ayer de\u00a0<strong>Ciro G\u00f3mez Leyva<\/strong>\u00a0donde el ex presidente del PAN y actual senador por Morena, autodeclarado independiente a fines del 2021, el michoacano\u00a0<strong>Germ\u00e1n Mart\u00ednez<\/strong>\u00a0se\u00f1al\u00f3 que este tema era la comidilla desde hace rato en el medio de la abogac\u00eda en M\u00e9xico.<\/p>\n<p>De acuerdo a la informaci\u00f3n del portal, el despacho origen de la indagatoria es\u00a0\u00a0\u00ab<strong><em>Araujo, Gonz\u00e1lez, Peimbert, Robledo y Carranc\u00e1<\/em><\/strong>\u00bb al que perteneci\u00f3\u00a0<strong>Scherer<\/strong>. El abogado\u00a0<strong>Juan Antonio Araujo Rivapalacio\u00a0<\/strong>niega los cargos y denuncia a su vez que la Fiscal\u00eda les ha negado el acceso al expediente de su caso.<\/p>\n<p>La carpeta incluye a\u00a0<strong>C\u00e9sar Omar Gonz\u00e1lez Hern\u00e1ndez,<\/strong>\u00a0<strong>David G\u00f3mez Arnau<\/strong>\u00a0e\u00a0<strong>Isaac P\u00e9rez Rodr\u00edguez<\/strong>, quienes deber\u00e1n presentarse a una audiencia por videoconferencia el 28 de febrero ante el juez\u00a0<strong>Jos\u00e9 Rivas Gonz\u00e1lez<\/strong>.<\/p>\n<p>Todo corre bajo el expediente FGR\/FEECOC\/UEIDCSPCAJ\/SP\/036\/2021, a partir de una denuncia presentada ante esta instancia por el hermano del abogado\u00a0<strong>Juan Collado<\/strong>\u00a0(hoy en prisi\u00f3n acusado por delincuencia organizada y lavado de dinero).<\/p>\n<p>De acuerdo a los hechos denunciados, los cuatro negociaban la entrega de sumas considerables de dinero para que\u00a0<strong>Scherer <\/strong>tramitara desde su despacho en Palacio un supuesto\u00a0<em>criterio de oportunidad<\/em>\u00a0con lo cual los demandados -como el famoso licenciado\u00a0<strong>Juan Collado<\/strong>&#8211; pudieran enfrentar su proceso en libertad.<\/p>\n<p>El Ministerio P\u00fablico de la Unidad Especializada de Investigaci\u00f3n en Delitos Cometidos por Servidores P\u00fablicos y contra la Administraci\u00f3n de Justicia de la Fiscal\u00eda de <strong>Gertz Manero<\/strong> destinado al caso de los cuatro abogados cercanos a\u00a0<strong>Scherer Ibarra<\/strong>, dijo contar con elementos suficientes ya que incluso existen aportaciones de dinero de fuentes cercanas a <strong>Collado<\/strong>, con lo cual se confirma la extorsi\u00f3n.<\/p>\n<p>Ello es parte de la causa penal 550\/2021.<\/p>\n<p style=\"text-align: center;\"><strong>Marcelo y Monreal\u00a0<\/strong><\/p>\n<p>Ayer, mientras el embajador de Estados Unidos, Ken Salazar, dialogaba con diputados federales de todas las fracciones, pero com\u00eda en privado con los del PRI,\u00a0<strong>Marcelo Ebrard<\/strong>, titular de Relaciones Exteriores -y se\u00f1alado por su jefe\u00a0<strong>Andr\u00e9s Manuel L\u00f3pez Obrador<\/strong>\u00a0como uno de sus posibles sucesores-, se reun\u00eda en privado con\u00a0<strong>Ricardo Monreal<\/strong>, l\u00edder de los morenistas en el Senado y presidente de la Junta de Coordinaci\u00f3n Pol\u00edtica y quien afirma estar\u00e1 en la boleta de la presidencial de 2024.<\/p>\n<p>Oficialmente, la conversaci\u00f3n entre ambos fue sobre la agenda legislativa sobre migraci\u00f3n, seguridad, tratados comerciales y designaciones de embajadores y c\u00f3nsules de M\u00e9xico en el extranjero.<\/p>\n<p>En este periodo que termina a fines de abril, el Senado deber\u00e1 tramitar 16 propuestas de embajadores y c\u00f3nsules del presidente\u00a0<strong>L\u00f3pez Obrador, <\/strong>algunos de los cuales han generado cuestionamientos no s\u00f3lo en M\u00e9xico, sino en las naciones a los que han sido asignados.<\/p>\n<p>Entre ellos se encuentran la ex gobernadora de Sonora, la priista\u00a0<strong>Claudia Pavlovich<\/strong>\u00a0y los ex gobernadores del mismo partido en Campeche y en Sinaloa,\u00a0<strong>Carlos Miguel Aysa<\/strong>\u00a0y\u00a0<strong>Quirino Ordaz<\/strong>. A \u00faltimo momento, en sustituci\u00f3n de\u00a0<strong>Pedro Salmer\u00f3n <\/strong>-quien fue rechazado por el Gobierno de Panam\u00e1-, se ha incluido el nombre de la tambi\u00e9n pol\u00e9mica\u00a0<strong>Jesusa Rodr\u00edguez<\/strong>, actriz y senadora suplente de\u00a0<strong>Olga S\u00e1nchez Cordero<\/strong>, hoy presidenta del Senado.<\/p>\n<p>La fracci\u00f3n de Acci\u00f3n Nacional ha adelantado que votar\u00e1 en contra de estos personajes.\u00a0<strong>Monreal<\/strong>\u00a0se comprometi\u00f3 a dialogar con los miembros de las comisiones de Relaciones Exteriores y los coordinadores de los grupos parlamentarios en busca del voto de aprobaci\u00f3n de estos nombramientos.<\/p>\n<p><em><a href=\"mailto:rvizcainoa@gmail.com\" target=\"_blank\" rel=\"noopener noreferrer\">vizcainoa@gmail.com<\/a><br \/>\n<a href=\"http:\/\/endirecto.mx\" target=\"_blank\" rel=\"noopener noreferrer\">www.endirecto.mx<\/a><br \/>\n<a href=\"https:\/\/twitter.com\/_rvizcaino\" target=\"_blank\" rel=\"noopener noreferrer\">@_RVizcaino<\/a><br \/>\n<a href=\"https:\/\/www.facebook.com\/rvizcainoa\" target=\"_blank\" rel=\"noopener noreferrer\">facebook.com\/rvizcainoa<\/a><\/em><\/p>\n","protected":false},"excerpt":{"rendered":"<p><span style=\"color: #005497;\"><strong>Roberto Vizca\u00edno<\/strong><\/span><br \/>\n<br \/>\nAyer trascendi\u00f3, v\u00eda un importante portal noticioso, que el fiscal <strong>Alejandro Gertz Manero<\/strong> denunci\u00f3 ante un juez por tr\u00e1fico de influencia, lavado de dinero, asociaci\u00f3n delictuosa y extorsi\u00f3n a cuatro abogados de un despacho vinculado a <strong>Julio Scherer Ibarra<\/strong>, ex jefe del jur\u00eddico del presidente <strong>Andr\u00e9s Manuel L\u00f3pez Obrador<\/strong>.<\/p>\n","protected":false},"author":3,"featured_media":0,"comment_status":"open","ping_status":"open","sticky":false,"template":"","format":"standard","meta":{"_monsterinsights_skip_tracking":false,"_monsterinsights_sitenote_active":false,"_monsterinsights_sitenote_note":"","_monsterinsights_sitenote_category":0,"footnotes":""},"categories":[136],"tags":[43674,93,94],"class_list":["post-534817","post","type-post","status-publish","format-standard","hentry","category-roberto-vizcaino-opinion","tag-opinion","tag-roberto-vizcaino","tag-tras-la-puerta-del-poder"],"_links":{"self":[{"href":"https:\/\/www.diarioimagen.net\/index.php?rest_route=\/wp\/v2\/posts\/534817","targetHints":{"allow":["GET"]}}],"collection":[{"href":"https:\/\/www.diarioimagen.net\/index.php?rest_route=\/wp\/v2\/posts"}],"about":[{"href":"https:\/\/www.diarioimagen.net\/index.php?rest_route=\/wp\/v2\/types\/post"}],"author":[{"embeddable":true,"href":"https:\/\/www.diarioimagen.net\/index.php?rest_route=\/wp\/v2\/users\/3"}],"replies":[{"embeddable":true,"href":"https:\/\/www.diarioimagen.net\/index.php?rest_route=%2Fwp%2Fv2%2Fcomments&post=534817"}],"version-history":[{"count":0,"href":"https:\/\/www.diarioimagen.net\/index.php?rest_route=\/wp\/v2\/posts\/534817\/revisions"}],"wp:attachment":[{"href":"https:\/\/www.diarioimagen.net\/index.php?rest_route=%2Fwp%2Fv2%2Fmedia&parent=534817"}],"wp:term":[{"taxonomy":"category","embeddable":true,"href":"https:\/\/www.diarioimagen.net\/index.php?rest_route=%2Fwp%2Fv2%2Fcategories&post=534817"},{"taxonomy":"post_tag","embeddable":true,"href":"https:\/\/www.diarioimagen.net\/index.php?rest_route=%2Fwp%2Fv2%2Ftags&post=534817"}],"curies":[{"name":"wp","href":"https:\/\/api.w.org\/{rel}","templated":true}]}}