{"id":534917,"date":"2022-02-07T00:13:06","date_gmt":"2022-02-07T06:13:06","guid":{"rendered":"https:\/\/www.diarioimagen.net\/?p=534917"},"modified":"2022-02-07T22:27:21","modified_gmt":"2022-02-08T04:27:21","slug":"quintana-roo-retoma-semaforo-amarillo-se-pide-responsabilidad","status":"publish","type":"post","link":"https:\/\/www.diarioimagen.net\/?p=534917","title":{"rendered":"Quintana Roo retoma sem\u00e1foro amarillo; se pide responsabilidad"},"content":{"rendered":"<h2>Derecho de r\u00e9plica<\/h2>\n<h5>Jos\u00e9 Luis Monta\u00f1ez<\/h5>\n<p>&nbsp;<\/p>\n<ul>\n<li><strong><em>Disminuye la incidencia de contagios por Covid-19<\/em><\/strong><\/li>\n<\/ul>\n<p>&nbsp;<\/p>\n<div id=\"attachment_535020\" style=\"width: 470px\" class=\"wp-caption aligncenter\"><a href=\"https:\/\/www.diarioimagen.net\/?attachment_id=535020\" rel=\"attachment wp-att-535020\"><img loading=\"lazy\" decoding=\"async\" aria-describedby=\"caption-attachment-535020\" class=\"size-full wp-image-535020\" src=\"https:\/\/www.diarioimagen.net\/wp-content\/uploads\/2022\/02\/derecho-4.jpg\" alt=\"\" width=\"460\" height=\"270\" \/><\/a><p id=\"caption-attachment-535020\" class=\"wp-caption-text\">Quintana Roo regresa a sem\u00e1foro amarillo de riesgo epidemiol\u00f3gico, a partir de este lunes.<\/p><\/div>\n<p>&nbsp;<\/p>\n<p>Despu\u00e9s de poco m\u00e1s de un mes de alza constante en cuanto al n\u00famero de nuevos contagios a Covid-19, en lo que se ha tomado como la cuarta ola de la nueva enfermedad en el pa\u00eds, por fin se empieza a ver una disminuci\u00f3n de casos en algunos estados, incluido Quintana Roo, donde a partir de este lunes se retoma el sem\u00e1foro epidemiol\u00f3gico en color amarillo y con ello nuevas disposiciones y menos restricciones en todos los sectores, no obstante, el gobierno estatal, pide prudencia y responsabilidad.<\/p>\n<p>De tal manera, que el estado regresa al color amarillo durante la semana del 7 al 13 de febrero, ante la reducci\u00f3n en la tasa de contagios y disminuci\u00f3n en la ocupaci\u00f3n hospitalaria, confirm\u00f3 el gobernador Carlos Joaqu\u00edn. \u201cLa participaci\u00f3n de las y los quintanarroenses provoc\u00f3 una disminuci\u00f3n en la tasa de contagios, lo que permite cambiar el color en el sem\u00e1foro, \u201csin embargo, no se debe bajar la guardia ni confiarnos para relajar protocolos, medidas y h\u00e1bitos que permiten convivir con el coronavirus\u201d, dijo.<\/p>\n<p>Y si bien, manifest\u00f3 que regresar al color amarillo significa mayores oportunidades de avanzar m\u00e1s r\u00e1pido en la recuperaci\u00f3n econ\u00f3mica, tambi\u00e9n bajo ninguna circunstancia de debe bajar la guardia en el uso de los h\u00e1bitos y las nuevas disposiciones para convivir con el coronavirus con el cuidado de la salud.<\/p>\n<p>Durante el programa Caminando Juntos, que se transmiti\u00f3 por el Sistema Quintanarroense de Comunicaci\u00f3n Social y las redes sociales de la Coordinaci\u00f3n General de Comunicaci\u00f3n, el gobernador Carlos Joaqu\u00edn explic\u00f3 que las curvas de contagios en los municipios tienen un notable descenso.<\/p>\n<p>Al dirigirse a la poblaci\u00f3n, el titular del Ejecutivo estatal exhort\u00f3 a continuar con lo que hemos aprendido y logrado en materia de prevenci\u00f3n para seguir cuidando la salud, pero principalmente recuperar y crear nuevos empleos, mejorar los ingresos para las familias y crecer a\u00fan m\u00e1s econ\u00f3micamente.<\/p>\n<p>\u201cEl llamado es continuar privilegiando el uso de los espacios abiertos, ventilar los sitios cerrados, seguir con los h\u00e1bitos como el lavado frecuente de manos, el uso del gel antibacterial, la sana distancia y el uso obligatorio del cubrebocas\u201d, asever\u00f3.<\/p>\n<p>El gobernador hizo un recuento de lo mucho que hemos aprendido sobre la Covid-19 desde hace dos a\u00f1os, que nos oblig\u00f3 a tomar acciones de emergencia, de confinamiento, de recuperaci\u00f3n y que hoy permiten convivir con el virus.<\/p>\n<p>Asimismo, hizo un recuento de las principales actividades realizadas durante la semana, as\u00ed como las medidas que se tomar\u00e1n en los pr\u00f3ximos d\u00edas durante la temporada de prohibici\u00f3n de la difusi\u00f3n de la propaganda gubernamental en todas sus modalidades.<\/p>\n<p style=\"text-align: center;\"><strong>Ocupaci\u00f3n hotelera, a la baja <\/strong><\/p>\n<p>Luego de culminar la exitosa temporada alta de invierno, la ocupaci\u00f3n de cuartos en los hoteles del norte de Quintana Roo se resiste a la baja de turismo y hasta el momento ha logrado mantenerse cerca del 60%, tanto en la Riviera Maya como en la zona de mayor afluencia de viajeros de Canc\u00fan, por lo que empresarios contin\u00faan lanzando ofertas y campa\u00f1as para atraer a los visitantes.<\/p>\n<p>Durante el fin de semana largo y del mes de febrero, la Riviera Maya logra registrar un repunte en su ocupaci\u00f3n hotelera con un 63% de ocupaci\u00f3n, luego de haber bajado hasta en un 59%, sin embargo, una vez concluido el puente vacacional se espera que una vez m\u00e1s las cifras se vayan a la baja considerablemente, as\u00ed lo confirm\u00f3 el Consejo de Promoci\u00f3n Tur\u00edstica de Quintana Roo, el cual refiere que en los primeros tres d\u00edas del mes hay un promedio del 61% de ocupaci\u00f3n en alrededor de 47 mil cuartos de hotel que se ubican en el destino.<\/p>\n<p>Fabiola V\u00e9lez L\u00f3pez, presidente del Comit\u00e9 de Peque\u00f1os Hoteles del Centro de Playa del Carmen, coment\u00f3 que \u201clas condiciones para el fin de semana largo fueron distintas, tras el anuncio del cambio a sem\u00e1foro color amarillo, lo que trajo mayor confianza de arribo a la Riviera Maya\u201d.<\/p>\n<p>A la conclusi\u00f3n de este primer fin de semana largo del a\u00f1o, esperan que por lo menos la ocupaci\u00f3n rebase el 65%. Pues durante el 1 de febrero, hubo un registro del 59.5%, el 2 fue de 60.8% y hasta el jueves pasado hab\u00eda un 63.3% con una marcada tendencia a la alza.<\/p>\n<p>\u201cEsperamos un repunte fuerte en sus servicios, porque comenz\u00f3 a llegar tambi\u00e9n el turismo regional de ciudades como M\u00e9rida, Chetumal y Campeche\u201d agreg\u00f3 Jos\u00e9 G\u00f3mez Burgos, secretario de la cooperativa tur\u00edstica del Mar Caribe.<\/p>\n<p>En el caso de Canc\u00fan, Puerto Morelos e Isla Mujeres, la ocupaci\u00f3n general se ubica en el 60%, con picos m\u00e1s altos en Canc\u00fan, que en los \u00faltimos d\u00edas ha alcanzado el 63%. El mes pasado, enero, la ocupaci\u00f3n promedio cerr\u00f3 en 64.3, de acuerdo con los datos de la Asociaci\u00f3n de hoteles del norte de la entidad.<\/p>\n<p style=\"text-align: center;\"><strong>Presentan a nuevo l\u00edder de hoteleros <\/strong><\/p>\n<p>Por otro lado, se inform\u00f3, que Jes\u00fas Almaguer Salazar es el nuevo Presidente del Consejo Directivo de la Asociaci\u00f3n de Hoteles de Canc\u00fan, Puerto Morelos e Isla Mujeres, para el periodo 2022\u201320225.<\/p>\n<p>Y manifest\u00f3 que entre sus prioridades al frente de los hoteleros, est\u00e1n el incrementar el n\u00famero de turistas que llegan a estos destinos, proteger los intereses de los inversionistas hoteleros y apoyar a los agremiados. \u201cPromocionar nuestros destinos buscando alianzas m\u00e1s all\u00e1 de los tour operadores y agencias de viajes; segmentar los mercados en leisure, grupos, bodas y romances y queremos hacer un trabajo puntual con cada una de las delegaciones, Puerto Morelos, Isla Mujeres, siempre en conjunto con los ayuntamientos\u201d, asever\u00f3.<\/p>\n<p>Por su parte, el gobernador Carlos Joaqu\u00edn, durante su mensaje dirigido a los socios hoteleros, reconoci\u00f3 la unidad del gremio en este proceso de renovaci\u00f3n de la directiva y expres\u00f3 que \u201cel gobierno del estado seguir\u00e1 trabajando con la iniciativa privada para salir delante de las circunstancias complicadas ocasionadas por la Covid-19, los huracanes y el sargazo. En el estado los empresarios del sector tur\u00edstico tuvieron que reinventarse, trabajar con mucha iniciativa y creatividad para fortalecer la atracci\u00f3n del turismo y la recuperaci\u00f3n de la econom\u00eda\u201d.<\/p>\n<p>Asimismo, el titular del Ejecutivo estatal declar\u00f3: \u201cEn la medida en la que se pueda lograr el trabajo unido y coordinado entre todos habr\u00e1 mayor oportunidad de tener destinos mucho m\u00e1s confiables, mucho m\u00e1s seguros, mucho m\u00e1s tranquilos, mucho m\u00e1s atractivos que permitan mayor inversi\u00f3n, generaci\u00f3n y creaci\u00f3n de empleo, desarrollo econ\u00f3mico y social\u201d.<\/p>\n<p>Mientras tanto, Miguel Torruco Marqu\u00e9s, secretario de Turismo a nivel Federal, celebr\u00f3 que \u201cQuintana Roo es una entidad que mantiene al sector hotelero de manera organizada, lo que ha permitido una recuperaci\u00f3n del destino, luego de la cancelaci\u00f3n de vuelos y cruceros, desde y hacia destinos importantes del mundo lo que dej\u00f3 de manera global una contracci\u00f3n del 73% de la llegada de turistas internacionales al pa\u00eds\u201d.<\/p>\n<p style=\"text-align: center;\"><strong>Que se reforzar\u00e1 seguridad en hoteles <\/strong><\/p>\n<p>Sobre los recientes actos delictivos en la entidad, donde los criminales han protagonizado balaceras y asesinatos en puntos tur\u00edsticos, el nuevo Presidente de la Asociaci\u00f3n de Hoteles de Canc\u00fan, Puerto Morelos e Isla Mujeres, Jes\u00fas Almaguer Salazar, advirti\u00f3: \u201cLos hoteles cuentan con esquemas y sistemas de seguridad para prevenir incidentes, sin embargo, c\u00f3mo es posible pudieron salir los dos presuntos delincuentes de un pa\u00eds\u201d, en alusi\u00f3n a los dos canadienses asesinados en Xcaret, el 21 de enero pasado.<\/p>\n<p>A\u00f1adi\u00f3 tambi\u00e9n sobre el tema que pas\u00f3 en semanas pasadas. \u201cPrimero habr\u00eda que preguntarse c\u00f3mo salieron delincuentes de su pa\u00eds, c\u00f3mo permitieron en su pa\u00eds que salieran, porque est\u00e1 comprobado que eran delincuentes. Entonces ah\u00ed hubo premeditaci\u00f3n, alevos\u00eda, un planeamiento para ejecutarlos\u201d.<\/p>\n<p>Y aunque lament\u00f3 que el asesinato de estas personas se haya perpetrado en territorio quintanarroense, tambi\u00e9n afirm\u00f3 que se trata de un tema at\u00edpico. \u201cEsto no quiere decir que vayamos a descuidar los temas de seguridad; seguimos solicitando el apoyo de los tres niveles de Gobierno, sobre todo de la Marina, que ha demostrado con resultados positivos que inhibe y resuelve este tipo de situaciones\u201d, se\u00f1al\u00f3.<\/p>\n<p>Y destac\u00f3 que se tendr\u00e1 que redoblar la seguridad para dar un ambiente de confianza en Quintana Roo como destino tur\u00edstico para los potenciales turistas. \u201cSe integrar\u00e1 un \u2018comit\u00e9 de crisis\u2019, el cual estar\u00e1 en coordinaci\u00f3n de las autoridades de los tres \u00f3rdenes de gobierno, el cual se activar\u00e1 en incidentes como los ocurridos en Xcaret y Mamita\u2019s Beach Club, porque en este tipo de eventos lo que necesitamos es responder r\u00e1pidamente y con claridad\u201d, recalc\u00f3 Almaguer.<\/p>\n<p>De igual manera, advierte que actualmente Quintana Roo vive de un \u201cturismo prestado\u201d, ya que asegur\u00f3 que los visitantes que arriban a la Entidad lo hacen porque no pueden viajar a otros pa\u00edses donde hay m\u00e1s restricciones por la Covid-19. \u201cEstamos viviendo con turismo prestado, porque otros destinos no han abierto, prestado por protocolos y situaciones de pandemia por las cuales est\u00e1n siendo restrictivos en otros pa\u00edses\u201d.<\/p>\n<p>Sentido en el que se deber\u00e1n priorizar las acciones para aumentar el flujo de turistas, proteger y defender las inversiones de los agremiados, socios aliados y colaboradores, adem\u00e1s de la insistencia en promocionar los destinos tur\u00edsticos de Quintana Roo en todo el mundo buscando alianzas m\u00e1s all\u00e1 de los tour operadores y agencias de viajes. \u201cQueremos hacer un trabajo puntual con cada una de las delegaciones, en Puerto Morelos e Isla Mujeres. Obviamente siempre en conjunto y armon\u00eda con los Ayuntamientos de esos destinos\u201d.<\/p>\n<p>Reiter\u00f3 que dentro del plan de trabajo, se tienen temas de seguimiento, como el de la seguridad y la regulaci\u00f3n de rentas vacacionales, de las cuales asegur\u00f3 que est\u00e1n perjudicando a los destinos tur\u00edsticos. \u201cNo son agencias de viajes, son delincuentes que realizan fraudes ofreciendo reservaciones y se da mucho, sobre todo en el tema residencial, hay que atacarlo\u201d. Y adelant\u00f3 realizar\u00e1n una alianza con la Universidad An\u00e1huac y con el Grupo Aeroportuario del Sureste (Asur). \u201cTenemos que ir a buscar a los clientes, ya se acabaron esos tiempos de sentarnos y esperar a ver qui\u00e9n nos compra\u201d, se\u00f1al\u00f3.<\/p>\n<p>En materia de prevenci\u00f3n, ante el arribo de sargazo a la entidad, dijo que deben estar preparados. \u201cLa temporada inicia entre marzo y abril, hay que estar preparados con eso y con el tema de huracanes, tenemos que estar prevenidos. En ambos temas tenemos el compromiso de los alcaldes que van a colaborar en la limpieza, con lo que se ayuda a mantener este polo tur\u00edstico limpio y atractivo para los visitantes\u201d, dijo.<\/p>\n<p>Finalmente, sobre la Semana Santa, destac\u00f3 que deben mantenerse los protocolos contra la Covid-19 para evitar una nueva ola de contagios, no s\u00f3lo en Canc\u00fan, sino en el pa\u00eds entero. \u201cHay que lograr el sem\u00e1foro verde, porque con ello el destino es m\u00e1s atractivo y seguro para que los turistas volteen a ver a Canc\u00fan como favorito. Si seguimos con los protocolos como van, sobre todo en M\u00e9xico, y no sucede otra cosa con la pandemia, va a ser muy positiva la Semana Santa, tendremos n\u00fameros muy positivos. Tengo reportes de hoteles que tienen en libros 80 y 85 por ciento de reservaciones para estas fechas, entonces es buena se\u00f1al. Se puede aumentar, seg\u00fan lo permita el aforo\u201d, concluy\u00f3.<\/p>\n<p><em>Escr\u00edbame a mi mail: <\/em><em><a href=\"mailto:montanezaguilar@gmail.com\" target=\"_blank\" rel=\"noopener noreferrer\">montanezaguilar@gmail.com<\/a><\/em><\/p>\n","protected":false},"excerpt":{"rendered":"<p><span style=\"color: #005497;\"><strong>Jos\u00e9 Luis Monta\u00f1ez<\/strong><\/span><br \/>\n<br \/>\nDespu\u00e9s de poco m\u00e1s de un mes de alza constante en cuanto al n\u00famero de nuevos contagios a Covid-19, en lo que se ha tomado como la cuarta ola de la nueva enfermedad en el pa\u00eds, por fin se empieza a ver una disminuci\u00f3n de casos en algunos estados, incluido Quintana Roo, donde a partir de este lunes se retoma el sem\u00e1foro epidemiol\u00f3gico en color amarillo y con ello nuevas disposiciones y menos restricciones en todos los sectores, no obstante, el gobierno estatal, pide prudencia y responsabilidad.<\/p>\n","protected":false},"author":3,"featured_media":535020,"comment_status":"open","ping_status":"open","sticky":false,"template":"","format":"standard","meta":{"_monsterinsights_skip_tracking":false,"_monsterinsights_sitenote_active":false,"_monsterinsights_sitenote_note":"","_monsterinsights_sitenote_category":0,"footnotes":""},"categories":[11622,25512],"tags":[47840,54579,43674],"class_list":["post-534917","post","type-post","status-publish","format-standard","has-post-thumbnail","hentry","category-jose-luis-montanez-aguilar","category-nacional-nacional","tag-derecho-de-replica","tag-jose-luis-montanez","tag-opinion"],"_links":{"self":[{"href":"https:\/\/www.diarioimagen.net\/index.php?rest_route=\/wp\/v2\/posts\/534917","targetHints":{"allow":["GET"]}}],"collection":[{"href":"https:\/\/www.diarioimagen.net\/index.php?rest_route=\/wp\/v2\/posts"}],"about":[{"href":"https:\/\/www.diarioimagen.net\/index.php?rest_route=\/wp\/v2\/types\/post"}],"author":[{"embeddable":true,"href":"https:\/\/www.diarioimagen.net\/index.php?rest_route=\/wp\/v2\/users\/3"}],"replies":[{"embeddable":true,"href":"https:\/\/www.diarioimagen.net\/index.php?rest_route=%2Fwp%2Fv2%2Fcomments&post=534917"}],"version-history":[{"count":0,"href":"https:\/\/www.diarioimagen.net\/index.php?rest_route=\/wp\/v2\/posts\/534917\/revisions"}],"wp:featuredmedia":[{"embeddable":true,"href":"https:\/\/www.diarioimagen.net\/index.php?rest_route=\/wp\/v2\/media\/535020"}],"wp:attachment":[{"href":"https:\/\/www.diarioimagen.net\/index.php?rest_route=%2Fwp%2Fv2%2Fmedia&parent=534917"}],"wp:term":[{"taxonomy":"category","embeddable":true,"href":"https:\/\/www.diarioimagen.net\/index.php?rest_route=%2Fwp%2Fv2%2Fcategories&post=534917"},{"taxonomy":"post_tag","embeddable":true,"href":"https:\/\/www.diarioimagen.net\/index.php?rest_route=%2Fwp%2Fv2%2Ftags&post=534917"}],"curies":[{"name":"wp","href":"https:\/\/api.w.org\/{rel}","templated":true}]}}