{"id":534928,"date":"2022-02-07T00:00:23","date_gmt":"2022-02-07T06:00:23","guid":{"rendered":"https:\/\/www.diarioimagen.net\/?p=534928"},"modified":"2022-02-06T22:50:55","modified_gmt":"2022-02-07T04:50:55","slug":"desinforman-en-cozumel-el-nuevo-muelle-si-va-ii","status":"publish","type":"post","link":"https:\/\/www.diarioimagen.net\/?p=534928","title":{"rendered":"Desinforman en Cozumel, el nuevo muelle s\u00ed va \u2022 II"},"content":{"rendered":"<h2>Hora 14<\/h2>\n<h5>Mauricio Conde Olivares<\/h5>\n<p>&nbsp;<\/p>\n<p style=\"text-align: right;\"><em><strong>[ Segunda<\/strong><\/em><strong><em> de dos partes ]<\/em><br \/>\n<\/strong><\/p>\n<p>&nbsp;<\/p>\n<p>Ahora que grupos ambientalistas y personas interesadas de buena fe est\u00e1n siendo movilizadas contra el nuevo muelle en la Isla de Cozumel, conviene puntualizar algunos detalles m\u00e1s de lo ilustrado en la anterior entrega de esta columna con la primer parte respecto al tema.<\/p>\n<p>Uno de los principales promotores de la oposici\u00f3n a esta obra de infraestructura, adem\u00e1s, est\u00e1 relacionado con la naviera estadounidense Carnival, que opera otra de las terminales en Cozumel.<\/p>\n<p>El empresario que ha promovido la desinformaci\u00f3n para desestimar el proyecto, se auto promueve dentro de su curricula como Consultor Cient\u00edfico y Analista Ambiental de la empresa EMEA S.C. (ahora OCSA S.A. de C.V.); Supervisi\u00f3n Ambiental Marina de Construcci\u00f3n de Ampliaci\u00f3n de Muelle de Cruceros en \u00abPuerta Maya\u00bb, encargado por Carnival Corporation &amp; PLC; Supervisi\u00f3n cient\u00edfica y gesti\u00f3n de trasplante de arrecifes de coral y monitoreo de la salud de los arrecifes de coral; y destaca la implementaci\u00f3n de un enfoque novedoso para el trasplante de arrecifes de coral, as\u00ed como la construcci\u00f3n de un Arrecife Artificial v\u00eda Trasplante de Especies de Arrecifes de Coral.<\/p>\n<p>Ante ello, es evidente que el desarrollo de un nuevo Muelle est\u00e1 afectando los intereses particulares y comerciales de la empresa Sand Dollar y que en un af\u00e1n de proteger su negocio ha intentado desinformar a la poblaci\u00f3n con una serie de supuestos.<\/p>\n<p>De acuerdo con el estudio m\u00e1s reciente realizado en la primera quincena de enero de 2022, donde se efectuaron 621 entrevistas cuantitativas, cara a cara con habitantes de Cozumel de las diferentes colonias y niveles socioecon\u00f3micos, la poblaci\u00f3n en general coincide en se\u00f1alar que para seguir creciendo Cozumel necesita mayor atracci\u00f3n de turismo y mejorar en cuanto a econom\u00eda y empleo.<\/p>\n<p>M\u00e1s del 75% de la muestra reconoce que la llegada de Ferrys y Cruceros son muy importantes para el desarrollo econ\u00f3mico de Cozumel y, para el 97%, los Cruceros son importantes para la isla. Poco m\u00e1s del 8 de cada 10 personas manifiesta, que el principal beneficio de la llegada de cruceros a Cozumel es la derrama econ\u00f3mica que se genera en la Isla.<\/p>\n<p>El segundo beneficio percibido es la generaci\u00f3n de empleo = beneficio que sienten impacta de manera directa en la poblaci\u00f3n.<\/p>\n<p>Para 9 de cada 10 ser\u00eda importante que se incrementara la llegada de cruceros a Cozumel. En este sentido, para que lleguen m\u00e1s cruceros es necesario mayor promoci\u00f3n de la Isla, as\u00ed como nuevos negocios y atracciones para el turista.<\/p>\n<p>La poblaci\u00f3n entiende de manera emp\u00edrica que la creaci\u00f3n de un nuevo muelle generar\u00eda derrama econ\u00f3mica, por lo que hay muchas voces a favor del proyecto, en redes sociales se ha encontrado que el grupo opositor, previamente identificado, aplica una estrategia de agresividad contra los que apoyan el proyecto del nuevo muelle.<\/p>\n<p>El muelle se construye en un \u00e1rea sin impacto ecol\u00f3gico, en zona de laja y arenales, en un \u00e1rea sin playa y sin acceso, alejado de las zonas naturales protegidas, dentro de los espacios designados por los Planes de Desarrollo municipal y estatal, en un \u00e1rea impactada hace m\u00e1s de tres d\u00e9cadas, en la cual no existen arrecifes naturales, que es un proyecto que est\u00e1 cumpliendo con conectarse a las redes de agua potable y alcantarillado seg\u00fan norma y que, por lo tanto tributar\u00e1 en este sentido para el mejoramiento de la infraestructura urbana que mantendr\u00e1 a Cozumel a la vanguardia de la recepci\u00f3n de cruceros.<\/p>\n<p>Por eso, ante todo, amable lector recuerde que la verdad nos har\u00e1 libres y que con la informaci\u00f3n a la mano puede normar su propio criterio.<\/p>\n<p>En otro orden, le participo que la Secretar\u00eda de Medio Ambiente y Recursos Naturales (Semarnat) public\u00f3 en el Diario Oficial de la Federaci\u00f3n (DOF) el Acuerdo por el que se destina al servicio de la Comisi\u00f3n Nacional de \u00c1reas Naturales Protegidas (Conanp) la superficie de 785,864.81 m2 de playa mar\u00edtima, de zona federal mar\u00edtimo terrestre y de terrenos ganados al mar.<\/p>\n<p>Este Acuerdo permite llevar a cabo acciones de protecci\u00f3n, conservaci\u00f3n y manejo sustentable de sus recursos de acuerdo con lo que establece el programa de manejo del \u00c1rea de Protecci\u00f3n de Flora y Fauna Yum Balam donde se encuentra Isla Grande de Holbox.<\/p>\n<p>Con esta publicaci\u00f3n, la Semarnat contin\u00faa los trabajos de protecci\u00f3n al medio ambiente y complementa y armoniza con la determinaci\u00f3n publicada el primero de junio de 2021, sobre un acuerdo de destino otorgado a la Conanp de una superficie de 33,128.71 metros cuadrados, integrada por cuatro pol\u00edgonos, ubicados en la Isla Grande de Holbox.<\/p>\n<p>Por conducto de la Direcci\u00f3n General de Zona Federal Mar\u00edtimo Terrestre y Ambientes Costeros, la Semarnat vigilar\u00e1 el estricto cumplimiento de este y todos los acuerdos en la materia, en el \u00e1mbito de sus atribuciones, adem\u00e1s de trabajar con los sectores sociales, ambientales y empresariales para definir una estrategia prioritaria de atenci\u00f3n y protecci\u00f3n.<\/p>\n<p>En este sentido, apegados a los principios de conservaci\u00f3n, dicha Secretar\u00eda en ning\u00fan momento emitir\u00e1 Acuerdos que vayan en sentido opuesto, y siempre se priorizar\u00e1n los que est\u00e9n a favor de la vida, como es el caso de los que se han otorgado a la Conanp.<\/p>\n<p>El Gobierno de M\u00e9xico refrend\u00f3 su compromiso de resguardar estas \u00e1reas para beneficio de las y los mexicanos por lo que no se ha entregado ni se entregar\u00e1 ninguna superficie a intereses particulares y hace \u00e9nfasis en la importancia de cuidar nuestra riqueza natural, pues al cuidar la fauna, la flora, el aire, nos cuidamos y cuidamos nuestra casa com\u00fan para el bienestar de las presentes y futuras generaciones.<\/p>\n<p>Finalmente, le informo que Best Day Travel Group, la empresa de turismo l\u00edder en M\u00e9xico demostr\u00f3, nuevamente, estar a la vanguardia y ser uno de los principales l\u00edderes de la industria, durante la Feria Internacional de Turismo (FITUR), que se llev\u00f3 a cabo del 19 al 23 de enero, en el espacio de exposiciones IFEMA \u2013 Feria de Madrid.<\/p>\n<p>Los ejecutivos de Best Day Travel Group que estuvieron presentes en FITUR 2022 atendieron 43 citas de negocio y eventos con socios y personalidades de instituciones y compa\u00f1\u00edas de turismo, durante las cuales se concretaron relevantes acuerdos para las l\u00edneas de negocio B2B y B2C de la empresa.<\/p>\n<p>\u00abPara Best Day asistir a este evento va m\u00e1s all\u00e1 de promocionar nuestros servicios, es tambi\u00e9n la forma de fortalecer nuestra red de contactos existente, multiplicar las oportunidades de negocio y conocer nuevos proveedores y clientes\u00bb, coment\u00f3 Alejandro Calligaris, Country Manager de Despegar y Best Day en M\u00e9xico.<\/p>\n<p>FITUR es considerada una de las principales ferias de turismo, ya que es el primer encuentro global del a\u00f1o de los profesionales de la industria y en ella participan representantes de toda la cadena de valor del sector tur\u00edstico a nivel mundial. En la edici\u00f3n 2022, reuni\u00f3 cerca de 7,000 empresas, 600 expositores y 107 pa\u00edses<em>.<\/em><\/p>\n<p>Por su parte, Laura Triay, Managing Director de BD Experience, expres\u00f3:\u00bbNuestra participaci\u00f3n en FITUR forma parte de las propuestas de valor que Best Day implementa al negociar, de manera directa, con los proveedores para lograr resultados en beneficio de nuestros consumidores. El compromiso de todos nuestros ejecutivos y su participaci\u00f3n en las agendas de trabajo, nos permite avanzara paso firme\u00bb.<\/p>\n<p>Cabe recalcar que Rep\u00fablica Dominicana tuvo un gran protagonismo en FITUR 2022, como pa\u00eds socio de la Feria Internacional del Turismo. En este sentido, ejecutivos de la oficina de BD Experience Rep\u00fablica Dominicana tambi\u00e9n asistieron y atendieron 35 citas de trabajo, focalizadas en la promoci\u00f3n estrat\u00e9gica de este bello destino.<\/p>\n<p>\u00abPara BD Experience es un honor ser parte del pabell\u00f3n de Rep\u00fablica Dominicana en FITUR 2022. Rep\u00fablica Dominicana fue este a\u00f1o el &#8216;Pa\u00eds Socio FITUR&#8217;, con lo que tuvimos una destacada participaci\u00f3n y visibilidad para la promoci\u00f3n de los grandes atractivos tur\u00edsticos del pa\u00eds. Participar en esta feria internacional es potenciar, conjuntamente, nuestros recursos para contribuir a la recuperaci\u00f3n del turismo\u00bb, mencion\u00f3 Rosangel Rodr\u00edguez, Directora de Destino en BD Experience Rep\u00fablica Dominicana.<\/p>\n<p>Con su participaci\u00f3n en esta edici\u00f3n 42 de FITUR, el equipo de Best Day reforz\u00f3 su sinergia con los gobiernos federal, estatal y municipal de M\u00e9xico y de Rep\u00fablica Dominicana, as\u00ed como con empresas y dependencias tur\u00edsticas de diferentes latitudes del mundo, como Europa y el Caribe, con la visi\u00f3n de fortalecer el turismo en los destinos a corto y mediano plazo; empero, lo anterior ser\u00e1 motivo de posterior an\u00e1lisis en otra entrega de <strong><em>Hora 14<\/em><\/strong>.<\/p>\n<p><em><a href=\"mailto:%20mauricio_conde@msn.com\" target=\"_blank\" rel=\"noopener noreferrer\">mauricioconde59@outlook.com<\/a><\/em><br \/>\n<em><a href=\"https:\/\/twitter.com\/mauconde\" target=\"_blank\" rel=\"noopener noreferrer\">@mauconde<\/a> <\/em><br \/>\n<em><a href=\"https:\/\/mauriciocondeblog.wordpress.com\" target=\"_blank\" rel=\"noopener noreferrer\">https:\/\/mauriciocondeblog.wordpress.com<\/a><\/em><\/p>\n","protected":false},"excerpt":{"rendered":"<p><span style=\"color: #005497;\"><strong>Mauricio Conde Olivares<\/strong><\/span><\/p>\n","protected":false},"author":3,"featured_media":0,"comment_status":"open","ping_status":"open","sticky":false,"template":"","format":"standard","meta":{"_monsterinsights_skip_tracking":false,"_monsterinsights_sitenote_active":false,"_monsterinsights_sitenote_note":"","_monsterinsights_sitenote_category":0,"footnotes":""},"categories":[35889],"tags":[43712,43674,44860],"class_list":["post-534928","post","type-post","status-publish","format-standard","hentry","category-mauricio-conde-olivares","tag-mauricio-conde-olivares","tag-opinion","tag-hora-14"],"_links":{"self":[{"href":"https:\/\/www.diarioimagen.net\/index.php?rest_route=\/wp\/v2\/posts\/534928","targetHints":{"allow":["GET"]}}],"collection":[{"href":"https:\/\/www.diarioimagen.net\/index.php?rest_route=\/wp\/v2\/posts"}],"about":[{"href":"https:\/\/www.diarioimagen.net\/index.php?rest_route=\/wp\/v2\/types\/post"}],"author":[{"embeddable":true,"href":"https:\/\/www.diarioimagen.net\/index.php?rest_route=\/wp\/v2\/users\/3"}],"replies":[{"embeddable":true,"href":"https:\/\/www.diarioimagen.net\/index.php?rest_route=%2Fwp%2Fv2%2Fcomments&post=534928"}],"version-history":[{"count":0,"href":"https:\/\/www.diarioimagen.net\/index.php?rest_route=\/wp\/v2\/posts\/534928\/revisions"}],"wp:attachment":[{"href":"https:\/\/www.diarioimagen.net\/index.php?rest_route=%2Fwp%2Fv2%2Fmedia&parent=534928"}],"wp:term":[{"taxonomy":"category","embeddable":true,"href":"https:\/\/www.diarioimagen.net\/index.php?rest_route=%2Fwp%2Fv2%2Fcategories&post=534928"},{"taxonomy":"post_tag","embeddable":true,"href":"https:\/\/www.diarioimagen.net\/index.php?rest_route=%2Fwp%2Fv2%2Ftags&post=534928"}],"curies":[{"name":"wp","href":"https:\/\/api.w.org\/{rel}","templated":true}]}}