{"id":534975,"date":"2022-02-07T00:02:22","date_gmt":"2022-02-07T06:02:22","guid":{"rendered":"https:\/\/www.diarioimagen.net\/?p=534975"},"modified":"2022-02-07T00:31:29","modified_gmt":"2022-02-07T06:31:29","slug":"queretaro-se-convierte-en-pasarela-morenista-amlo-no-puede-legar-pobreza-a-sus-hijos","status":"publish","type":"post","link":"https:\/\/www.diarioimagen.net\/?p=534975","title":{"rendered":"Quer\u00e9taro se convierte en pasarela morenista; AMLO no puede legar pobreza a sus hijos"},"content":{"rendered":"<h2>La Retaguardia<\/h2>\n<h5>Adriana Moreno Cordero<em>\u00a0<\/em><\/h5>\n<p><em>\u00a0<\/em><\/p>\n<ul>\n<li><strong><em>A la alcaldesa de Acapulco, Abelina L\u00f3pez, le entra \u201cla calor\u201d<\/em><\/strong><\/li>\n<\/ul>\n<p>&nbsp;<\/p>\n<p>En Quer\u00e9taro, en el 105 aniversario de la Promulgaci\u00f3n de la Constituci\u00f3n, de un lado, encabezando la ceremonia, el presidente <strong>Andr\u00e9s Manuel L\u00f3pez Obrador<\/strong>, junto con algunos de sus corifeos m\u00e1s leales como la presidenta de la Mesa Directiva del Senado de la Rep\u00fablica, <strong>Olga S\u00e1nchez Cordero,<\/strong> y su hom\u00f3logo en la C\u00e1mara de Diputados, <strong>Sergio Guti\u00e9rrez Luna<\/strong>, principal \u201cestratega\u201d de la guerra contra el INE, as\u00ed como la jefa de Gobierno de la Ciudad de M\u00e9xico, <strong>Claudia Sheinbaum<\/strong>, quien aprovech\u00f3 el evento para \u201cplacearse\u201d en su camino al 2024. Estuvo tambi\u00e9n el secretario de Gobernaci\u00f3n, <strong>Ad\u00e1n Augusto L\u00f3pez<\/strong>, de quien se dice que lleg\u00f3 a dicha\u00a0 dependencia a \u201chacerle sombra\u201d a la se\u00f1ora Sheinbaum Pardo en la peleada carrera morenista. \u00bfSer\u00e1?<\/p>\n<p>Lo cierto, es que, como antes, en los tiempos neoliberales, esos que tanto odia el tabasque\u00f1o, una ceremonia importante se convirti\u00f3 en una pasarela para los aspirantes a la carrera presidencial.<\/p>\n<p>Y del otro lado, como uno de los invitados m\u00e1s importantes, institucional en todo momento, el consejero presidente del Instituto Nacional Electoral, (INE), <strong>Lorenzo C\u00f3rdova Vianello<\/strong>, mientras que en sus afanes por avivar el fuego y seguir lo que es una guerra en la imaginaci\u00f3n del tabasque\u00f1o, \u00e9ste \u00faltimo aprovech\u00f3 el foro para lanzar cr\u00edticas vedadas y no tanto, en contra del INE.<\/p>\n<p>Al se\u00f1alar sobre la necesidad de la reforma electoral, hizo \u00e9nfasis en que el objetivo de \u00e9sta es, \u201cpara que de una vez y para siempre se acaben los fraudes electorales, ya que se termine con eso\u2026 Que tengamos jueces, autoridades imparciales en lo electoral, que las elecciones sean limpias, sean libres\u201d, y ah\u00ed vino la \u201cpedrada\u201d directa, \u201cno consejeros, magistrados, empleados del Presidente o de los partidos, sino autoridades verdaderamente independientes de inobjetable honestidad\u2026 nos podemos poner de acuerdo con eso\u201d.<\/p>\n<p>\u00a1Vaya!, con raz\u00f3n la senadora S\u00e1nchez Cordero fue especialmente enf\u00e1tica en su discurso en Quer\u00e9taro al decir que, \u201cel Titular del Ejecutivo, interpreta todos los d\u00edas la Constituci\u00f3n; todos los d\u00edas interpreta la Constituci\u00f3n, preponderantemente desde el punto de vista pol\u00edtica, y el Judicial y el Poder Legislativo, lo hacemos preponderantemente desde el jur\u00eddico\u201d.\u00a0Le falt\u00f3 agregar a la ex titular de la Segob que el tabasque\u00f1o interpreta la Carta Magna desde su muy, pero muy personal punto de vista.<\/p>\n<p>Eso s\u00ed, la senadora morenista falt\u00f3 a la verdad cuando dijo aquello de que, \u201cambas interpretaciones, la pol\u00edtica y la jur\u00eddica, convergen en un objetivo com\u00fan: El bienestar de toda la poblaci\u00f3n\u201d.\u00a0Esto no es cierto; visible es que el objetivo com\u00fan son los intereses del se\u00f1or Presidente.<\/p>\n<p>Por lo dem\u00e1s, sin duda, la v\u00edscera le ha nublado la raz\u00f3n a L\u00f3pez Obrador, con tanto coraje como lo hacen pasar sus adversarios y ser\u00e1 por eso que falta a la verdad de manera tan abierta.<\/p>\n<p>Al primero al que no le gustan los \u00f3rganos aut\u00f3nomos, es al Presidente y hay muchas pruebas de su af\u00e1n por aniquilarlos. Adem\u00e1s, cuando se refiere a \u201cautoridades imparciales en lo electoral\u201d, lo que en el fondo quiere decir el tabasque\u00f1o, es que ese rasero de imparcialidad, lo pone \u00e9l. Por ejemplo, as\u00ed como decide candidaturas que al dirigente de Morena, <strong>Mario Mart\u00edn Delgado<\/strong>, por cierto, le han costado rechiflas y huevazos, la medida de honestidad, la decide e impone el inquilino de Palacio Nacional, es decir, s\u00f3lo aquellos funcionarios que son tan leales como ciegos a esta errada y llamada cuarta transformaci\u00f3n, podr\u00e1n convertirse en \u201cautoridades imparciales\u201d.<\/p>\n<p>Pero \u00bfqu\u00e9 acaso el mism\u00edsimo Ejecutivo no dijo en alguno de sus gustad\u00edsimos \u201cstand-up\u201d ma\u00f1aneros que los funcionarios de su administraci\u00f3n deben tener 90 por ciento de honestidad y 10 por ciento de experiencia?<\/p>\n<p>En noviembre del 2019, L\u00f3pez Obrador agreg\u00f3: \u201c\u2026en un pa\u00eds con tanta corrupci\u00f3n, lo m\u00e1s importante es que haya servidores p\u00fablicos, esos que prefieren dejarle a sus hijos pobreza, pero no deshonra\u201d. Es en esta parte donde habr\u00eda que recordarle al presidente que \u201cel buen juez, por su casa empieza\u201d y luego del esc\u00e1ndalo de su hijo, <strong>Jos\u00e9 Ram\u00f3n L\u00f3pez Beltr\u00e1n<\/strong>, \u00e9l no se caracteriza por ser ese tipo de funcionario tan, pero tan austero, que lo \u00fanico que puede heredar a sus hijos, es pobreza.<\/p>\n<p>En casi tres a\u00f1os, el inquilino de Palacio Nacional se ve inmerso en una situaci\u00f3n bastante embarazosa y no podr\u00e1 apagar el fuego que le ha causado este nuevo esc\u00e1ndalo que exhibe familiares y funcionarios muy corruptos, \u00bfno que ya hab\u00eda acabado con este lacerante fen\u00f3meno?<\/p>\n<p>Un d\u00eda s\u00ed y al otro tambi\u00e9n, para infortunio del Ejecutivo, le recuerdan el m\u00e1s reciente esc\u00e1ndalo en el que est\u00e1 envuelto. El coordinador de la fracci\u00f3n del PAN en la C\u00e1mara Alta, <strong>Julen Rementer\u00eda<\/strong>, declar\u00f3 que ante este remolino imparable, ahora a L\u00f3pez Obrador se le ha ocurrido desaparecer el Sistema Nacional Anticorrupci\u00f3n (SNA), con la intenci\u00f3n de ocultar las evidentes corruptelas que se cometen en esta administraci\u00f3n, \u201cdecisi\u00f3n que los retrata de cuerpo entero como el gobierno m\u00e1s autoritario, opaco y abusivo al querer acabar con la transparencia\u201d, remat\u00f3 el senador panista.<\/p>\n<p>Retomando el tema inicial, el consejero presidente del INE, respondi\u00f3 a la altura y rechaz\u00f3 que en M\u00e9xico haya fraudes electorales, aunque reconoci\u00f3 que persisten pr\u00e1cticas fraudulentas y prueba palpable de esto \u00faltimo, son las firmas falsas que present\u00f3 ni m\u00e1s ni menos que Morena, en el tema de la revocaci\u00f3n de mandato, en donde hasta los muertos y los perros estamparon su firma.<\/p>\n<p>A\u00f1adi\u00f3 que si el Presidente quiere una reforma electoral, \u00e9sta debe ser para mejorar, \u201cy no signifique un retroceso en materia de equidad en la contienda\u201d.<\/p>\n<p style=\"text-align: center;\"><strong>Municiones<\/strong><\/p>\n<p>*** Con una gobernadora como la que tienen en Guerrero, <strong>Evelyn Salgado,<\/strong> \u2013y luego su pap\u00e1, el senador <strong>F\u00e9lix Salgado Macedonio<\/strong>, que no hace bien su trabajo de gobernar \u201cdetr\u00e1s del trono\u201d- y una presidenta municipal de Acapulco, <strong>Abelina L\u00f3pez,<\/strong> pat\u00e9tica e ignorante, el estado atraviesa por una situaci\u00f3n muy preocupante. Resulta que luego de que los miembros de la Coordinadora Nacional de Trabajadores de la Educaci\u00f3n, (CNTE), rompiera v\u00ednculos con el inquilino de Palacio Nacional, tanto en Guerrero como en Michoac\u00e1n y hasta en Oaxaca, en el caso del primer estado se dieron hechos violentos por parte de normalistas que lanzaron un tr\u00e1iler en contra de elementos de la Guardia Nacional y de autoridades guerrerenses y entonces a la docta alcaldesa morenista le entr\u00f3 \u201cla calor\u201d -como ella misma dice- y se dio a la tarea de defender a los normalistas, de quienes dijo, no pueden ser investigados porque el referido veh\u00edculo, iba sin conductor y en punto muerto.Esto es instrucci\u00f3n directa de Palacio Nacional, pues por las \u201cex benditas redes\u201d, el Presidente defendi\u00f3 a los j\u00f3venes que arremetieron contra la Guardia Nacional y la Polic\u00eda Estatal. \u00bfAl tabasque\u00f1o tambi\u00e9n le entrar\u00eda \u201cla calor?<\/p>\n<p><u><a href=\"mailto:morcora@gmail.com\" target=\"_blank\" rel=\"noopener noreferrer\"><em>morcora@gmail.com<\/em><\/a><\/u><\/p>\n","protected":false},"excerpt":{"rendered":"<p><span style=\"color: #005497;\"><strong>Adriana Moreno Cordero<\/strong><\/span><\/p>\n","protected":false},"author":3,"featured_media":0,"comment_status":"open","ping_status":"open","sticky":false,"template":"","format":"standard","meta":{"_monsterinsights_skip_tracking":false,"_monsterinsights_sitenote_active":false,"_monsterinsights_sitenote_note":"","_monsterinsights_sitenote_category":0,"footnotes":""},"categories":[69370],"tags":[69369,69368,43674],"class_list":["post-534975","post","type-post","status-publish","format-standard","hentry","category-adriana-moreno-cordero","tag-adriana-moreno-cordero","tag-la-retaguardia","tag-opinion"],"_links":{"self":[{"href":"https:\/\/www.diarioimagen.net\/index.php?rest_route=\/wp\/v2\/posts\/534975","targetHints":{"allow":["GET"]}}],"collection":[{"href":"https:\/\/www.diarioimagen.net\/index.php?rest_route=\/wp\/v2\/posts"}],"about":[{"href":"https:\/\/www.diarioimagen.net\/index.php?rest_route=\/wp\/v2\/types\/post"}],"author":[{"embeddable":true,"href":"https:\/\/www.diarioimagen.net\/index.php?rest_route=\/wp\/v2\/users\/3"}],"replies":[{"embeddable":true,"href":"https:\/\/www.diarioimagen.net\/index.php?rest_route=%2Fwp%2Fv2%2Fcomments&post=534975"}],"version-history":[{"count":0,"href":"https:\/\/www.diarioimagen.net\/index.php?rest_route=\/wp\/v2\/posts\/534975\/revisions"}],"wp:attachment":[{"href":"https:\/\/www.diarioimagen.net\/index.php?rest_route=%2Fwp%2Fv2%2Fmedia&parent=534975"}],"wp:term":[{"taxonomy":"category","embeddable":true,"href":"https:\/\/www.diarioimagen.net\/index.php?rest_route=%2Fwp%2Fv2%2Fcategories&post=534975"},{"taxonomy":"post_tag","embeddable":true,"href":"https:\/\/www.diarioimagen.net\/index.php?rest_route=%2Fwp%2Fv2%2Ftags&post=534975"}],"curies":[{"name":"wp","href":"https:\/\/api.w.org\/{rel}","templated":true}]}}