{"id":534984,"date":"2022-02-07T00:08:12","date_gmt":"2022-02-07T06:08:12","guid":{"rendered":"https:\/\/www.diarioimagen.net\/?p=534984"},"modified":"2022-02-07T00:38:21","modified_gmt":"2022-02-07T06:38:21","slug":"reforma-electoral-en-puerta","status":"publish","type":"post","link":"https:\/\/www.diarioimagen.net\/?p=534984","title":{"rendered":"Reforma electoral en puerta"},"content":{"rendered":"<h2>Punto por punto<\/h2>\n<h5>Augusto Corro<\/h5>\n<p>&nbsp;<\/p>\n<p>En Quer\u00e9taro, el presidente Andr\u00e9s Manuel L\u00f3pez Obrador dijo que es necesario una reforma electoral.<\/p>\n<p>Se busca una ley en la cual los consejeros y magistrados electores no sean empleados del Presidente o de los partidos pol\u00edticos.<\/p>\n<p>Sin embargo, en la reforma tendr\u00edan que sumarse otros criterios para el financiamiento de los partidos pol\u00edticos.<\/p>\n<p>Y recortar el presupuesto para el propio Instituto Nacional Electoral (INE). Todo mundo sabe que la democracia a la mexicana es una de las m\u00e1s caras del mundo.<\/p>\n<p>Por ejemplo, sus consejeros tienen sueldos que superan lo que gana el mandatario tabasque\u00f1o.<\/p>\n<p>Adem\u00e1s, para proteger sus salarios acudieron a amparos.<\/p>\n<p>Cabe se\u00f1alar que existe un financiamiento a los partidos pol\u00edticos de miles de millones de pesos.<\/p>\n<p>Cada a\u00f1o, las organizaciones pol\u00edticas reciben dinero p\u00fablico para su propaganda, mantenimiento de sus instalaciones y salarios de empleados.<\/p>\n<p>En este rengl\u00f3n debe revisarse la reforma electoral. Deben ser los propios partidos los que busquen los recursos para sus m\u00faltiples gastos.<\/p>\n<p>Se alega que de aprobarse esas condiciones de autofinanciamiento se abrir\u00edan canales para aportaciones econ\u00f3micas del crimen organizado.<\/p>\n<p>En fin, lo importante ser\u00eda que los partidos pol\u00edticos, dentro de la legalidad, consigan los medios econ\u00f3micos para su mantenimiento.<\/p>\n<p>El dinero p\u00fablico que va a las organizaciones pol\u00edticas servir\u00eda mejor para otras causas mas nobles. Una de ellas ser\u00eda el combate a la pobreza.<\/p>\n<p style=\"text-align: center;\"><strong>La espiral de violencia<\/strong><\/p>\n<p>En algunos estados la violencia llega y desaparece; en otros se queda. Y ninguna estrategia funciona para erradicarla.<\/p>\n<p>Las noticias cruentas ya no son solo de Sinaloa, Tamaulipas, Michoac\u00e1n, Guerrero, Quintana Roo, Guanajuato y Veracruz.<\/p>\n<p>Ya en el presente tambi\u00e9n forma parte de lista Zacatecas. El fin de semana la narcoviolencia dej\u00f3 otra vez su rastro de violencia y sangre.<\/p>\n<p>Las autoridades informaron que diecinueve personas fueron ejecutadas en distintos ataques perpetrados por presuntos integrantes de la delincuencia organizada.<\/p>\n<p>En Zacatecas, ya van varios a\u00f1os que libran una guerra sin cuartel los c\u00e1rteles Jalisco Nueva Generaci\u00f3n (CJNG) y el de Sinaloa.<\/p>\n<p>Elementos de la Guardia Nacional (GN) y del Ej\u00e9rcito Mexicano hallaron 10 cuerpos amarrados y envueltos en cobijas.<\/p>\n<p>Lo anterior ocurri\u00f3 en las inmediaciones de las calles Benito Ju\u00e1rez y Guadalupe Victoria de la comunidad El Pardillo Tercero, en las cabeceras municipales de Fresnillo y Calera.<\/p>\n<p>A cien kil\u00f3metros de dicho poblado, las autoridades encontraron los cad\u00e1veres de seis hombres baleados y colgados de un barandal.<\/p>\n<p>Desde el inicio del 2022, Zacatecas fue escenario de la lucha entre los c\u00e1rteles de la droga que pelean la plaza.<\/p>\n<p>Por el momento no se ve soluci\u00f3n, por ning\u00fan lado, una posible soluci\u00f3n a la espiral de violencia.<\/p>\n<p style=\"text-align: center;\"><strong>Ayotzinapa<\/strong><\/p>\n<p>La pregunta obligada:<\/p>\n<p>\u00bfCu\u00e1ndo se resolver\u00e1 el caso de los 43 normalistas secuestrados?<\/p>\n<p>Desde el 26 y 27 de septiembre de 2014, los estudiantes Ayotzinapa fueron privados de la liberta en Iguala, Guerrero.<\/p>\n<p>A partir de esa fecha nada se sabe de los normalistas.<\/p>\n<p>Padres de los normalistas y estudiantes se dedicaron a exigir a las autoridades que aparezcan los secuestrados.<\/p>\n<p>El gobierno prometi\u00f3 resolver el caso, pero no lo ha hecho.<\/p>\n<p>Mientras, contin\u00faan las protestas ante la pasividad de las autoridades en las investigaciones.<\/p>\n<p>La respuesta nula del gobierno federal a las peticiones de padres de familia y estudiantes provoc\u00f3 un enfrentamiento entre los j\u00f3venes y los representantes de la fuerza p\u00fablica en la caseta de cobro de Palo Blanco, en la autopista M\u00e9xico-Acapulco.<\/p>\n<p>Ese hecho violento, registrado el viernes, dio como resultado 22 uniformados y 20 manifestantes lesionados, tres de los cuales fueron hospitalizados.\u00a0 Los j\u00f3venes que protestaban utilizaron un cami\u00f3n que lanzaron contra elementos de la Guardia Nacional.<\/p>\n<p>La investigaci\u00f3n no avanza. Los padres de los estudiantes desaparecidos y los estudiantes demandan respuestas urgentes.<\/p>\n<p>Nadie parece que se encuentre en condiciones de ofrecer soluciones.<\/p>\n<p>\u00bfUsted qu\u00e9 opina amable lector?<\/p>\n<p><a href=\"mailto:aco2742@hotmail.com\" target=\"_blank\" rel=\"noopener noreferrer\"><em>aco2742@hotmail.com<\/em><\/a><\/p>\n","protected":false},"excerpt":{"rendered":"<p><span style=\"color: #005497;\"><strong>Augusto Corro<\/strong><\/span><\/p>\n","protected":false},"author":3,"featured_media":0,"comment_status":"open","ping_status":"open","sticky":false,"template":"","format":"standard","meta":{"_monsterinsights_skip_tracking":false,"_monsterinsights_sitenote_active":false,"_monsterinsights_sitenote_note":"","_monsterinsights_sitenote_category":0,"footnotes":""},"categories":[157],"tags":[43686,43674,11515],"class_list":["post-534984","post","type-post","status-publish","format-standard","hentry","category-augusto-corro","tag-augusto-corro","tag-opinion","tag-punto-por-punto"],"_links":{"self":[{"href":"https:\/\/www.diarioimagen.net\/index.php?rest_route=\/wp\/v2\/posts\/534984","targetHints":{"allow":["GET"]}}],"collection":[{"href":"https:\/\/www.diarioimagen.net\/index.php?rest_route=\/wp\/v2\/posts"}],"about":[{"href":"https:\/\/www.diarioimagen.net\/index.php?rest_route=\/wp\/v2\/types\/post"}],"author":[{"embeddable":true,"href":"https:\/\/www.diarioimagen.net\/index.php?rest_route=\/wp\/v2\/users\/3"}],"replies":[{"embeddable":true,"href":"https:\/\/www.diarioimagen.net\/index.php?rest_route=%2Fwp%2Fv2%2Fcomments&post=534984"}],"version-history":[{"count":0,"href":"https:\/\/www.diarioimagen.net\/index.php?rest_route=\/wp\/v2\/posts\/534984\/revisions"}],"wp:attachment":[{"href":"https:\/\/www.diarioimagen.net\/index.php?rest_route=%2Fwp%2Fv2%2Fmedia&parent=534984"}],"wp:term":[{"taxonomy":"category","embeddable":true,"href":"https:\/\/www.diarioimagen.net\/index.php?rest_route=%2Fwp%2Fv2%2Fcategories&post=534984"},{"taxonomy":"post_tag","embeddable":true,"href":"https:\/\/www.diarioimagen.net\/index.php?rest_route=%2Fwp%2Fv2%2Ftags&post=534984"}],"curies":[{"name":"wp","href":"https:\/\/api.w.org\/{rel}","templated":true}]}}