{"id":534996,"date":"2022-02-07T00:08:55","date_gmt":"2022-02-07T06:08:55","guid":{"rendered":"https:\/\/www.diarioimagen.net\/?p=534996"},"modified":"2022-02-09T02:14:59","modified_gmt":"2022-02-09T08:14:59","slug":"un-presidente-iracundo","status":"publish","type":"post","link":"https:\/\/www.diarioimagen.net\/?p=534996","title":{"rendered":"Un Presidente iracundo"},"content":{"rendered":"<h2>Detr\u00e1s del Poder<\/h2>\n<h5>Jos\u00e9 Antonio L\u00f3pez Sosa<\/h5>\n<p>&nbsp;<\/p>\n<p>El presidente L\u00f3pez Obrador se mostr\u00f3 la semana pasadacomo hac\u00eda a\u00f1os que no lo ve\u00edamos: Iracundo.<\/p>\n<p>Al Presidente le molesta todo aquello que cuestione sus ideas, su gesti\u00f3n o simplemente su palabra. Una vez m\u00e1s arremeti\u00f3 contra periodistas, medios de comunicaci\u00f3n y sociedad en general, \u00bfla raz\u00f3n?, que se atrevieron a cuestionar el estilo de vida de su hijo.<\/p>\n<p>Uno de los objetos de sus insultos fue Carmen Aristegui, una de las periodistas m\u00e1s valientes que tenemos en el pa\u00eds; seg\u00fan el Presidente, la periodista miente y todo aquel medio de comunicaci\u00f3n o periodista que le critique, obedece a intereses pagados y patrocinados por su adversarios.<\/p>\n<p>La ira por lo regular, denota la falta de inteligencia, resulta complicado entender como aquel candidato que criticaba f\u00e9rreamente al sistema, que defend\u00eda los derechos de los periodistas, hoy lleno de ira, arremete cada que puede desde su tribuna en Palacio Nacional contra los periodistas que le critican.<\/p>\n<p>L\u00f3pez Obrador se mostr\u00f3 iracundo, eso representa la forma en que se conduce en lo privado, a pesar que en lo p\u00fablico finja la sonrisa todas las ma\u00f1anas al comenzar su conferencia de prensa cotidiana.<\/p>\n<p>El problema no s\u00f3lo es el presidente L\u00f3pez Obrador, sino el sistema pol\u00edtico mexicano, a ning\u00fan Presidente le gusta la prensa ni los periodistas, s\u00f3lo aquellos que son a modo.<\/p>\n<p>Echeverr\u00eda asest\u00f3 el golpe contra el <em>Exc\u00e9lsior,<\/em> de Julio Scherer; L\u00f3pez Portillo aquilat\u00f3 el \u201cno pago para que me peguen\u201d y ahog\u00f3 a peri\u00f3dicos a trav\u00e9s de PIPSA y el papel; Miguel de la Madrid encarg\u00f3 a su secretario de Gobernaci\u00f3n, Manuel Bartlett, control absoluto de los medios de comunicaci\u00f3n, en su sexenio asesinaron a Manuel Buend\u00eda; Carlos Salinas\u00a0 aquilat\u00f3 el afamado \u201cni los veo ni los oigo\u201d, castig\u00f3 a los Serna quit\u00e1ndoles la posibilidad de comprar Imevisi\u00f3n y lo dio con amplias facilidades al se\u00f1or Salinas Pliego; en la administraci\u00f3n de Ernesto Zedillo se documentaron 202 ataques contra periodistas; Vicente Fox acab\u00f3 con <em>Monitor<\/em> y el periodista Jos\u00e9 Guti\u00e9rrez Viv\u00f3; Felipe Calder\u00f3n y su personera Alejandra Sota, se propusieron sacar del aire a Carmen Aristegui e hicieron de los presupuestos de comunicaci\u00f3n una forma de coercionar a los due\u00f1os de los medios de comunicaci\u00f3n; Enrique Pe\u00f1a Nieto, a trav\u00e9s de David L\u00f3pez y Roberto Calleja, mantuvieron el control y la censura a trav\u00e9s de los presupuestos p\u00fablicos y; L\u00f3pez Obrador, ya vemos c\u00f3mo act\u00faa. No hay uno que haya respetado a plenitud el ejercicio period\u00edstico m\u00e1s all\u00e1 del discurso. \u00a0L\u00f3pez Obrador refrenda que es de los mismos, que no es diferente y que se mimetiz\u00f3 con el sistema pol\u00edtico mexicano: No quiere a los periodistas y, a\u00fan peor, se muestra iracundo frente al periodismo que le investiga y le critica.<\/p>\n<p><em><a href=\"http:\/\/www.lopezsosa.com\" target=\"_blank\" rel=\"noopener\">www.lopezsosa.com<\/a><\/em><br \/>\n<em><a href=\"mailto:joseantonio@lopezsosa.com\" target=\"_blank\" rel=\"noopener\">joseantonio@lopezsosa.com<\/a><\/em><br \/>\n<em><a href=\"http:\/\/twitter.com\/joseantonio1977\" target=\"_blank\" rel=\"noopener\">@joseantonio197<\/a><\/em><\/p>\n","protected":false},"excerpt":{"rendered":"<p><span style=\"color: #005497;\"><strong>Jos\u00e9 Antonio L\u00f3pez Sosa<\/strong><\/span><\/p>\n","protected":false},"author":3,"featured_media":0,"comment_status":"open","ping_status":"open","sticky":false,"template":"","format":"standard","meta":{"_monsterinsights_skip_tracking":false,"_monsterinsights_sitenote_active":false,"_monsterinsights_sitenote_note":"","_monsterinsights_sitenote_category":0,"footnotes":""},"categories":[637],"tags":[638,43690,43674],"class_list":["post-534996","post","type-post","status-publish","format-standard","hentry","category-jose-antonio-lopez-sosa","tag-detras-del-poder","tag-jose-antonio-lopez-sosa","tag-opinion"],"_links":{"self":[{"href":"https:\/\/www.diarioimagen.net\/index.php?rest_route=\/wp\/v2\/posts\/534996","targetHints":{"allow":["GET"]}}],"collection":[{"href":"https:\/\/www.diarioimagen.net\/index.php?rest_route=\/wp\/v2\/posts"}],"about":[{"href":"https:\/\/www.diarioimagen.net\/index.php?rest_route=\/wp\/v2\/types\/post"}],"author":[{"embeddable":true,"href":"https:\/\/www.diarioimagen.net\/index.php?rest_route=\/wp\/v2\/users\/3"}],"replies":[{"embeddable":true,"href":"https:\/\/www.diarioimagen.net\/index.php?rest_route=%2Fwp%2Fv2%2Fcomments&post=534996"}],"version-history":[{"count":0,"href":"https:\/\/www.diarioimagen.net\/index.php?rest_route=\/wp\/v2\/posts\/534996\/revisions"}],"wp:attachment":[{"href":"https:\/\/www.diarioimagen.net\/index.php?rest_route=%2Fwp%2Fv2%2Fmedia&parent=534996"}],"wp:term":[{"taxonomy":"category","embeddable":true,"href":"https:\/\/www.diarioimagen.net\/index.php?rest_route=%2Fwp%2Fv2%2Fcategories&post=534996"},{"taxonomy":"post_tag","embeddable":true,"href":"https:\/\/www.diarioimagen.net\/index.php?rest_route=%2Fwp%2Fv2%2Ftags&post=534996"}],"curies":[{"name":"wp","href":"https:\/\/api.w.org\/{rel}","templated":true}]}}