{"id":535003,"date":"2022-02-07T00:09:08","date_gmt":"2022-02-07T06:09:08","guid":{"rendered":"https:\/\/www.diarioimagen.net\/?p=535003"},"modified":"2022-02-07T00:57:21","modified_gmt":"2022-02-07T06:57:21","slug":"pasarela-de-candidatos-ante-sheinbaum-adios-a-amlo","status":"publish","type":"post","link":"https:\/\/www.diarioimagen.net\/?p=535003","title":{"rendered":"Pasarela de candidatos ante Sheinbaum; adi\u00f3s a AMLO"},"content":{"rendered":"<h2>Poder y dinero<\/h2>\n<h5>V\u00edctor S\u00e1nchez Ba\u00f1os<\/h5>\n<p>&nbsp;<\/p>\n<ul>\n<li><strong><em>Gobernadores de Morena, tambi\u00e9n<\/em><\/strong><\/li>\n<li><strong><em>\u00bfQui\u00e9n mandar\u00e1 en el pa\u00eds?<\/em><\/strong><\/li>\n<li><strong><em>Marina, Mara, Nora, Am\u00e9rico, Julio y Salom\u00f3n<\/em><\/strong><\/li>\n<li><strong><em>Alejandro Baill\u00e8res\u00a0 &#8211; Restaurant El Lago\u00a0<\/em><\/strong><\/li>\n<\/ul>\n<p>&nbsp;<\/p>\n<p style=\"text-align: right;\"><em>Las leyes son semejantes a las telas de ara\u00f1a; detienen<br \/>\na lo d\u00e9bil y ligero y son deshechas por lo fuerte y poderoso<br \/>\n<\/em><strong>Sol\u00f3n de Atenas<\/strong> (640 A.C.-558 A.C.), Legislador griego<\/p>\n<p>&nbsp;<\/p>\n<p>El testamento pol\u00edtico que dej\u00f3 Andr\u00e9s Manuel L\u00f3pez Obrador tiene un destinatario: Claudia Sheinbaum.<\/p>\n<p>Pero sin conocer el contenido de dicho \u00abtestamento\u00bb, las fuerzas futuristas de Morena hacen futurismo y, poco a poco, dejan en el caj\u00f3n del olvido del poder al padre de la Cuarta Transformaci\u00f3n.<\/p>\n<p>Ella aglutina el pasado, presente y futuro de la supervivencia del grupo que ascendi\u00f3 al poder.<\/p>\n<p>En el pasado, fue la que les acerc\u00f3 la comunidad jud\u00eda en M\u00e9xico, para la construcci\u00f3n de muchas obras de infraestructura a partir de 2000, en que AMLO fue jefe del Gobierno del DF. Obras, como la L\u00ednea 12, los segundos pisos, entre otros. Todos tienen la informaci\u00f3n clasificada (oculta por orden de las autoridades) hasta por 30 a\u00f1os.<\/p>\n<p>Es obvio que no tengo una copia del testamento de AMLO. Pero el objetivo de los \u00abtestamentos pol\u00edticos\u00bb, de varios pol\u00edticos del pasado y muchos de ellos dictadores, era perpetuarse en la historia como un palad\u00edn de la democracia.<\/p>\n<p>Realmente, lo que es el verdadero fondo, es el dejar la \u201ctiendita\u201d encargada en la persona que m\u00e1s confianza le tiene. Est\u00e1 en juego, todo. Desde la libertad, hasta el nombre de L\u00f3pez Obrador en los libros de historia.<\/p>\n<p>En ese grupo de \u00abcercanos\u00bb, no est\u00e1 Marcelo Ebrard, ni Ricardo Monreal. S\u00f3lo se aprecia a Sheinbaum y a Ad\u00e1n L\u00f3pez. Este es el Plan \u00abB\u00bb.<\/p>\n<p>Sin embargo, la confianza est\u00e1 en el Palacio del Ayuntamiento. Esta lectura tambi\u00e9n la tienen los candidatos a gubernaturas, por Morena, y los gobernadores que se creen cercanos a la 4T.<\/p>\n<p>Alrededor de ese eje, est\u00e1 todo el trabajo realizado en los \u00faltimos 25 a\u00f1os, tanto en la Ciudad de M\u00e9xico, el semillero m\u00e1s importante de votos en el pa\u00eds, como en los nuevos n\u00facleos de inter\u00e9s electoral como los estados de Tabasco (Carlos Merino), Veracruz (Cuitl\u00e1huac Garc\u00eda), Chiapas (Rutilio Escand\u00f3n). Llama la atenci\u00f3n que la mayor\u00eda de los nuevos gobernadores no est\u00e1n alineados con la ala radical, del socialismo (troskistas) mexicano. Pero algunos nuevos candidatos s\u00ed.<\/p>\n<p>Por ello, es la pasarela con Sheinbaum (No lo hacen con Ebrard, Ad\u00e1n, ni Monreal) a los candidatos como Durango, Marina Vitela; Mara Lezama, de Quintana Roo; Nora Ruvalcaba de Aguascalientes; Salom\u00f3n Jara, Oaxaca; Julio Menchaca, de Hidalgo; Am\u00e9rico Villarreal de Tamaulipas.<\/p>\n<p>Son l\u00edderes locales que establecen un lazo de agradecimiento directo con AMLO.<\/p>\n<p>Sin embargo, la CDMX y Veracruz tendr\u00edan m\u00e1s del 20% del electorado que, sumado al Edomex, podr\u00edan asegurar un triunfo en las elecciones presidenciales de 2024.<\/p>\n<p>El inter\u00e9s supremo de L\u00f3pez Obrador, son \u00fanicamente las elecciones de 2024. La administraci\u00f3n pol\u00edtica del pa\u00eds, est\u00e1 en segundo t\u00e9rmino. Ah\u00ed, est\u00e1n colocando todas las canicas.<\/p>\n<p style=\"text-align: center;\"><strong>PODEROSOS CABALLEROS<\/strong><\/p>\n<p><strong>ALEJANDRO BAILL\u00c8RES, A GRUPO BAL: <\/strong>Antes de fallecer Alberto Baill\u00e8res, coment\u00f3 con el presidente L\u00f3pez Obrador qui\u00e9n se ocupar\u00eda del control de las empresas del conglomerado, ser\u00eda Alejandro Baill\u00e8res Gual. Desde 2016, el empresario de 61 a\u00f1os de edad, se hizo cargo de Grupo BAL (Industrias Pe\u00f1oles, Fresnillo plc, Grupo Nacional Provincial, Grupo Profuturo, Valmex, El Palacio de Hierro, TANE, PetroBal, ElectroBal, entre otras). Don Alberto no dej\u00f3 la directriz de las compa\u00f1\u00edas, hasta el a\u00f1o pasado.<\/p>\n<p><strong>PANDEMIA DEJA HAMBRE EN MILLONES: <\/strong>Adem\u00e1s de la p\u00e9rdida de familiares y secuelas de la enfermedad, muchas enfrentan hambre, desalojo de sus viviendas, rezagos y abandono escolar. El n\u00famero de hu\u00e9rfanos ha aumentado. Falta ayudar con comida a las familias que esperan fuera de los hospitales, agua, medicina a las familias de los enfermos. Urge, lo que no hacen los flamantes y potentados funcionarios p\u00fablicos de Salud: Colaborar con organizaciones y grupos de personas que apoyan esas actividades. Un acto humanitario.<\/p>\n<p><strong>RESPONSABILIDAD SOCIAL CORPORATIVA<\/strong><\/p>\n<p><strong>RESTAURANTE EL LAGO:<\/strong> Por d\u00e9cadas, un \u00edcono de la arquitectura de la CDMX, sin duda alguna, es el restaurante El Lago, en la segunda secci\u00f3n del Bosque de Chapultepec. Operado por Corporaci\u00f3n Mexicana de Restaurantes, en una alianza con la galer\u00eda OMR, no s\u00f3lo renov\u00f3 su vocaci\u00f3n gastron\u00f3mica, sino que construye una nueva plataforma de arte y cultura. Con el liderazgo de Joaqu\u00edn Vargas Mier y Ter\u00e1n ofrecer\u00e1n una plataforma h\u00edbrida e invit\u00f3 a agentes culturales a desarrollar proyectos de la mano de esta alianza. La experiencia de la galer\u00eda OMR, liderada por Crist\u00f3bal Riestra, ubicada en la Colonia Roma, es garant\u00eda de \u00e9xito en este nuevo proyecto de CMR. Del 9 al 13 de febrero, presentar\u00e1 Form follows energy, en colaboraci\u00f3n con la galer\u00eda Jos\u00e9garc\u00eda.mx, 45 piezas de 27 artistas.<\/p>\n<blockquote>\n<h4 style=\"text-align: right;\"><strong>Esc\u00fachame de lunes a viernes, de 21 a 22 horas,<br \/>\nen \u201cV\u00edctor S\u00e1nchez Ba\u00f1os en MVS\u201d<\/strong><\/h4>\n<\/blockquote>\n<p>&nbsp;<\/p>\n<p><a href=\"https:\/\/mvsnoticias.com\/\" target=\"_blank\" rel=\"noopener noreferrer\"><em>MVSnoticias.com<\/em><\/a><br \/>\n<a href=\"http:\/\/poderydinero.mx\" target=\"_blank\" rel=\"noopener noreferrer\"><em>poderydinero.mx<\/em><\/a><em><b><br \/>\n<\/b><a href=\"mailto:vsb@poderydinero.mx\" target=\"_blank\" rel=\"noopener noreferrer\">vsb@poderydinero.mx<\/a><a href=\"mailto:vsanchezb@gmail.com\" target=\"_blank\" rel=\"noopener noreferrer\"><br \/>\n<\/a><strong>Twitter:<\/strong><a href=\"https:\/\/twitter.com\/vsanchezbanos\" target=\"_blank\" rel=\"noopener noreferrer\">@vsanchezbanos<br \/>\n<\/a><strong>Facebook: <\/strong><a href=\"https:\/\/www.facebook.com\/vsanchezbanos?fref=ts\" target=\"_blank\" rel=\"noopener noreferrer\">vsanchezbanos<\/a><\/em><\/p>\n","protected":false},"excerpt":{"rendered":"<p><span style=\"color: #005497;\"><strong>V\u00edctor S\u00e1nchez Ba\u00f1os<\/strong><\/span<\/span><\/p>\n","protected":false},"author":3,"featured_media":0,"comment_status":"open","ping_status":"open","sticky":false,"template":"","format":"standard","meta":{"_monsterinsights_skip_tracking":false,"_monsterinsights_sitenote_active":false,"_monsterinsights_sitenote_note":"","_monsterinsights_sitenote_category":0,"footnotes":""},"categories":[38844],"tags":[43674,38847,38848],"class_list":["post-535003","post","type-post","status-publish","format-standard","hentry","category-victor-sanchez-banos","tag-opinion","tag-poder-y-dinero","tag-victor-sanchez-banos"],"_links":{"self":[{"href":"https:\/\/www.diarioimagen.net\/index.php?rest_route=\/wp\/v2\/posts\/535003","targetHints":{"allow":["GET"]}}],"collection":[{"href":"https:\/\/www.diarioimagen.net\/index.php?rest_route=\/wp\/v2\/posts"}],"about":[{"href":"https:\/\/www.diarioimagen.net\/index.php?rest_route=\/wp\/v2\/types\/post"}],"author":[{"embeddable":true,"href":"https:\/\/www.diarioimagen.net\/index.php?rest_route=\/wp\/v2\/users\/3"}],"replies":[{"embeddable":true,"href":"https:\/\/www.diarioimagen.net\/index.php?rest_route=%2Fwp%2Fv2%2Fcomments&post=535003"}],"version-history":[{"count":0,"href":"https:\/\/www.diarioimagen.net\/index.php?rest_route=\/wp\/v2\/posts\/535003\/revisions"}],"wp:attachment":[{"href":"https:\/\/www.diarioimagen.net\/index.php?rest_route=%2Fwp%2Fv2%2Fmedia&parent=535003"}],"wp:term":[{"taxonomy":"category","embeddable":true,"href":"https:\/\/www.diarioimagen.net\/index.php?rest_route=%2Fwp%2Fv2%2Fcategories&post=535003"},{"taxonomy":"post_tag","embeddable":true,"href":"https:\/\/www.diarioimagen.net\/index.php?rest_route=%2Fwp%2Fv2%2Ftags&post=535003"}],"curies":[{"name":"wp","href":"https:\/\/api.w.org\/{rel}","templated":true}]}}