{"id":535102,"date":"2022-02-08T00:05:39","date_gmt":"2022-02-08T06:05:39","guid":{"rendered":"https:\/\/www.diarioimagen.net\/?p=535102"},"modified":"2022-02-09T05:51:09","modified_gmt":"2022-02-09T11:51:09","slug":"invita-uaem-a-participar-en-el-xx-concurso-del-universitario-emprendedor","status":"publish","type":"post","link":"https:\/\/www.diarioimagen.net\/?p=535102","title":{"rendered":"Invita UAEM a participar en el XX Concurso del Universitario Emprendedor"},"content":{"rendered":"<p><em>\u00a0<\/em><\/p>\n<ul>\n<li><strong><em>En este certamen podr\u00e1n participar, de forma individual o en equipos de hasta cinco integrantes, alumnos y egresados que tengan como m\u00e1ximo un a\u00f1o de haber concluido sus estudios en los niveles medio y superior en la instituci\u00f3n<\/em><\/strong><\/li>\n<\/ul>\n<p>&nbsp;<\/p>\n<p><a href=\"https:\/\/www.diarioimagen.net\/?attachment_id=535198\" rel=\"attachment wp-att-535198\"><img loading=\"lazy\" decoding=\"async\" class=\"aligncenter size-full wp-image-535198\" src=\"https:\/\/www.diarioimagen.net\/wp-content\/uploads\/2022\/02\/Uaem.jpg\" alt=\"\" width=\"460\" height=\"270\" \/><\/a><\/p>\n<p>&nbsp;<\/p>\n<p><strong>Toluca, Estado de M\u00e9xico.\u2014 <\/strong>Para promover y reconocer el potencial emprendedor y el desarrollo de modelos de negocio, la Secretar\u00eda de Extensi\u00f3n y Vinculaci\u00f3n de la Universidad Aut\u00f3noma del Estado de M\u00e9xico (UAEM) invita a la comunidad universitaria a participar en el XX Concurso del Universitario Emprendedor.<\/p>\n<p>En este certamen podr\u00e1n participar, de forma individual o en equipos de hasta cinco integrantes, alumnos y egresados que tengan como m\u00e1ximo un a\u00f1o de haber concluido sus estudios en los niveles medio y superior en la instituci\u00f3n.<\/p>\n<p>Los trabajos presentados deber\u00e1n ser proyectos de negocio que se enmarquen en las categor\u00edas: Proyectos de Innovaci\u00f3n, Verdes o Sustentables. En Innovaci\u00f3n ser\u00e1 pertinente que tengan un impacto en los sectores de la salud, biotecnolog\u00eda, industria qu\u00edmica y farmac\u00e9utica, as\u00ed como en la industria automotriz, del espacio, la construcci\u00f3n y agropecuaria, entre otros.<\/p>\n<p>En el \u00e1rea de Proyectos Verdes se busca que sean trabajos que contribuyan a mejorar la calidad del agua, la generaci\u00f3n de alternativas que aumenten el uso de energ\u00edas renovables, el aprovechamiento y disminuci\u00f3n de residuos, as\u00ed como la generaci\u00f3n de sistemas que contribuyan al acceso del agua potable y proyectos orientados al cuidado y vigilancia del desarrollo sustentable.<\/p>\n<p>Por \u00faltimo, en Proyectos Sociales se busca que contribuyan al abatimiento de la violencia, delincuencia, uso de drogas, prevenci\u00f3n sanitaria y embarazo adolescente. Tambi\u00e9n se consideran propuestas que promuevan la equidad entre hombre y mujeres, entre otros.<\/p>\n<p>Cabe destacar que el 18 de abril de 2022 es la fecha l\u00edmite para registrar los proyectos. El jurado calificador tendr\u00e1 hasta el 3 de mayo para evaluarlos y determinar cu\u00e1les ser\u00e1n seleccionados para la segunda fase. Del 16 al 23 de mayo se realizar\u00e1 una exposici\u00f3n virtual para darlos a conocer y el 25 del mismo mes se realizar\u00e1 la ceremonia de premiaci\u00f3n.<\/p>\n<p>Ser\u00e1n ganadores los primeros tres equipos de estudios profesionales y del nivel medio superior de cada categor\u00eda que hayan obtenido las calificaciones m\u00e1s altas, a partir de la sumatoria de las dos etapas.<\/p>\n<p>Para mayores informes, los interesados pueden escribir al correo electr\u00f3nico coralsl@yahoo.com o al WhatsApp 7222013815; asimismo, llamar al tel\u00e9fono 7224071036 o escribir a las redes sociales de la Secretar\u00eda de Extensi\u00f3n y Vinculaci\u00f3n y la Direcci\u00f3n de Desarrollo Empresarial.<\/p>\n","protected":false},"excerpt":{"rendered":"<p>Para promover y reconocer el potencial emprendedor y el desarrollo de modelos de negocio, la Secretar\u00eda de Extensi\u00f3n y Vinculaci\u00f3n de la Universidad Aut\u00f3noma del Estado de M\u00e9xico (UAEM) invita a la comunidad universitaria a participar en el XX Concurso del Universitario Emprendedor.<\/p>\n","protected":false},"author":3,"featured_media":535198,"comment_status":"open","ping_status":"open","sticky":false,"template":"","format":"standard","meta":{"_monsterinsights_skip_tracking":false,"_monsterinsights_sitenote_active":false,"_monsterinsights_sitenote_note":"","_monsterinsights_sitenote_category":0,"footnotes":""},"categories":[5],"tags":[94524,43675,452,1491],"class_list":["post-535102","post","type-post","status-publish","format-standard","has-post-thumbnail","hentry","category-estado-de-mexico","tag-concurso-del-universitario-emprendedor","tag-estado-de-mexico","tag-toluca","tag-uaem"],"_links":{"self":[{"href":"https:\/\/www.diarioimagen.net\/index.php?rest_route=\/wp\/v2\/posts\/535102","targetHints":{"allow":["GET"]}}],"collection":[{"href":"https:\/\/www.diarioimagen.net\/index.php?rest_route=\/wp\/v2\/posts"}],"about":[{"href":"https:\/\/www.diarioimagen.net\/index.php?rest_route=\/wp\/v2\/types\/post"}],"author":[{"embeddable":true,"href":"https:\/\/www.diarioimagen.net\/index.php?rest_route=\/wp\/v2\/users\/3"}],"replies":[{"embeddable":true,"href":"https:\/\/www.diarioimagen.net\/index.php?rest_route=%2Fwp%2Fv2%2Fcomments&post=535102"}],"version-history":[{"count":0,"href":"https:\/\/www.diarioimagen.net\/index.php?rest_route=\/wp\/v2\/posts\/535102\/revisions"}],"wp:featuredmedia":[{"embeddable":true,"href":"https:\/\/www.diarioimagen.net\/index.php?rest_route=\/wp\/v2\/media\/535198"}],"wp:attachment":[{"href":"https:\/\/www.diarioimagen.net\/index.php?rest_route=%2Fwp%2Fv2%2Fmedia&parent=535102"}],"wp:term":[{"taxonomy":"category","embeddable":true,"href":"https:\/\/www.diarioimagen.net\/index.php?rest_route=%2Fwp%2Fv2%2Fcategories&post=535102"},{"taxonomy":"post_tag","embeddable":true,"href":"https:\/\/www.diarioimagen.net\/index.php?rest_route=%2Fwp%2Fv2%2Ftags&post=535102"}],"curies":[{"name":"wp","href":"https:\/\/api.w.org\/{rel}","templated":true}]}}