{"id":535114,"date":"2022-02-08T00:04:46","date_gmt":"2022-02-08T06:04:46","guid":{"rendered":"https:\/\/www.diarioimagen.net\/?p=535114"},"modified":"2022-02-08T01:43:20","modified_gmt":"2022-02-08T07:43:20","slug":"reformas-en-bando-municipal-2022-de-nicolas-romero","status":"publish","type":"post","link":"https:\/\/www.diarioimagen.net\/?p=535114","title":{"rendered":"Reformas en Bando Municipal 2022 de Nicol\u00e1s Romero"},"content":{"rendered":"<p>&nbsp;<\/p>\n<p><a href=\"https:\/\/www.diarioimagen.net\/?attachment_id=535209\" rel=\"attachment wp-att-535209\"><img loading=\"lazy\" decoding=\"async\" class=\"aligncenter size-full wp-image-535209\" src=\"https:\/\/www.diarioimagen.net\/wp-content\/uploads\/2022\/02\/nicolas-2.jpg\" alt=\"\" width=\"460\" height=\"270\" \/><\/a><\/p>\n<p>&nbsp;<\/p>\n<p><strong>Nicol\u00e1s Romero, Estado de M\u00e9xico<\/strong><strong>.\u2014 <\/strong>Con fundamento en lo dispuesto por los art\u00edculos 31 fracci\u00f3n 1, 48, fracci\u00f3n 1, 48 fracci\u00f3n III, 160, 161, 162, 163, 164 y 165 de la Ley Org\u00e1nica Municipal del Estado de M\u00e9xico, se realiz\u00f3 la develaci\u00f3n del Bando Municipal, que contribuye a fortalecer el tejido social y a tener una sociedad m\u00e1s arm\u00f3nica, adem\u00e1s de que es una herramienta esencial para responder a las demandas y necesidades de la poblaci\u00f3n.<\/p>\n<p>Entre las modificaciones m\u00e1s sobresalientes que contiene el Bando Municipal 2022, se encuentra la creaci\u00f3n de la Direcci\u00f3n de Inclusi\u00f3n y Equidad\u00a0 (art\u00edculos 96-102), misma que se integr\u00f3 a su vez, con las coordinaciones de Especializaci\u00f3n en G\u00e9nero y Empoderamiento de la Mujer Municipal (CEGEMM) y de Personas Adultas Mayores.<\/p>\n","protected":false},"excerpt":{"rendered":"<p>Con fundamento en lo dispuesto por los art\u00edculos 31 fracci\u00f3n 1, 48, fracci\u00f3n 1, 48 fracci\u00f3n III, 160, 161, 162, 163, 164 y 165 de la Ley Org\u00e1nica Municipal del Estado de M\u00e9xico, se realiz\u00f3 la develaci\u00f3n del Bando Municipal, que contribuye a fortalecer el tejido social y a tener una sociedad m\u00e1s arm\u00f3nica, adem\u00e1s de que es una herramienta esencial para responder a las demandas y necesidades de la poblaci\u00f3n.<\/p>\n","protected":false},"author":3,"featured_media":535209,"comment_status":"open","ping_status":"open","sticky":false,"template":"","format":"standard","meta":{"_monsterinsights_skip_tracking":false,"_monsterinsights_sitenote_active":false,"_monsterinsights_sitenote_note":"","_monsterinsights_sitenote_category":0,"footnotes":""},"categories":[5],"tags":[48409,43675,752],"class_list":["post-535114","post","type-post","status-publish","format-standard","has-post-thumbnail","hentry","category-estado-de-mexico","tag-bando-municipal","tag-estado-de-mexico","tag-nicolas-romero"],"_links":{"self":[{"href":"https:\/\/www.diarioimagen.net\/index.php?rest_route=\/wp\/v2\/posts\/535114","targetHints":{"allow":["GET"]}}],"collection":[{"href":"https:\/\/www.diarioimagen.net\/index.php?rest_route=\/wp\/v2\/posts"}],"about":[{"href":"https:\/\/www.diarioimagen.net\/index.php?rest_route=\/wp\/v2\/types\/post"}],"author":[{"embeddable":true,"href":"https:\/\/www.diarioimagen.net\/index.php?rest_route=\/wp\/v2\/users\/3"}],"replies":[{"embeddable":true,"href":"https:\/\/www.diarioimagen.net\/index.php?rest_route=%2Fwp%2Fv2%2Fcomments&post=535114"}],"version-history":[{"count":0,"href":"https:\/\/www.diarioimagen.net\/index.php?rest_route=\/wp\/v2\/posts\/535114\/revisions"}],"wp:featuredmedia":[{"embeddable":true,"href":"https:\/\/www.diarioimagen.net\/index.php?rest_route=\/wp\/v2\/media\/535209"}],"wp:attachment":[{"href":"https:\/\/www.diarioimagen.net\/index.php?rest_route=%2Fwp%2Fv2%2Fmedia&parent=535114"}],"wp:term":[{"taxonomy":"category","embeddable":true,"href":"https:\/\/www.diarioimagen.net\/index.php?rest_route=%2Fwp%2Fv2%2Fcategories&post=535114"},{"taxonomy":"post_tag","embeddable":true,"href":"https:\/\/www.diarioimagen.net\/index.php?rest_route=%2Fwp%2Fv2%2Ftags&post=535114"}],"curies":[{"name":"wp","href":"https:\/\/api.w.org\/{rel}","templated":true}]}}