{"id":535153,"date":"2022-02-08T00:02:57","date_gmt":"2022-02-08T06:02:57","guid":{"rendered":"https:\/\/www.diarioimagen.net\/?p=535153"},"modified":"2022-02-09T03:17:24","modified_gmt":"2022-02-09T09:17:24","slug":"el-presidente-vuelve-a-usar-su-fracasada-estrategia-del-chanclazo","status":"publish","type":"post","link":"https:\/\/www.diarioimagen.net\/?p=535153","title":{"rendered":"El Presidente vuelve a usar su fracasada estrategia del \u201cchanclazo\u201d"},"content":{"rendered":"<h2>La Retaguardia<\/h2>\n<h5>Adriana Moreno Cordero<\/h5>\n<p><em>\u00a0<\/em><em>\u00a0<\/em><\/p>\n<ul>\n<li><strong><em>Apoyo de Ken Salazar a L\u00f3pez Obrador, \u201cde dientes para afuera\u201d<\/em><\/strong><\/li>\n<\/ul>\n<p>&nbsp;<\/p>\n<p>\u00a1Qui\u00e9n lo iba a decir!, cuando a tres a\u00f1os de gobierno, el presidente <strong>Andr\u00e9s Manuel L\u00f3pez Obrador<\/strong> ha podido comprobar fehacientemente que su \u201cestrategia\u201d para contener la violencia y a la delincuencia, aquella de que se les acuse a los delincuentes con sus mam\u00e1s y la de utilizar la chancla como medio de represi\u00f3n, no sirve para nada y sin embargo, ante su evidente incompetencia, la vuelve a utilizar.<\/p>\n<p>Y esto ocurri\u00f3 en el gustad\u00edsimo \u201cstand-up\u201d ma\u00f1anero, donde el inquilino de Palacio Nacional hizo un amable exhorto a los padres de los supuestos estudiantes normalistas de Ayotzinapa, para que hablen con ellos, los rega\u00f1en y los retornen al buen camino, luego de los violentos sucesos ocurridos en la caseta de Palo Blanco, en Guerrero, donde el misterioso tr\u00e1iler se movi\u00f3 a lo mejor por obra y gracia del Esp\u00edritu Santo y no se puede denunciar a nadie porque no hab\u00eda chofer, esto \u00faltimo, de acuerdo con la docta y cult\u00edsima presidenta municipal de Acapulco, <strong>Abelina L\u00f3pez,<\/strong> a quien por cierto, el Presidente apoy\u00f3.<\/p>\n<p>El caso es que en tono hasta paternal, el de Tepetit\u00e1n llam\u00f3 a los presuntos estudiantes, \u201cmuchachos\u201d y les recomend\u00f3 que si quer\u00edan dinero, para eso estaban las becas y programas tan boyantes como el fracasado \u201cJ\u00f3venes Construyendo el Futuro\u201d; porque si acaso les pas\u00f3 por la mente a \u201clos muchachos\u201d que el Ejecutivo, gustoso, les dar\u00eda dinero, pues nada m\u00e1s que pongan atenci\u00f3n en que el tabasque\u00f1o no le da al INE recursos para llevar a cabo su tan llevada y tra\u00edda consulta de Revocaci\u00f3n de Mandato, pues a ellos menos.<\/p>\n<p>Y lo \u00fanico que consigui\u00f3 el inquilino de Palacio Nacional es evidenciar que este y otros conflictos se le est\u00e1n saliendo irremediablemente de las manos. Como un efecto en cadena o\u00a0 domin\u00f3, ahora en Michoac\u00e1n, se establecieron dos frentes. Por un lado, alumnos de la Escuela Rural Normal \u201cVasco de Quiroga\u201d, tomaron autobuses para obstruir la v\u00eda Morelia-P\u00e1tzcuaro, con el pretexto de que el gobernador morenista, <strong>Alfredo Ram\u00edrez Bedolla<\/strong>, no les ha cumplido un pliego petitorio.<\/p>\n<p>En el otro frente, maestros de la Coordinadora Nacional de Trabajadores de la Educaci\u00f3n, (CNTE) Secci\u00f3n 18, antes seguidores fervientes ni m\u00e1s ni menos que de L\u00f3pez Obrador, viendo frustrados sus recientes intentos de bloquear las v\u00edas f\u00e9rreas, lo que antes, -en los tiempos del ex gobernador <strong>Silvano Aureoles<\/strong>-, hac\u00edan \u201ccon la mano en la cintura\u201d, amenazaron por medio de una conferencia de prensa que dio el secretario general de dicha secci\u00f3n, <strong>Benjam\u00edn Hern\u00e1ndez<\/strong>, ocupar el paso de los trenes a la altura de Caltzontzin, Uruapan, e incluso, buscar otras v\u00edas f\u00e9rreas a lo largo y ancho del estado,\u00a0 \u201cla idea es permanecer ah\u00ed, \u2026tendremos que revisar con los compa\u00f1eros a nivel estatal, la posibilidad de esa jornada de lucha y poderla ampliar y generar\u201d.<\/p>\n<p>Esto, l\u00f3gicamente, acarrear\u00e1 nuevos enfrentamientos con la Guardia Nacional y Polic\u00eda Estatal que ahora s\u00ed, al parecer, ya est\u00e1n evitando que cualquiera pueda ocupar y obstruir el lugar que se le ocurra.<\/p>\n<p>Y ante esta situaci\u00f3n, qu\u00e9, \u00bftambi\u00e9n a los de la CNTE, el presidente L\u00f3pez Obrador los va a acusar con sus mam\u00e1s? Sin duda, el fracaso de la estrategia para combatir la inseguridad del tabasque\u00f1o es total.<\/p>\n<p style=\"text-align: center;\"><strong>Municiones<\/strong><\/p>\n<p>*** El enviado especial para el cambio clim\u00e1tico de Estados Unidos, <strong>John Kerry<\/strong>, visitar\u00e1, en un viaje rel\u00e1mpago, al presidente L\u00f3pez Obrador el d\u00eda de ma\u00f1ana y el objetivo es de la administraci\u00f3n Biden es muy claro; el que fuera aspirante a la presidencia del vecino pa\u00eds abogar\u00e1 por mayor producci\u00f3n de energ\u00eda renovable as\u00ed como condiciones de inversi\u00f3n s\u00f3lidas en el pa\u00eds. Kerry se reunir\u00e1 con otras autoridades mexicanas para hablar tambi\u00e9n sobre el cambio clim\u00e1tico para expandir la generaci\u00f3n de energ\u00edas renovables; crear un clima de inversi\u00f3n s\u00f3lido; combatir la contaminaci\u00f3n por metano; llevar a cabo la transici\u00f3n del transporte a cero emisiones y, ojo, acabar con la deforestaci\u00f3n. Entonces, aqu\u00ed viene la pregunta: \u00bfqu\u00e9 explicaci\u00f3n le dar\u00e1 el tabasque\u00f1o al funcionario estadunidense respecto a que en el trazo del destartalado Tren Maya, mejor conocido como \u201cTren Falla\u201d, se talaron de manera totalmente innecesaria algo as\u00ed como 20 mil \u00e1rboles, que anunciaron que ser\u00edan trasplantados, sin tener la menor idea de c\u00f3mo se hace ese proceso que adem\u00e1s es muy costoso, seg\u00fan se sabe?<\/p>\n<p>*** Por cierto, el presidente de la Junta de Coordinaci\u00f3n Pol\u00edtica, <strong>Ricardo Monreal \u00c1vila<\/strong>, se reuni\u00f3 con el embajador de Estados Unidos en M\u00e9xico, <strong>Ken Salazar<\/strong>, para analizar diversos temas de la agenda bilateral. Luego de esta reuni\u00f3n, el legislador zacatecano se\u00f1al\u00f3: \u201cConvers\u00e9 con \u00e9l ampliamente sobre diversos temas de la agenda bilateral: Migraci\u00f3n, comercio internacional, la relaci\u00f3n entre M\u00e9xico y Estados Unidos y de la pr\u00f3xima reuni\u00f3n interparlamentaria. Agreg\u00f3 que, \u00a0\u201cplaticamos ampliamente hace unos d\u00edas y hoy que \u00e9l se ha pronunciado, no s\u00f3lo respetando la decisi\u00f3n del Congreso, sino respaldando los motivos del presidente, (sobre la reforma el\u00e9ctrica) ayuda mucho a construir un acuerdo amplio que beneficie, no que perjudique ni tampoco que genere condiciones inapropiadas para el sector econ\u00f3mico y los inversionistas extranjeros\u201d.<\/p>\n<p>*** En este mismo orden de ideas, tal parece que en el gobierno estadounidense, respecto a la controvertida reforma el\u00e9ctrica de L\u00f3pez Obrador, est\u00e1 dividido. Por un lado, John\u00a0 Kerry y por el otro, el propio embajador Salazar, sin embargo, el respaldo que dio \u00e9ste \u00faltimo la semana pasada a la propuesta lopezobradorista, a lo mejor, fue \u201cde dientes para afuera\u201d. Lo que consigui\u00f3 Salazar es que en una columna publicada en <em>The Wall Street Journal<\/em>, su autora, <strong>Mary Anastasia O\u2019Grady<\/strong>, critic\u00f3 a Salazar por dicha postura y sugiri\u00f3 que el presidente Biden lo despida. En dicha columna, O\u2019Grady destaca: \u201cLas reformas contravienen directamente los compromisos del pa\u00eds en el marco del acuerdo Estados Unidos-M\u00e9xico-Canad\u00e1 (conocido como TMEC), de garantizar mercados abiertos y competitivos y un trato equitativo a todas las partes, extranjeras y nacionales\u201d.<\/p>\n<p>*** La presidenta del PRD en la Ciudad de M\u00e9xico, <strong>Nora Arias Contreras.<\/strong> conden\u00f3 las humillaciones y malos tratos a la ni\u00f1ez\u00a0 en albergues de la capital del pa\u00eds hechos p\u00fablicos.\u00a0La dirigente perredista calific\u00f3 de inadmisibles las conductas de los trabajadores en contra de los ni\u00f1os y adolescentes, por lo que urgi\u00f3 al gobierno de la Ciudad de M\u00e9xico se investigue de manera inmediata el caso.\u00a0Adem\u00e1s, la ex delegada de Gustavo A. Madero pidi\u00f3 que se castigue con todo el peso de la ley a quienes est\u00e9n involucrados en este caso. Arias Contreras hizo p\u00fablica su demanda a trav\u00e9s de las redes sociales.<\/p>\n<p><u><a href=\"mailto:morcora@gmail.com\" target=\"_blank\" rel=\"noopener noreferrer\"><em>morcora@gmail.com<\/em><\/a><\/u><\/p>\n","protected":false},"excerpt":{"rendered":"<p><span style=\"color: #005497;\"><strong>Adriana Moreno Cordero<\/strong><\/span><\/p>\n","protected":false},"author":3,"featured_media":0,"comment_status":"open","ping_status":"open","sticky":false,"template":"","format":"standard","meta":{"_monsterinsights_skip_tracking":false,"_monsterinsights_sitenote_active":false,"_monsterinsights_sitenote_note":"","_monsterinsights_sitenote_category":0,"footnotes":""},"categories":[69370],"tags":[69369,69368,43674],"class_list":["post-535153","post","type-post","status-publish","format-standard","hentry","category-adriana-moreno-cordero","tag-adriana-moreno-cordero","tag-la-retaguardia","tag-opinion"],"_links":{"self":[{"href":"https:\/\/www.diarioimagen.net\/index.php?rest_route=\/wp\/v2\/posts\/535153","targetHints":{"allow":["GET"]}}],"collection":[{"href":"https:\/\/www.diarioimagen.net\/index.php?rest_route=\/wp\/v2\/posts"}],"about":[{"href":"https:\/\/www.diarioimagen.net\/index.php?rest_route=\/wp\/v2\/types\/post"}],"author":[{"embeddable":true,"href":"https:\/\/www.diarioimagen.net\/index.php?rest_route=\/wp\/v2\/users\/3"}],"replies":[{"embeddable":true,"href":"https:\/\/www.diarioimagen.net\/index.php?rest_route=%2Fwp%2Fv2%2Fcomments&post=535153"}],"version-history":[{"count":0,"href":"https:\/\/www.diarioimagen.net\/index.php?rest_route=\/wp\/v2\/posts\/535153\/revisions"}],"wp:attachment":[{"href":"https:\/\/www.diarioimagen.net\/index.php?rest_route=%2Fwp%2Fv2%2Fmedia&parent=535153"}],"wp:term":[{"taxonomy":"category","embeddable":true,"href":"https:\/\/www.diarioimagen.net\/index.php?rest_route=%2Fwp%2Fv2%2Fcategories&post=535153"},{"taxonomy":"post_tag","embeddable":true,"href":"https:\/\/www.diarioimagen.net\/index.php?rest_route=%2Fwp%2Fv2%2Ftags&post=535153"}],"curies":[{"name":"wp","href":"https:\/\/api.w.org\/{rel}","templated":true}]}}