{"id":535166,"date":"2022-02-08T00:03:37","date_gmt":"2022-02-08T06:03:37","guid":{"rendered":"https:\/\/www.diarioimagen.net\/?p=535166"},"modified":"2022-02-08T01:01:34","modified_gmt":"2022-02-08T07:01:34","slug":"cardenas-contra-amlo-2","status":"publish","type":"post","link":"https:\/\/www.diarioimagen.net\/?p=535166","title":{"rendered":"C\u00e1rdenas contra AMLO"},"content":{"rendered":"<h2>Espacio Electoral<\/h2>\n<h5>Eleazar Flores<\/h5>\n<p>&nbsp;<\/p>\n<p><strong>LE LLUEVE SOBRE MOJADO-.<\/strong> Para el ingeniero Cuauht\u00e9moc C\u00e1rdenas Sol\u00f3rzano, el combate a los grandes males nacionales como la inseguridad y la ingobernabilidad, la Cuarta Transformaci\u00f3n los combate \u201ccon la misma medicina de antes\u201d, de ah\u00ed su fracaso.<\/p>\n<p>Seg\u00fan el michoacano ha sido un error el hecho de militarizar las tareas de combate a la delincuencia como lo viene haciendo el gobierno del presidente Andr\u00e9s Manuel L\u00f3pez Obrador, beneficiario m\u00e1ximo del antes\u00a0 PRD, hoy Morena, con cuyas siglas lleg\u00f3 al poder en 2018.<\/p>\n<p>Interesantes sin duda los puntos de vista del fundador del Frente Democr\u00e1tico Nacional en 1988, junto con Porfirio Mu\u00f1oz Ledo como cabeza visible entre muchos otros, corriente aglutinadora que apoy\u00f3 la candidatura presidencial de C\u00e1rdenas Sol\u00f3rzano y cuyos resultados se siguen cuestionando 34 a\u00f1os despu\u00e9s, mismos que dieron el triunfo a Carlos Salinas de Gortari.<\/p>\n<p>Ese triunfo fue avalado y anunciado por el entonces secretario de Gobernaci\u00f3n, Manuel Bartlet D\u00edaz, en su calidad de presidente de la Comisi\u00f3n Federal Electoral, al que cuando punteaba en votos Cuauht\u00e9moc C\u00e1rdenas, curiosamente se le \u201ccay\u00f3 el sistema\u201d y se levant\u00f3 un d\u00eda o m\u00e1s despu\u00e9s cuando el PRI y su candidato ya hab\u00edan rebasado al Frente Democr\u00e1tico Nacional.<\/p>\n<p>Luego de ese resultado cuestionado por C\u00e1rdenas y el candidato presidencial panista Manuel J. Clouthier con marcha y mitin incluido en el \u00c1ngel de la Independencia, otro panista de prosapia, Diego Fern\u00e1ndez de Cevallos dijo a prop\u00f3sito del hecho: \u201cEl sistema se cay\u00f3 y se call\u00f3\u201d.<\/p>\n<p>En sus amplias declaraciones al reportero Jos\u00e9 Gil Olmos de la revista <em>Proceso<\/em>, el ingeniero Cuauht\u00e9moc C\u00e1rdenas externa con bases la situaci\u00f3n que vive el pa\u00eds al que ve con rezagos sociales y pol\u00edticos\u00a0 como antes, pero tambi\u00e9n con desigualdad social y corrupci\u00f3n, urgiendo a que cuanto antes se limpie la democracia.<\/p>\n<p>Puntos de vista valiosos del octogenario pol\u00edtico michoacano, a quien se le sigue reconociendo calidad moral y por tanto credibilidad, pero habr\u00e1 que esperar el punto de vista del padre de la Cuarta Transformaci\u00f3n.<\/p>\n<p>No obstante su trayectoria de d\u00e9cadas en la izquierda mexicana, habr\u00e1 integrantes de la Cuarta Transformaci\u00f3n que con tal de quedar bien con ya sabe qui\u00e9n, externen cr\u00edticas para uno de los pocos sobrevivientes serios de esta ala de la pol\u00edtica, pues muchos se han adelantado, como el inventor de la tridilosa en 1966, ingeniero Heberto Castillo Mart\u00ednez, pero tambi\u00e9n del PMT.<\/p>\n<p>Ojal\u00e1 y la prudencia quepa en las actuales huestes j\u00f3venes del Movimiento Regeneraci\u00f3n Nacional para no llegar al insulto en contra del michoacano, como ya lo hicieron en caso del activo moreno Porfirio Mu\u00f1oz Ledo, provenientes literalmente de principiantes en pol\u00edtica, as\u00ed presuman diplomas de estudios.<\/p>\n<p><em><a href=\"mailto:elefa44@gmail.com\" target=\"_blank\" rel=\"noopener noreferrer\">elefa44@gmail.com<\/a><\/em><\/p>\n","protected":false},"excerpt":{"rendered":"<p><span style=\"color: #005497;\"><strong>Eleazar Flores<\/strong><\/span><\/p>\n","protected":false},"author":3,"featured_media":0,"comment_status":"open","ping_status":"open","sticky":false,"template":"","format":"standard","meta":{"_monsterinsights_skip_tracking":false,"_monsterinsights_sitenote_active":false,"_monsterinsights_sitenote_note":"","_monsterinsights_sitenote_category":0,"footnotes":""},"categories":[81743],"tags":[81744,81776,43674],"class_list":["post-535166","post","type-post","status-publish","format-standard","hentry","category-eleazar-flores","tag-eleazar-flores","tag-espacio-electoral","tag-opinion"],"_links":{"self":[{"href":"https:\/\/www.diarioimagen.net\/index.php?rest_route=\/wp\/v2\/posts\/535166","targetHints":{"allow":["GET"]}}],"collection":[{"href":"https:\/\/www.diarioimagen.net\/index.php?rest_route=\/wp\/v2\/posts"}],"about":[{"href":"https:\/\/www.diarioimagen.net\/index.php?rest_route=\/wp\/v2\/types\/post"}],"author":[{"embeddable":true,"href":"https:\/\/www.diarioimagen.net\/index.php?rest_route=\/wp\/v2\/users\/3"}],"replies":[{"embeddable":true,"href":"https:\/\/www.diarioimagen.net\/index.php?rest_route=%2Fwp%2Fv2%2Fcomments&post=535166"}],"version-history":[{"count":0,"href":"https:\/\/www.diarioimagen.net\/index.php?rest_route=\/wp\/v2\/posts\/535166\/revisions"}],"wp:attachment":[{"href":"https:\/\/www.diarioimagen.net\/index.php?rest_route=%2Fwp%2Fv2%2Fmedia&parent=535166"}],"wp:term":[{"taxonomy":"category","embeddable":true,"href":"https:\/\/www.diarioimagen.net\/index.php?rest_route=%2Fwp%2Fv2%2Fcategories&post=535166"},{"taxonomy":"post_tag","embeddable":true,"href":"https:\/\/www.diarioimagen.net\/index.php?rest_route=%2Fwp%2Fv2%2Ftags&post=535166"}],"curies":[{"name":"wp","href":"https:\/\/api.w.org\/{rel}","templated":true}]}}