{"id":535317,"date":"2022-02-09T00:02:53","date_gmt":"2022-02-09T06:02:53","guid":{"rendered":"https:\/\/www.diarioimagen.net\/?p=535317"},"modified":"2022-02-09T05:31:00","modified_gmt":"2022-02-09T11:31:00","slug":"atiende-cuautitlan-izcalli-incendio-en-las-instalaciones-de-servicios-publicos-municipales","status":"publish","type":"post","link":"https:\/\/www.diarioimagen.net\/?p=535317","title":{"rendered":"Atiende Cuautitl\u00e1n Izcalli incendio en las instalaciones de Servicios P\u00fablicos Municipales"},"content":{"rendered":"<p>&nbsp;<\/p>\n<p><a href=\"https:\/\/www.diarioimagen.net\/?attachment_id=535422\" rel=\"attachment wp-att-535422\"><img loading=\"lazy\" decoding=\"async\" class=\"aligncenter wp-image-535422 size-full\" src=\"https:\/\/www.diarioimagen.net\/wp-content\/uploads\/2022\/02\/izcalli-4.jpg\" alt=\"\" width=\"460\" height=\"270\" \/><\/a><\/p>\n<p>&nbsp;<\/p>\n<p><strong>Cuautitl\u00e1n Izcalli, Estado de M\u00e9xico<\/strong><strong>.\u2014 <\/strong>Protecci\u00f3n Civil y Bomberos de Cuautitl\u00e1n Izcalli, personal de la Direcci\u00f3n de Servicios P\u00fablicos, Operagua y Obras P\u00fablicas, apoyados por Elementos de Protecci\u00f3n Civil del Gobierno del Estado de M\u00e9xico, Cuerpo de Bomberos de Cuautitl\u00e1n, Tultitl\u00e1n y Tepotzotl\u00e1n, lograron sofocar el incendio iniciado en la Planta Municipal de Composta.<\/p>\n","protected":false},"excerpt":{"rendered":"<p>Protecci\u00f3n Civil y Bomberos de Cuautitl\u00e1n Izcalli, personal de la Direcci\u00f3n de Servicios P\u00fablicos, Operagua y Obras P\u00fablicas, apoyados por Elementos de Protecci\u00f3n Civil del Gobierno del Estado de M\u00e9xico, Cuerpo de Bomberos de Cuautitl\u00e1n, Tultitl\u00e1n y Tepotzotl\u00e1n, lograron sofocar el incendio iniciado en la Planta Municipal de Composta.<\/p>\n","protected":false},"author":3,"featured_media":535422,"comment_status":"open","ping_status":"open","sticky":false,"template":"","format":"standard","meta":{"_monsterinsights_skip_tracking":false,"_monsterinsights_sitenote_active":false,"_monsterinsights_sitenote_note":"","_monsterinsights_sitenote_category":0,"footnotes":""},"categories":[5],"tags":[971,43675,8065],"class_list":["post-535317","post","type-post","status-publish","format-standard","has-post-thumbnail","hentry","category-estado-de-mexico","tag-cuautitlan-izcalli","tag-estado-de-mexico","tag-incendio"],"_links":{"self":[{"href":"https:\/\/www.diarioimagen.net\/index.php?rest_route=\/wp\/v2\/posts\/535317","targetHints":{"allow":["GET"]}}],"collection":[{"href":"https:\/\/www.diarioimagen.net\/index.php?rest_route=\/wp\/v2\/posts"}],"about":[{"href":"https:\/\/www.diarioimagen.net\/index.php?rest_route=\/wp\/v2\/types\/post"}],"author":[{"embeddable":true,"href":"https:\/\/www.diarioimagen.net\/index.php?rest_route=\/wp\/v2\/users\/3"}],"replies":[{"embeddable":true,"href":"https:\/\/www.diarioimagen.net\/index.php?rest_route=%2Fwp%2Fv2%2Fcomments&post=535317"}],"version-history":[{"count":0,"href":"https:\/\/www.diarioimagen.net\/index.php?rest_route=\/wp\/v2\/posts\/535317\/revisions"}],"wp:featuredmedia":[{"embeddable":true,"href":"https:\/\/www.diarioimagen.net\/index.php?rest_route=\/wp\/v2\/media\/535422"}],"wp:attachment":[{"href":"https:\/\/www.diarioimagen.net\/index.php?rest_route=%2Fwp%2Fv2%2Fmedia&parent=535317"}],"wp:term":[{"taxonomy":"category","embeddable":true,"href":"https:\/\/www.diarioimagen.net\/index.php?rest_route=%2Fwp%2Fv2%2Fcategories&post=535317"},{"taxonomy":"post_tag","embeddable":true,"href":"https:\/\/www.diarioimagen.net\/index.php?rest_route=%2Fwp%2Fv2%2Ftags&post=535317"}],"curies":[{"name":"wp","href":"https:\/\/api.w.org\/{rel}","templated":true}]}}