{"id":535319,"date":"2022-02-09T00:01:14","date_gmt":"2022-02-09T06:01:14","guid":{"rendered":"https:\/\/www.diarioimagen.net\/?p=535319"},"modified":"2022-02-09T05:33:14","modified_gmt":"2022-02-09T11:33:14","slug":"por-su-primer-bono-ligado-a-la-sustentabilidad-volaris-fue-reconocida","status":"publish","type":"post","link":"https:\/\/www.diarioimagen.net\/?p=535319","title":{"rendered":"Por su primer bono ligado a la sustentabilidad Volaris fue reconocida"},"content":{"rendered":"<h2>De cinco estrellas<\/h2>\n<h5>Victoria Gonz\u00e1lez Prado<\/h5>\n<p>&nbsp;<\/p>\n<ul>\n<li><strong><em>Tres hoteles de lujo se posicionan destacan entre para peruanos y extranjeros<\/em><\/strong><\/li>\n<li><strong><em>La empresa mexicana Link by CP, ya tiene representaci\u00f3n en Espa\u00f1a<\/em><\/strong><\/li>\n<\/ul>\n<p>&nbsp;<\/p>\n<div id=\"attachment_535428\" style=\"width: 470px\" class=\"wp-caption aligncenter\"><a href=\"https:\/\/www.diarioimagen.net\/?attachment_id=535428\" rel=\"attachment wp-att-535428\"><img loading=\"lazy\" decoding=\"async\" aria-describedby=\"caption-attachment-535428\" class=\"size-full wp-image-535428\" src=\"https:\/\/www.diarioimagen.net\/wp-content\/uploads\/2022\/02\/turismo-3.jpg\" alt=\"\" width=\"460\" height=\"270\" \/><\/a><p id=\"caption-attachment-535428\" class=\"wp-caption-text\">El Consejo Consultivo de Finanzas Verdes entreg\u00f3 el reconocimiento.<\/p><\/div>\n<p>&nbsp;<\/p>\n<p>El Consejo Consultivo de Finanzas Verdes (CCFV) reconoci\u00f3 a Volaris por la emisi\u00f3n del primer bono ligado a la sustentabilidad en Am\u00e9rica Latina por parte de una aerol\u00ednea en el mercado local.<\/p>\n<p>La colocaci\u00f3n del bono, en octubre de 2021, por mil 500 millones de pesos est\u00e1 vinculada al cumplimiento de m\u00e9tricas sustentables. A trav\u00e9s de la renovaci\u00f3n e incremento de flota con tecnolog\u00eda de \u00faltima generaci\u00f3n, la aerol\u00ednea se compromete a reducir sus emisiones de carbono.<\/p>\n<p>El Consejo Consultivo de Finanzas Verdes es una de las instituciones m\u00e1s serias del sector financiero mexicano, busca promover proyectos y activos de inversi\u00f3n que generen beneficios ambientales y sociales, impulsando los objetivos de desarrollo sostenible.<\/p>\n<p><strong>Jos\u00e9 Alfonso Lozano<\/strong>, director de asuntos corporativos de Volaris, se\u00f1al\u00f3, \u201ceste reconocimiento es indicador de que vamos por el camino correcto. Seguiremos trabajando para mitigar el impacto ambiental de nuestras operaciones y apoyar a la conservaci\u00f3n del planeta, as\u00ed como a las comunidades donde tenemos presencia\u201d.<\/p>\n<p>Las acciones de la compa\u00f1\u00eda a\u00e9rea en materia de sustentabilidad son parte central de su estrategia de negocio desde 2019, cuando consolid\u00f3 su Programa Corporativo de Sustentabilidad para generar valor a grupos de inter\u00e9s y asegurar que el negocio de la aviaci\u00f3n de bajo costo siga siendo motor de crecimiento por muchos a\u00f1os m\u00e1s.<\/p>\n<p>\u2730\u2730\u2730\u2730\u2730 Tres marcas de hoteles de lujo se posicionan como los m\u00e1s destacados para el p\u00fablico peruano, se trata de Pullman Lima Miraflores, Pullman Lima San Isidro y Manto Mgallery, los tres inmuebles de lujo tienen mucha aceptaci\u00f3n en el p\u00fablico peruano, lo que se debe al compromiso de cada uno de los colaboradores,\u00a0 conocer a los clientes y entender que ellos merecen ser recibidos como en casa\u201d\u00a0 asegur\u00f3 <strong>Clavel Garibay<\/strong>, gerente de ventas de los inmuebles.<\/p>\n<p>Asimismo, la gerente se\u00f1al\u00f3 que cada uno de los hoteles tiene un diferencial que los hace \u00fanicos en el mercado peruano, \u201cMiraflores tiene el lado juvenil, San Isidro; se enfoca en lo moderno y lujoso, mientras que, Manto MGallery cuenta con esa mirada sofistacada y virreinal exclusivo para el p\u00fablico local y extranjero\u201d.<\/p>\n<p>El reci\u00e9n inaugurado, Pullman Lima Miraflores, es ideal para los amantes de lo bohemio, la moda y el <em>lifestyle<\/em>. Su arquitectura \u00fanica lo posiciona como una de las m\u00e1s hermosas en la capital lime\u00f1a.<\/p>\n<p>El hotel cuenta con la acreditaci\u00f3n de infraestructura 100 por ciento sustentable. El <em>Rooftop<\/em> mira al oc\u00e9ano Pac\u00edfico, Cuenta con\u00a0 237 habitaciones, suites y pisos ejecutivos, con seis salas de reuniones y dos restaurantes y el\u00a0 reci\u00e9n inaugurado restaurante \u201cPlural\u201d ubicado en el primer piso que combina bebidas frescas y\u00a0 gastronom\u00eda peruana.<\/p>\n<p><em>Manto Mgallery<\/em> rescata el patrimonio local y redescubre la Lima Virreinal a trav\u00e9s de su dise\u00f1o inspirada en la tapada lime\u00f1a, y presenta la Flor Fiesta de Amancaes festividad del siglo XVI que combina adecuadamente con lo contempor\u00e1neo.<\/p>\n<p>Cuenta con 64 habitaciones de 40 a 53 m2. Tiene terraza inspirada en el arte colonial y el restaurante Saya, donde puedes degustar diferentes platillos criollos. El inmueble se ubica a cinco minutos del parque El Olivar, para los viajeros y amantes de la naturaleza.<\/p>\n<p>El renovado Pullman Lima San Isidro es el mayor de los tres hoteles. Fue dise\u00f1ado para ser lugar de relax y entretenimiento, gracias a su extensa piscina, <em>jacuzzi<\/em> y hermoso <em>Lobby Bar<\/em>, donde debes probar el famoso c\u00f3ctel de la marca.<\/p>\n<p>Cuenta con 250 habitaciones y suites, ocho salas de reuniones con tecnolog\u00eda de punta. Su restaurante Distrito Bar es uno de los m\u00e1s visitados su variada oferta gastron\u00f3mica en laque destaca la\u00a0 cocina peruana.<\/p>\n<p>Estos tres hoteles de la marca <em>Accor<\/em> est\u00e1n disponibles al p\u00fablico local y extranjero con protocolos de bioseguridad <em>AllSafe<\/em> sello desarrollado y otorgado por <em>Bureau Verit<\/em>as, e incorpora los est\u00e1ndares de limpieza m\u00e1s rigurosos del mundo de la hosteler\u00eda.<\/p>\n<p>\u2730\u2730\u2730\u2730\u2730 En reuni\u00f3n con <strong>Carla Ponce<\/strong> \u2014en sus ofiinas en Paseo de la Reforma\u2014 con la intenci\u00f3n brindar por el a\u00f1o que se fue y que, a pesar de todo, nos dej\u00f3 muchas ense\u00f1anzas y tambi\u00e9n dimos la bienvenida a este a\u00f1o 2022 que todos deseamos sea de esperanza y logros.<\/p>\n<p><strong>Carla<\/strong>, es directora de <em>Link by CP <\/em>que junto con <strong>Jorge Sales<\/strong>, socio fundador crearon la empresa de representaci\u00f3n y promoci\u00f3n de productos, destinos y servicios tur\u00edsticos que tiene por objetivo brindar servicio de valor agregado, personalizado, en base a la filosof\u00eda de trabajo de cada compa\u00f1\u00eca o destino.<\/p>\n<p>Antes de brindar, fuimos a tomarnos fotograf\u00edas al \u00c1ngel de la Independencia, quiz\u00e1 como forma de dejar atr\u00e1s los sinsabores del a\u00f1o que concluy\u00f3.<\/p>\n<p>Luego, volvimos a su oficina donde nos esperaban deliciosas botanas y de repente, una video llamada desde Espa\u00f1a, <strong>Carla<\/strong> emocionada nos present\u00f3 a\u00a0 <strong>Carmen L\u00e1zaro<\/strong>, especialista en interpretaci\u00f3n del patrimonio tur\u00edstico y segmento MICE bajo su espectro comercial, ella, junto con <strong>Manuel Prieto<\/strong>, experto en neuromarketing enfocado al turismo, y ciencias audiovisuales, responsable del \u00e1rea operativa, son los representantes de <em>Link by CPS<\/em> en Espa\u00f1a donde brindar\u00e1n servicio personalizado para que de forma directa, y en base a los gustos, necesidades y h\u00e1bitos de consumo, se acerquen a M\u00e9xico\u201d. As\u00ed, dijo <strong>Carla<\/strong>, \u201ccontaremos con destinos y oportunidades tur\u00edsticas para los agentes de viaje espa\u00f1oles a los que ofreceremos atractivo portafolio\u201d.<\/p>\n<p>Por su parte <strong>Carmen<\/strong>, por medio de la videollamada asegur\u00f3 sentirse orgullosa y complacida por representar a la empresa mexicana y asegur\u00f3: \u201chemos decidido dar un paso adelante, a trav\u00e9s de esta importante sinergia de representaci\u00f3n, la cual, gracias a su privilegiada ubicaci\u00f3n y la expertise del equipo en \u00e1reas como relaciones p\u00fablicas, visi\u00f3n estrat\u00e9gica, comunicaci\u00f3n y tendencias de mercadotecnia, nos permitir\u00e1, pese a ser mercados diversos y con una idiosincrasia propia, llegar tambi\u00e9n a colaboraciones con Francia y Portugal\u201d.<\/p>\n<p>En la Feria Internacional de Turismo (Fitur 2022) en Madrid, la empresa alcanz\u00f3 acuerdos comerciales positivos y tras el anuncio del prime Tianguis Internacional de Pueblos M\u00e1gicos que tendr\u00e1 lugar en Barcelna, en abril pr\u00f3ximo, <em>Link by CPS<\/em> estar\u00e1 presente como parte de la estrategia para brindar servicio a la medida de los representados en base a su identidad corporativa y plan de expansi\u00f3n internacional.<\/p>\n<p>&nbsp;<\/p>\n<blockquote>\n<p style=\"text-align: right;\">\u201c<strong>El<\/strong> <strong>\u00e1ngel de la fama tiene sus alas hechas de papel&#8230; peri\u00f3dico\u201d.<br \/>\n<\/strong><\/p>\n<\/blockquote>\n<p>&nbsp;<\/p>\n<p><em><span class=\"Apple-converted-space\"><a href=\"mailto:victoriagprado@gmail.com\" target=\"_blank\" rel=\"noopener noreferrer\">victoriagprado@gmail.com<\/a><br \/>\nTwitter: <a href=\"https:\/\/twitter.com\/victoriagprado\" target=\"_blank\" rel=\"noopener noreferrer\">@victoriagprado<\/a><\/span><\/em><\/p>\n","protected":false},"excerpt":{"rendered":"<p>El Consejo Consultivo de Finanzas Verdes (CCFV) reconoci\u00f3 a Volaris por la emisi\u00f3n del primer bono ligado a la sustentabilidad en Am\u00e9rica Latina por parte de una aerol\u00ednea en el mercado local.<\/p>\n","protected":false},"author":3,"featured_media":535428,"comment_status":"open","ping_status":"open","sticky":false,"template":"","format":"standard","meta":{"_monsterinsights_skip_tracking":false,"_monsterinsights_sitenote_active":false,"_monsterinsights_sitenote_note":"","_monsterinsights_sitenote_category":0,"footnotes":""},"categories":[11],"tags":[107,43674,106],"class_list":["post-535319","post","type-post","status-publish","format-standard","has-post-thumbnail","hentry","category-turismo","tag-de-cinco-estrellas","tag-opinion","tag-victoria-gonzalez-prado"],"_links":{"self":[{"href":"https:\/\/www.diarioimagen.net\/index.php?rest_route=\/wp\/v2\/posts\/535319","targetHints":{"allow":["GET"]}}],"collection":[{"href":"https:\/\/www.diarioimagen.net\/index.php?rest_route=\/wp\/v2\/posts"}],"about":[{"href":"https:\/\/www.diarioimagen.net\/index.php?rest_route=\/wp\/v2\/types\/post"}],"author":[{"embeddable":true,"href":"https:\/\/www.diarioimagen.net\/index.php?rest_route=\/wp\/v2\/users\/3"}],"replies":[{"embeddable":true,"href":"https:\/\/www.diarioimagen.net\/index.php?rest_route=%2Fwp%2Fv2%2Fcomments&post=535319"}],"version-history":[{"count":0,"href":"https:\/\/www.diarioimagen.net\/index.php?rest_route=\/wp\/v2\/posts\/535319\/revisions"}],"wp:featuredmedia":[{"embeddable":true,"href":"https:\/\/www.diarioimagen.net\/index.php?rest_route=\/wp\/v2\/media\/535428"}],"wp:attachment":[{"href":"https:\/\/www.diarioimagen.net\/index.php?rest_route=%2Fwp%2Fv2%2Fmedia&parent=535319"}],"wp:term":[{"taxonomy":"category","embeddable":true,"href":"https:\/\/www.diarioimagen.net\/index.php?rest_route=%2Fwp%2Fv2%2Fcategories&post=535319"},{"taxonomy":"post_tag","embeddable":true,"href":"https:\/\/www.diarioimagen.net\/index.php?rest_route=%2Fwp%2Fv2%2Ftags&post=535319"}],"curies":[{"name":"wp","href":"https:\/\/api.w.org\/{rel}","templated":true}]}}