{"id":535333,"date":"2022-02-09T00:15:44","date_gmt":"2022-02-09T06:15:44","guid":{"rendered":"https:\/\/www.diarioimagen.net\/?p=535333"},"modified":"2022-02-09T03:15:14","modified_gmt":"2022-02-09T09:15:14","slug":"prensa-asediada","status":"publish","type":"post","link":"https:\/\/www.diarioimagen.net\/?p=535333","title":{"rendered":"Prensa asediada"},"content":{"rendered":"<h2>Por la Derecha..!<\/h2>\n<h5>Luis \u00c1ngel Garc\u00eda<\/h5>\n<p>&nbsp;<\/p>\n<p>Una de las mayores libertades que tenemos los mexicanos es la de expresi\u00f3n, la de prensa; sin embargo, tambi\u00e9n es la m\u00e1s acechada por los gobiernos de cualquier partido. Desde el M\u00e9xico Independiente se ha coartado la libre manifestaci\u00f3n de las ideas y tambi\u00e9n la actividad period\u00edstica.<\/p>\n<p>Sin embargo, en el actual sexenio se ha recrudecido la persecuci\u00f3n, la censura, el silencio obligado por las balas, se persigue cualquier pensamiento distinto al monol\u00edtico discurso oficial.<\/p>\n<p>Por un lado, est\u00e1 el crimen organizado, el cual ha vedado el periodismo de investigaci\u00f3n y convertido a M\u00e9xico en el pa\u00eds m\u00e1s inseguro para ejercer las tareas de la comunicaci\u00f3n. En este sexenio se han matado m\u00e1s informadores que en ning\u00fan otro momento. Ha sido tan convincente el argumento de la violencia, de la sangre, de las balas, que se empieza a ejercer la autocensura y muchos medios han dejado de manejar informaci\u00f3n sobre nota roja, narcotr\u00e1fico o temas relacionados con el crimen organizado. Se han creado zonas de silencio. Los delincuentes han acallado a los periodistas.<\/p>\n<p>Pero llama la atenci\u00f3n que el gobierno diga que quienes m\u00e1s agreden a la prensa son los pol\u00edticos o funcionarios estatales y municipales, a los que atribuye el 60 por ciento de las autor\u00edas en las agresiones a periodistas. Si hay un 96 por ciento de impunidad y s\u00f3lo se ha obtenido sentencia en cinco casos, \u00bfc\u00f3mo sabe Gobernaci\u00f3n que los responsables son malos servidores p\u00fablicos? Si no hay avances en las investigaciones, \u00bfc\u00f3mo se conoce la identidad de los agresores intelectuales? Si los ubican, \u00bfpor qu\u00e9 no los detienen? Tal parece que hay una red de complicaciones o son omisos.<\/p>\n<p>Por cierto, el Mecanismo de Protecci\u00f3n a Periodistas, que est\u00e1 en revisi\u00f3n, no ha sido nada eficiente, comunicadores que cuentan con ese esquema han sufrido agresiones letales y la mayor\u00eda de los periodistas amenazados no cuentan con seguridad, porque es muy burocr\u00e1tico el mecanismo. Mientras tanto, el crimen organizado mata a los trabajadores de los medios que cuestionan sus il\u00edcitas actividades o denuncian sus corruptelas.<\/p>\n<p>Pero la acci\u00f3n m\u00e1s letal que tiene la prensa es la descalificaci\u00f3n, estigmatizaci\u00f3n y riesgo en que pone a los informadores el presidente de la Rep\u00fablica. Exhibe, denuesta, alienta a la agresi\u00f3n por parte del pueblo bueno y sabio. En una ma\u00f1anera dijo a los reporteros que cubren la conferencia, que ellos son buenos periodistas y prudentes, porque si no lo eran, se atendr\u00edan al castigo del pueblo.<\/p>\n<p>Se queja de las cr\u00edticas que recibe, cuando \u00e9l se ha convertido en un moderno Torquemada, el inquisidor mayor que no soporta la menor insinuaci\u00f3n de que est\u00e1 mal. A su lectora de Qui\u00e9n es qui\u00e9n en las mentiras, debieran pagarle un curso de lectura y comprensi\u00f3n o cuando menos d\u00e9jenla que haga el ejercicio de escribir su libreto.<\/p>\n<p>En una democracia no se puede someter la libertad de expresi\u00f3n al capricho casi virreinal de un gobernante. Como \u00e9l mismo dice, los ciudadanos son pensantes y saben que hay una cruzada contra los comunicadores independientes. Si dejamos que contin\u00fae el acecho presidencial, pronto caeremos en el totalitarismo y veremos cancelada nuestra preciada libertad de expresi\u00f3n.<\/p>\n<p>Tal letal es el silencio que produce el crimen organizado, como los intentos por callar a la prensa desde el p\u00falpito de Palacio Nacional. No maten al mensajero.<\/p>\n","protected":false},"excerpt":{"rendered":"<p><span style=\"color: #005497;\"><strong>Luis \u00c1ngel Garc\u00eda<\/strong><\/span><br \/>\n<br \/>\nUna de las mayores libertades que tenemos los mexicanos es la de expresi\u00f3n, la de prensa; sin embargo, tambi\u00e9n es la m\u00e1s acechada por los gobiernos de cualquier partido. Desde el M\u00e9xico Independiente se ha coartado la libre manifestaci\u00f3n de las ideas y tambi\u00e9n la actividad period\u00edstica.<\/p>\n","protected":false},"author":3,"featured_media":0,"comment_status":"open","ping_status":"open","sticky":false,"template":"","format":"standard","meta":{"_monsterinsights_skip_tracking":false,"_monsterinsights_sitenote_active":false,"_monsterinsights_sitenote_note":"","_monsterinsights_sitenote_category":0,"footnotes":""},"categories":[92115],"tags":[92117,43674,92116],"class_list":["post-535333","post","type-post","status-publish","format-standard","hentry","category-luis-angel-garcia","tag-luis-angel-garcia","tag-opinion","tag-por-la-derecha"],"_links":{"self":[{"href":"https:\/\/www.diarioimagen.net\/index.php?rest_route=\/wp\/v2\/posts\/535333","targetHints":{"allow":["GET"]}}],"collection":[{"href":"https:\/\/www.diarioimagen.net\/index.php?rest_route=\/wp\/v2\/posts"}],"about":[{"href":"https:\/\/www.diarioimagen.net\/index.php?rest_route=\/wp\/v2\/types\/post"}],"author":[{"embeddable":true,"href":"https:\/\/www.diarioimagen.net\/index.php?rest_route=\/wp\/v2\/users\/3"}],"replies":[{"embeddable":true,"href":"https:\/\/www.diarioimagen.net\/index.php?rest_route=%2Fwp%2Fv2%2Fcomments&post=535333"}],"version-history":[{"count":0,"href":"https:\/\/www.diarioimagen.net\/index.php?rest_route=\/wp\/v2\/posts\/535333\/revisions"}],"wp:attachment":[{"href":"https:\/\/www.diarioimagen.net\/index.php?rest_route=%2Fwp%2Fv2%2Fmedia&parent=535333"}],"wp:term":[{"taxonomy":"category","embeddable":true,"href":"https:\/\/www.diarioimagen.net\/index.php?rest_route=%2Fwp%2Fv2%2Fcategories&post=535333"},{"taxonomy":"post_tag","embeddable":true,"href":"https:\/\/www.diarioimagen.net\/index.php?rest_route=%2Fwp%2Fv2%2Ftags&post=535333"}],"curies":[{"name":"wp","href":"https:\/\/api.w.org\/{rel}","templated":true}]}}