{"id":535347,"date":"2022-02-09T00:03:02","date_gmt":"2022-02-09T06:03:02","guid":{"rendered":"https:\/\/www.diarioimagen.net\/?p=535347"},"modified":"2022-02-09T03:30:04","modified_gmt":"2022-02-09T09:30:04","slug":"respetaran-la-veda","status":"publish","type":"post","link":"https:\/\/www.diarioimagen.net\/?p=535347","title":{"rendered":"\u00bfRespetar\u00e1n la veda?"},"content":{"rendered":"<h2>Espacio Electoral<\/h2>\n<h5>Eleazar Flores<\/h5>\n<p>&nbsp;<\/p>\n<p><strong>EMPIEZAN LOS CAMBIOS-.<\/strong> Ida la \u201ctotalmente pe\u00f1ista\u201d Alejandra del Moral, su relevo en el PRI Erick Sevilla Montes de Oca tiene casi el mismo origen, pero su virtud ha sido sobrevivir a tres sexenios en distintas dependencias de gobierno, adem\u00e1s de la presidencia municipal de su natal Lerma.A la m\u00e1s tradicional usanza tricolor,\u00a0 Erick Sevilla y Monserrat Sobreyra Santos integraron la \u00fanica f\u00f3rmula que se registr\u00f3 en busca de la presidencia y secretar\u00eda general del PRI mexiquense.La importancia o reto de esta f\u00f3rmula para el periodo 2022-2023, que cubrir\u00eda la ida Alejandra del Moral, es que ser\u00e1 la que tenga toda la responsabilidad de organizar el proceso interno para la elecci\u00f3n de 2023, conocida desde ya como la \u201cmadre de todas las elecciones\u201d, pues va de por medio el \u201cobjeto del deseo moreno\u201d, o sea la gubernatura del Estado de M\u00e9xico.<\/p>\n<p>Sevilla Montes de Oca fue un activo participante en 2017 de la campa\u00f1a de Alfredo del Mazo Maza, teniendo como premio una vez ganada la gubernatura, manejar el programa estrella del actual gobierno, o sea la \u201cTarjeta rosa\u201d, blanco de los ataques de todos los partidos opositores encabezados por Morena y sus aliados.<\/p>\n<p>Este es el \u00e1ngulo por el que la oposici\u00f3n mayoritaria en la C\u00e1mara de Diputados empezar\u00e1 a atacar al gobierno delmacista, cuya virtud hasta ahora ha sido sobrellevar las cosas, por medio del silencio, con el aparato medi\u00e1tico m\u00e1s poderoso del pa\u00eds que es el p\u00falpito ma\u00f1anero lanzado a \u00faltimas fechas contra todos los medios de comunicaci\u00f3n identificados por ya sabe quien, como el \u201champa del poder\u201d.<\/p>\n<p>M\u00e1xime, si se recuerda -y la oposici\u00f3n tiene \u201crequetebuena\u201d memoria-, que Erick Sevilla\u00a0 ven\u00eda despachando hasta el lunes, como titular de la Secretar\u00eda de Desarrollo Social del Estado de M\u00e9xico, Sedesem, dependencia encargada de organizar todos los eventos gubernamentales donde se entregaba\u00a0 la\u00a0 \u201cTarjeta rosa\u201d, anhelada por amas de casas.<\/p>\n<p>Por la partida asignada a esta tarjeta se detuvo por casi dos meses la aprobaci\u00f3n del presupuesto 2022, aprobado apenas el pasado 28 de enero, 72 horas antes de que venciera el plazo.<\/p>\n<p><strong>\u00bfRESPETAR\u00c1N LA VEDA?-.<\/strong> Por ley ayer entr\u00f3 en vigor la veda electoral, consistente en que los funcionarios p\u00fablicos no puedan hablar de logros de sus dependencias y mucho menos de sus beneficiarios. Todo por la narcisista Revocaci\u00f3n de Mandato.<\/p>\n<p>Lo interesante ser\u00e1 ver si los funcionarios del gobierno federal,\u00a0 empezando por el creador de las ma\u00f1aneras, cumplen la veda o amparados en \u201cotros datos\u201d se siguen de frente, m\u00e1xime que la limitante la impone el \u201cestimad\u00edsimo\u201d Instituto Nacional Electoral.<\/p>\n<p>Ser\u00e1 interesante ver el comportamiento o si pasar\u00e1 como el \u201ccubrebocas\u201d.<\/p>\n<p><em><a href=\"mailto:elefa44@gmail.com\" target=\"_blank\" rel=\"noopener noreferrer\">elefa44@gmail.com<\/a><\/em><\/p>\n","protected":false},"excerpt":{"rendered":"<p><span style=\"color: #005497;\"><strong>Eleazar Flores<\/strong><\/span><\/p>\n","protected":false},"author":3,"featured_media":0,"comment_status":"open","ping_status":"open","sticky":false,"template":"","format":"standard","meta":{"_monsterinsights_skip_tracking":false,"_monsterinsights_sitenote_active":false,"_monsterinsights_sitenote_note":"","_monsterinsights_sitenote_category":0,"footnotes":""},"categories":[81743],"tags":[81744,81776,43674],"class_list":["post-535347","post","type-post","status-publish","format-standard","hentry","category-eleazar-flores","tag-eleazar-flores","tag-espacio-electoral","tag-opinion"],"_links":{"self":[{"href":"https:\/\/www.diarioimagen.net\/index.php?rest_route=\/wp\/v2\/posts\/535347","targetHints":{"allow":["GET"]}}],"collection":[{"href":"https:\/\/www.diarioimagen.net\/index.php?rest_route=\/wp\/v2\/posts"}],"about":[{"href":"https:\/\/www.diarioimagen.net\/index.php?rest_route=\/wp\/v2\/types\/post"}],"author":[{"embeddable":true,"href":"https:\/\/www.diarioimagen.net\/index.php?rest_route=\/wp\/v2\/users\/3"}],"replies":[{"embeddable":true,"href":"https:\/\/www.diarioimagen.net\/index.php?rest_route=%2Fwp%2Fv2%2Fcomments&post=535347"}],"version-history":[{"count":0,"href":"https:\/\/www.diarioimagen.net\/index.php?rest_route=\/wp\/v2\/posts\/535347\/revisions"}],"wp:attachment":[{"href":"https:\/\/www.diarioimagen.net\/index.php?rest_route=%2Fwp%2Fv2%2Fmedia&parent=535347"}],"wp:term":[{"taxonomy":"category","embeddable":true,"href":"https:\/\/www.diarioimagen.net\/index.php?rest_route=%2Fwp%2Fv2%2Fcategories&post=535347"},{"taxonomy":"post_tag","embeddable":true,"href":"https:\/\/www.diarioimagen.net\/index.php?rest_route=%2Fwp%2Fv2%2Ftags&post=535347"}],"curies":[{"name":"wp","href":"https:\/\/api.w.org\/{rel}","templated":true}]}}