{"id":535355,"date":"2022-02-09T00:10:21","date_gmt":"2022-02-09T06:10:21","guid":{"rendered":"https:\/\/www.diarioimagen.net\/?p=535355"},"modified":"2022-02-09T03:37:13","modified_gmt":"2022-02-09T09:37:13","slug":"son-orgullo-del-nepotismo","status":"publish","type":"post","link":"https:\/\/www.diarioimagen.net\/?p=535355","title":{"rendered":"Son orgullo del nepotismo\u00a0"},"content":{"rendered":"<h2>De frente y de perfil<\/h2>\n<h5>Ram\u00f3n Zurita Sahag\u00fan<\/h5>\n<p>&nbsp;<\/p>\n<p>Parece ser parte de un karma, llamarse Jos\u00e9 Ram\u00f3n y apellidarse L\u00f3pez y ser adem\u00e1s hijo de un Presidente de M\u00e9xico.<\/p>\n<p>Fue Jos\u00e9 L\u00f3pez Portillo el que inmortaliz\u00f3 la frase\u201d es el orgullo de mi nepotismo\u201d, al referirse a su hijo Jos\u00e9 Ram\u00f3n, reci\u00e9n nombrado subsecretario de Programaci\u00f3n y Presupuesto.<\/p>\n<p>Lo hizo para salir al paso a los reclamos surgidos por doquier por el nombramiento que hizo Miguel de la Madrid de su hijo como subsecretario, en un af\u00e1n de agradar al ego presidencial y usarlo como una pieza del ajedrez que le permitir\u00eda ser candidato presidencial y sucesor de Jos\u00e9 L\u00f3pez Portillo.<\/p>\n<p>Eso s\u00ed, De la Madrid solamente us\u00f3 el recurso para agradar al entonces Presidente, seg\u00fan cuenta Jos\u00e9 L\u00f3pez Portillo en sus memorias, ya que al asumir el cargo de Presidente de la Rep\u00fablica no otorg\u00f3 cargo alguno en su gabinete al que fue llamado orgullo del nepotismo del anterior Presidente, aunque s\u00ed lo envi\u00f3 a Roma, como representante de M\u00e9xico ante la FAO.<\/p>\n<p>Aquel fue en realidad un acto de nepotismo que denotaba la fuerza y el ego de los gobernantes y c\u00f3mo se manejan las intrigas palaciegas.\u00a0\u00a0 M\u00e1s de 40 a\u00f1os despu\u00e9s se presenta una situaci\u00f3n con ciertos matices que pueden equipararse, aunque el actual Ejecutivo solamente refiere que su hijo es mayor de edad y \u00e9l no se mete en la vida de ellos.<\/p>\n<p>Y es que Jos\u00e9 Ram\u00f3n L\u00f3pez, como se llama igualmente el hijo de L\u00f3pez Portillo, fue mostrado con los excesos de una vida lujosa, lo que no es criticable, pero si el hecho de que viviera en una casa propiedad de un ejecutivo de una empresa petrolera que tiene negocios con Pemex.<\/p>\n<p>Jos\u00e9 Ram\u00f3n, el hijo de Andr\u00e9s Manuel, puede vivir como se le d\u00e9 la gana, nadie se lo censura, aunque hacerlo en una propiedad de un proveedor de empresas del gobierno mexicano lo hace sospechoso, por decir lo menos.<\/p>\n<p>Y es que el propio hijo de L\u00f3pez Obrador manifest\u00f3 que se mantendr\u00eda al margen del gobierno de su padre y ahora puede resultar que hay conflicto de intereses, al poder estar usando su nombre para la concesi\u00f3n de los contratos de dicha empresa.<\/p>\n<p>La historia de los hijos de los Presidentes de M\u00e9xico siempre se trata de mantenerla al margen del gobierno, aduciendo que son de la vida privada, aunque los esc\u00e1ndalos se han sucedido una y otra vez.<\/p>\n<p>Y es que hay historias de todo tipo antes, durante y despu\u00e9s de las presidencias de su padre.<\/p>\n<p>Existen unos pocos que siguieron el rumbo de su padre y optaron por la vida pol\u00edtica como son los casos de Miguel Alem\u00e1n hijo (tard\u00eda incorporaci\u00f3n a la vida pol\u00edtica) que le permiti\u00f3 en un breve tiempo ser senador e inmediatamente gobernador de Veracruz, en un aparente pago de favores.<\/p>\n<p>Cuauht\u00e9moc C\u00e1rdenas, hijo de L\u00e1zaro C\u00e1rdenas, recorri\u00f3 un camino un poco m\u00e1s largo, ya que inici\u00f3 su carrera pol\u00edtica-burocr\u00e1tica en Sider\u00fargica Las Truchas, senador, subsecretario de Agricultura, gobernador, Jefe de Gobierno del DF y tres veces candidato presidencial.<\/p>\n<p>Enrique de la Madrid, hijo de Miguel de la Madrid, se incorpor\u00f3 a la vida pol\u00edtica en un intento por ser delegado en \u00c1lvaro Obreg\u00f3n, aunque perdi\u00f3, despu\u00e9s fue director de Financiera Rural, secretario de Turismo y ahora aspira a ser candidato presidencial del PRI.<\/p>\n<p>Pablo Echeverr\u00eda, hijo de Luis Echeverr\u00eda, hizo un intento por participar en pol\u00edtica y fue candidato del Frente Democr\u00e1tico Nacional al Senado de la Rep\u00fablica y perdi\u00f3 en las urnas, por lo que prefiri\u00f3 replegarse.<\/p>\n<p>Gustavo D\u00edaz Ordaz, nieto del Presidente del mismo nombre, tuvo una peque\u00f1a participaci\u00f3n cuando perteneci\u00f3 a la Asamblea de Representantes del DF.<\/p>\n<p>Sin embargo, los excesos de los hijos de los Presidentes en turno son propagados por quienes participaron en ellos. Hay excesos, abusos, prepotencia y uso de recursos p\u00fablicos al por mayor.<\/p>\n<p>Empero algunos sobrepasan eso como el caso de Emiliano Salinas y sus nexos con una secta. El ataque sufrido por un guardia de seguridad que proteg\u00eda a un grupo musical por parte del equipo que proteg\u00eda a Ernesto Zedillo hijo. Los excesos de Alfredo D\u00edaz Ordaz, hijo de Gustavo D\u00edaz Ordaz.<\/p>\n<p>Eso sin contar con la rapi\u00f1a de otros destacados miembros de las familias presidenciales que se hicieron de terrenos y propiedades al por mayor, a la vez que obten\u00edan canonj\u00edas y contratos al por mayor, basados en la sola menci\u00f3n de sus apellidos.<\/p>\n<p><a href=\"mailto:ramonzurita44@hotmail.com\" target=\"_blank\" rel=\"noopener noreferrer\"><em>ramonzurita44@hotmail.com<\/em><\/a><\/p>\n","protected":false},"excerpt":{"rendered":"<p><span style=\"color: #005497;\"><strong>Ram\u00f3n Zurita Sahag\u00fan<\/strong><\/span><br \/>\n<br \/>\nParece ser parte de un karma, llamarse Jos\u00e9 Ram\u00f3n y apellidarse L\u00f3pez y ser adem\u00e1s hijo de un Presidente de M\u00e9xico.\u00a0<\/p>\n","protected":false},"author":3,"featured_media":0,"comment_status":"open","ping_status":"open","sticky":false,"template":"","format":"standard","meta":{"_monsterinsights_skip_tracking":false,"_monsterinsights_sitenote_active":false,"_monsterinsights_sitenote_note":"","_monsterinsights_sitenote_category":0,"footnotes":""},"categories":[234],"tags":[304,43674,43687],"class_list":["post-535355","post","type-post","status-publish","format-standard","hentry","category-ramon-zurita-sahagun","tag-de-frente-y-de-perfil","tag-opinion","tag-ramon-zurita-sahagun"],"_links":{"self":[{"href":"https:\/\/www.diarioimagen.net\/index.php?rest_route=\/wp\/v2\/posts\/535355","targetHints":{"allow":["GET"]}}],"collection":[{"href":"https:\/\/www.diarioimagen.net\/index.php?rest_route=\/wp\/v2\/posts"}],"about":[{"href":"https:\/\/www.diarioimagen.net\/index.php?rest_route=\/wp\/v2\/types\/post"}],"author":[{"embeddable":true,"href":"https:\/\/www.diarioimagen.net\/index.php?rest_route=\/wp\/v2\/users\/3"}],"replies":[{"embeddable":true,"href":"https:\/\/www.diarioimagen.net\/index.php?rest_route=%2Fwp%2Fv2%2Fcomments&post=535355"}],"version-history":[{"count":0,"href":"https:\/\/www.diarioimagen.net\/index.php?rest_route=\/wp\/v2\/posts\/535355\/revisions"}],"wp:attachment":[{"href":"https:\/\/www.diarioimagen.net\/index.php?rest_route=%2Fwp%2Fv2%2Fmedia&parent=535355"}],"wp:term":[{"taxonomy":"category","embeddable":true,"href":"https:\/\/www.diarioimagen.net\/index.php?rest_route=%2Fwp%2Fv2%2Fcategories&post=535355"},{"taxonomy":"post_tag","embeddable":true,"href":"https:\/\/www.diarioimagen.net\/index.php?rest_route=%2Fwp%2Fv2%2Ftags&post=535355"}],"curies":[{"name":"wp","href":"https:\/\/api.w.org\/{rel}","templated":true}]}}