{"id":535360,"date":"2022-02-09T00:09:17","date_gmt":"2022-02-09T06:09:17","guid":{"rendered":"https:\/\/www.diarioimagen.net\/?p=535360"},"modified":"2022-02-09T03:43:27","modified_gmt":"2022-02-09T09:43:27","slug":"reconciliacion-amlo-monreal","status":"publish","type":"post","link":"https:\/\/www.diarioimagen.net\/?p=535360","title":{"rendered":"Reconciliaci\u00f3n AMLO-Monreal"},"content":{"rendered":"<h2>Poder y dinero<\/h2>\n<h5>V\u00edctor S\u00e1nchez Ba\u00f1os<\/h5>\n<p>&nbsp;<\/p>\n<ul>\n<li><strong><em>Acuerdos por conveniencia<\/em><\/strong><\/li>\n<li><strong><em>No lo entienden los radicales<\/em><\/strong><\/li>\n<li><strong><em>Cuitl\u00e1huac tampoco <\/em><em>lo entiende<\/em><\/strong><\/li>\n<li><strong><em>La gobernabilidad est\u00e1 en Juego<\/em><\/strong><\/li>\n<li><strong><em>Samuel Garc\u00eda elude la ley\u00a0 <\/em><\/strong><\/li>\n<li><strong><em>Cemex convoca asamblea; no dar\u00e1 dividendo<\/em><\/strong><\/li>\n<li><strong><em>Premio Eugenio Garza Sada: RSC<\/em><\/strong><\/li>\n<\/ul>\n<p style=\"text-align: right;\"><em>Mi ideal pol\u00edtico es el democr\u00e1tico. Cada uno debe ser<br \/>\nrespetado como persona y nadie debe ser divinizado<br \/>\n<\/em><strong>Albert Einstein<\/strong>\u00a0(1879-1955), cient\u00edfico alem\u00e1n nacionalizado estadounidense<\/p>\n<p>&nbsp;<\/p>\n<p>Las se\u00f1ales son claras y, ambas partes, las hacen evidentes.<\/p>\n<p>Tanto Andr\u00e9s Manuel L\u00f3pez Obrador y el l\u00edder senatorial, Ricardo Monreal, no est\u00e1n en trincheras opuestas.<\/p>\n<p>Luego del pleito con el gobierno de Veracruz, que encabeza Cuitl\u00e1huac Garc\u00eda (Morena), Monreal sufri\u00f3 severas presiones dentro del grupo parlamentario de Morena en el Senado. Se dividi\u00f3 materialmente ese partido en dos bandos de 30 senadores cada uno.<\/p>\n<p>De esa manera, estaban en la antesala de perder el control de mayor\u00eda parlamentaria para ganar la aprobaci\u00f3n de las leyes que no necesitan de una mayor\u00eda absoluta, que no tienen.<\/p>\n<p>Ambos pol\u00edticos, AMLO y Monreal, son pragm\u00e1ticos. Saben que un pleito los debilitar\u00eda y provocar\u00eda que el movimiento del grupo en el poder se desmorone ante la falta de una directriz.<\/p>\n<p>En Diputados, sus dirigentes, Ignacio Mier y su segundo, Sergio Guti\u00e9rrez, no tienen la misma fuerza y respeto de la oposici\u00f3n. En el Senado, Monreal ha logrado tender puentes de negociaci\u00f3n con la oposici\u00f3n y cuenta con muchos aliados, a diferencia que en la C\u00e1mara baja.<\/p>\n<p>Las se\u00f1ales enviadas por AMLO y Monreal son para la otra mitad de senadores que no entienden de pol\u00edtica senatorial y que deambulan en Morena. La orden presidencial de ese partido es aliarse con Monreal, quien baj\u00f3 los ca\u00f1ones en contra de Cuitl\u00e1huac Garc\u00eda, para evitar fricciones con la cabeza del grupo opositor monrealista, que es Claudia Sheinbaum.<\/p>\n<p>Tambi\u00e9n el mensaje est\u00e1 fuera del edificio del Senado. Es para que lo entiendan, incluso el mismo gobernador veracruzano, quien quiso quedar bien con Claudia, metiendo a la c\u00e1rcel a un hombre clave de Movimiento Ciudadana y Dante Delgado, Juan Manuel del R\u00edo.<\/p>\n<p>Desafortunadamente, para la negociaci\u00f3n pol\u00edtica, Cuitl\u00e1huac no entiende de se\u00f1ales, ni de otros factores de sentido com\u00fan.<\/p>\n<p>Por ello, se mantiene la rispidez entre el Senado y el gobierno de Veracruz. Un pol\u00edtico de pena ajena.<\/p>\n<p style=\"text-align: center;\"><strong>PODEROSOS <\/strong><strong>CABALLEROS<\/strong><\/p>\n<p><strong> CEMEX: <\/strong>La cementera mexicana Cemex convoc\u00f3 a una asamblea general de accionistas en Monterrey. Pero con la novedad que no dar\u00e1 dividendo. Esto, puso nerviosos a inversionistas institucionales con el liderazgo de Fernando Gonz\u00e1lez Olivieri. Ven que se sali\u00f3 de control el conglomerado al presidente Rogelio Zambrano. Ven los accionistas que los bonos de sus directivos son muy jugosos y sacrifican, por ello, los dividendos. La asamblea del 4 de marzo podr\u00eda ser muy complicada para Zambrano y Gonz\u00e1lez.<\/p>\n<p><strong>SAMUEL, ELUDE JUSTICIA: <\/strong>Grave que un ni\u00f1o con problemas neuronales, haya sido sacado del Centro de Asistencia Por Familia de Samuel Garc\u00eda, para exhibirlo un fin de semana en redes sociales, en la casa del gobernador de Nuevo Le\u00f3n y su esposa Mariana Rodr\u00edguez. Aldeas Infantiles SOS calific\u00f3 como grave que un menor de edad haya salido de un centro de asistencia social en Nuevo Le\u00f3n \u201csin la justificaci\u00f3n de ser una medida id\u00f3nea y necesaria para su desarrollo\u201d. Mucho se dice en redes sociales y varias organizaciones protectoras de menores, pero \u00e9l ni las oye, ni las escucha. Impunidad, pues. Ni siquiera una disculpa. Samuel est\u00e1 arriba de un ladrillo con mal de monta\u00f1a.<\/p>\n<p><strong>RESPONSABILIDAD SOCIAL CORPORATIVA<\/strong><\/p>\n<p><strong>FEMSA: <\/strong>FEMSA, de Jos\u00e9 Antonio Fern\u00e1ndez, y el Tecnol\u00f3gico de Monterrey, que lidera David Garza Salazar, invitan a las agrupaciones profesionales, asociaciones civiles, organismos intermedios, empresas, instituciones educativas y entidades gubernamentales del pa\u00eds o extranjeras a presentar candidatos para la 29\u00aa edici\u00f3n del Premio Eugenio Garza Sada, que reconoce las habilidades de liderazgo social y empresarial, que definieron la vida y obra de don Eugenio Garza Sada. El premio cuenta con tres categor\u00edas: Emprendimiento social, Liderazgo empresarial humanista e Innovaci\u00f3n social estudiantil. La fecha l\u00edmite para postular proyectos en la primera categor\u00eda es el 15 de marzo, en la segunda categor\u00eda es el 31 del mismo mes y para la tercera es el 15 de abril. Los premios para los ganadores de las tres categor\u00edas suman 2 millones de pesos.<\/p>\n<p>&nbsp;<\/p>\n<blockquote>\n<h4 style=\"text-align: right;\"><strong>Esc\u00fachame de lunes a viernes, de 21 a 22 horas,<br \/>\nen \u201cV\u00edctor S\u00e1nchez Ba\u00f1os en MVS\u201d<\/strong><\/h4>\n<\/blockquote>\n<p>&nbsp;<\/p>\n<p><a href=\"https:\/\/mvsnoticias.com\/\" target=\"_blank\" rel=\"noopener noreferrer\"><em>MVSnoticias.com<\/em><\/a><br \/>\n<a href=\"http:\/\/poderydinero.mx\" target=\"_blank\" rel=\"noopener noreferrer\"><em>poderydinero.mx<\/em><\/a><em><b><br \/>\n<\/b><a href=\"mailto:vsb@poderydinero.mx\" target=\"_blank\" rel=\"noopener noreferrer\">vsb@poderydinero.mx<\/a><a href=\"mailto:vsanchezb@gmail.com\" target=\"_blank\" rel=\"noopener noreferrer\"><br \/>\n<\/a><strong>Twitter:<\/strong><a href=\"https:\/\/twitter.com\/vsanchezbanos\" target=\"_blank\" rel=\"noopener noreferrer\">@vsanchezbanos<br \/>\n<\/a><strong>Facebook: <\/strong><a href=\"https:\/\/www.facebook.com\/vsanchezbanos?fref=ts\" target=\"_blank\" rel=\"noopener noreferrer\">vsanchezbanos<\/a><\/em><\/p>\n","protected":false},"excerpt":{"rendered":"<p><span style=\"color: #005497;\"><strong>V\u00edctor S\u00e1nchez Ba\u00f1os<\/strong><\/span<\/span><\/p>\n","protected":false},"author":3,"featured_media":0,"comment_status":"open","ping_status":"open","sticky":false,"template":"","format":"standard","meta":{"_monsterinsights_skip_tracking":false,"_monsterinsights_sitenote_active":false,"_monsterinsights_sitenote_note":"","_monsterinsights_sitenote_category":0,"footnotes":""},"categories":[38844],"tags":[43674,38847,38848],"class_list":["post-535360","post","type-post","status-publish","format-standard","hentry","category-victor-sanchez-banos","tag-opinion","tag-poder-y-dinero","tag-victor-sanchez-banos"],"_links":{"self":[{"href":"https:\/\/www.diarioimagen.net\/index.php?rest_route=\/wp\/v2\/posts\/535360","targetHints":{"allow":["GET"]}}],"collection":[{"href":"https:\/\/www.diarioimagen.net\/index.php?rest_route=\/wp\/v2\/posts"}],"about":[{"href":"https:\/\/www.diarioimagen.net\/index.php?rest_route=\/wp\/v2\/types\/post"}],"author":[{"embeddable":true,"href":"https:\/\/www.diarioimagen.net\/index.php?rest_route=\/wp\/v2\/users\/3"}],"replies":[{"embeddable":true,"href":"https:\/\/www.diarioimagen.net\/index.php?rest_route=%2Fwp%2Fv2%2Fcomments&post=535360"}],"version-history":[{"count":0,"href":"https:\/\/www.diarioimagen.net\/index.php?rest_route=\/wp\/v2\/posts\/535360\/revisions"}],"wp:attachment":[{"href":"https:\/\/www.diarioimagen.net\/index.php?rest_route=%2Fwp%2Fv2%2Fmedia&parent=535360"}],"wp:term":[{"taxonomy":"category","embeddable":true,"href":"https:\/\/www.diarioimagen.net\/index.php?rest_route=%2Fwp%2Fv2%2Fcategories&post=535360"},{"taxonomy":"post_tag","embeddable":true,"href":"https:\/\/www.diarioimagen.net\/index.php?rest_route=%2Fwp%2Fv2%2Ftags&post=535360"}],"curies":[{"name":"wp","href":"https:\/\/api.w.org\/{rel}","templated":true}]}}