{"id":535473,"date":"2022-02-10T00:01:42","date_gmt":"2022-02-10T06:01:42","guid":{"rendered":"https:\/\/www.diarioimagen.net\/?p=535473"},"modified":"2022-02-10T03:14:17","modified_gmt":"2022-02-10T09:14:17","slug":"toma-de-protesta-a-integrantes-del-sistema-municipal-para-prevenir-y-erradicar-la-violencia-contra-las-mujeres-en-cuautitlan-izcalli","status":"publish","type":"post","link":"https:\/\/www.diarioimagen.net\/?p=535473","title":{"rendered":"Toma de protesta a integrantes del Sistema Municipal para Prevenir y Erradicar la Violencia contra las Mujeres\u00a0en Cuautitl\u00e1n Izcalli"},"content":{"rendered":"<p>&nbsp;<\/p>\n<p><a href=\"https:\/\/www.diarioimagen.net\/?attachment_id=535567\" rel=\"attachment wp-att-535567\"><img loading=\"lazy\" decoding=\"async\" class=\"aligncenter size-full wp-image-535567\" src=\"https:\/\/www.diarioimagen.net\/wp-content\/uploads\/2022\/02\/izcalli-5.jpg\" alt=\"\" width=\"460\" height=\"220\" \/><\/a><\/p>\n<p>&nbsp;<\/p>\n<p><strong>Cuautitl\u00e1n Izcalli, Estado de M\u00e9xico<\/strong><strong>.\u2014<\/strong> Se llev\u00f3 a cabo la Instalaci\u00f3n y toma de protesta de los integrantes del Sistema Municipal para la Igualdad de Trato y Oportunidades Entre Mujeres y Hombres y para Prevenir, Atender, Sancionar y Erradicar la Violencia Contra las Mujeres.<\/p>\n<p>La sesi\u00f3n fue encabezada por la Presidenta Municipal, contando con la presencia de miembros del Cabildo, directores de \u00e1rea, as\u00ed como de la Fiscal Central para la Atenci\u00f3n de Delitos Vinculados a la Violencia de G\u00e9nero de la Fiscal\u00eda General de Justicia del Estado de M\u00e9xico, la Jefa de Proyecto de la Direcci\u00f3n Especializada de B\u00fasqueda COBUPEM y representantes de la Secretar\u00eda de las Mujeres del Estado de M\u00e9xico.<\/p>\n","protected":false},"excerpt":{"rendered":"<p>Se llev\u00f3 a cabo la Instalaci\u00f3n y toma de protesta de los integrantes del Sistema Municipal para la Igualdad de Trato y Oportunidades Entre Mujeres y Hombres y para Prevenir, Atender, Sancionar y Erradicar la Violencia Contra las Mujeres.<\/p>\n","protected":false},"author":3,"featured_media":535567,"comment_status":"open","ping_status":"open","sticky":false,"template":"","format":"standard","meta":{"_monsterinsights_skip_tracking":false,"_monsterinsights_sitenote_active":false,"_monsterinsights_sitenote_note":"","_monsterinsights_sitenote_category":0,"footnotes":""},"categories":[5],"tags":[971,43675,1921,5066],"class_list":["post-535473","post","type-post","status-publish","format-standard","has-post-thumbnail","hentry","category-estado-de-mexico","tag-cuautitlan-izcalli","tag-estado-de-mexico","tag-mujeres","tag-violencia"],"_links":{"self":[{"href":"https:\/\/www.diarioimagen.net\/index.php?rest_route=\/wp\/v2\/posts\/535473","targetHints":{"allow":["GET"]}}],"collection":[{"href":"https:\/\/www.diarioimagen.net\/index.php?rest_route=\/wp\/v2\/posts"}],"about":[{"href":"https:\/\/www.diarioimagen.net\/index.php?rest_route=\/wp\/v2\/types\/post"}],"author":[{"embeddable":true,"href":"https:\/\/www.diarioimagen.net\/index.php?rest_route=\/wp\/v2\/users\/3"}],"replies":[{"embeddable":true,"href":"https:\/\/www.diarioimagen.net\/index.php?rest_route=%2Fwp%2Fv2%2Fcomments&post=535473"}],"version-history":[{"count":0,"href":"https:\/\/www.diarioimagen.net\/index.php?rest_route=\/wp\/v2\/posts\/535473\/revisions"}],"wp:featuredmedia":[{"embeddable":true,"href":"https:\/\/www.diarioimagen.net\/index.php?rest_route=\/wp\/v2\/media\/535567"}],"wp:attachment":[{"href":"https:\/\/www.diarioimagen.net\/index.php?rest_route=%2Fwp%2Fv2%2Fmedia&parent=535473"}],"wp:term":[{"taxonomy":"category","embeddable":true,"href":"https:\/\/www.diarioimagen.net\/index.php?rest_route=%2Fwp%2Fv2%2Fcategories&post=535473"},{"taxonomy":"post_tag","embeddable":true,"href":"https:\/\/www.diarioimagen.net\/index.php?rest_route=%2Fwp%2Fv2%2Ftags&post=535473"}],"curies":[{"name":"wp","href":"https:\/\/api.w.org\/{rel}","templated":true}]}}