{"id":535475,"date":"2022-02-10T00:02:51","date_gmt":"2022-02-10T06:02:51","guid":{"rendered":"https:\/\/www.diarioimagen.net\/?p=535475"},"modified":"2022-02-10T03:15:28","modified_gmt":"2022-02-10T09:15:28","slug":"tiene-huixquilucan-otra-opcion-educativa-para-los-estudiantes-de-educacion-superior","status":"publish","type":"post","link":"https:\/\/www.diarioimagen.net\/?p=535475","title":{"rendered":"Tiene Huixquilucan otra opci\u00f3n educativa para los estudiantes de educaci\u00f3n superior"},"content":{"rendered":"<p>&nbsp;<\/p>\n<ul>\n<li><strong><em>La Universidad Panamericana en Bosque Real<\/em><\/strong><\/li>\n<\/ul>\n<p>&nbsp;<\/p>\n<div id=\"attachment_535570\" style=\"width: 470px\" class=\"wp-caption aligncenter\"><a href=\"https:\/\/www.diarioimagen.net\/?attachment_id=535570\" rel=\"attachment wp-att-535570\"><img loading=\"lazy\" decoding=\"async\" aria-describedby=\"caption-attachment-535570\" class=\"size-full wp-image-535570\" src=\"https:\/\/www.diarioimagen.net\/wp-content\/uploads\/2022\/02\/huixquilucan-7.jpg\" alt=\"\" width=\"460\" height=\"270\" \/><\/a><p id=\"caption-attachment-535570\" class=\"wp-caption-text\">La alcaldesa Romina Contrerars realiz\u00f3 un recorrido por la primera etapa de la Ciudad UP de la Universidad Panamericana, que se construye en el fraccionamiento Bosque Real.<\/p><\/div>\n<p>&nbsp;<\/p>\n<p><strong>Huixquilucan, Estado de M\u00e9xico.\u2014<\/strong> Al dar inicio al ciclo escolar mediante el sistema h\u00edbrido, la presidenta municipal de Huixquilucan realiz\u00f3 un recorrido por la primera etapa de la Ciudad UP de la Universidad Panamericana que se construye en el fraccionamiento Bosque Real de este municipio, para ampliar la oferta educativa que se ofrece en la regi\u00f3n para los estudiantes de educaci\u00f3n superior.<\/p>\n<p>Acompa\u00f1ada de Cecilia Canal Garrido y de Santiago Garc\u00eda \u00c1lvarez, vicerrectora de Ciudad UP y rector del campus M\u00e9xico, respectivamente, la alcaldesa recorri\u00f3 las instalaciones del proyecto educativo, entre las que destacan las aulas, la biblioteca, la rector\u00eda, el espacio multicultural, los cub\u00edculos de docentes y directivos, salas de juntas, as\u00ed como la azotea verde y la capilla; espacios que podr\u00e1n ser aprovechados por los estudiantes huixquiluquenses a partir de hoy en lo que se considera uno de los complejos educativos m\u00e1s importantes que se construye en el pa\u00eds.<\/p>\n<p>Ah\u00ed, reconoci\u00f3 la importancia de incrementar las opciones educativas para las y los j\u00f3venes huixquiluquenses, especialmente, en el nivel superior, por lo que dijo que es un orgullo que lleguen a Huixquilucan instituciones acad\u00e9micas como lo es la Universidad Panamericana.<\/p>\n<p>Mencion\u00f3 que el objetivo es trabajar de manera conjunta para crecer las oportunidades para los j\u00f3venes de este municipio y de la regi\u00f3n, al tiempo en que las autoridades educativas indicaron que apuesta por seguir desarrollando proyectos sociales a favor de las comunidades de Huixquilucan.<\/p>\n<p>En Ciudad UP, considerado un campus sustentable y que cuenta con la certificaci\u00f3n Leed (Leadership in Energy &amp; Environmentak Design) por tener una alta eficiencia energ\u00e9tica, se imparten cinco licenciaturas, entre las que destacan en Derecho, Gobierno, Econom\u00eda, Finanzas Cuantitativas y Business &amp; Managment, as\u00ed como la Ingenier\u00eda Industrial y Gesti\u00f3n de la Innovaci\u00f3n, con nuevos programas de estudios interdisciplinarios.<\/p>\n<p>La Universidad Panamericana cuenta con m\u00e1s de 50 a\u00f1os de vida en el pa\u00eds, es desarrolladora de una importante alianza con otras instituciones de educaci\u00f3n superior en el mundo y es la segundaa universidad privada con el mayor n\u00famero de publicaciones indexadas en M\u00e9xico, por su apuesta para propiciar la investigaci\u00f3n con impacto social.<\/p>\n<p>El campus de Ciudad UP se encuentra ubicado sobre la autopista La Venta-Chamapa, en el Ex Ejido de San Crist\u00f3bal Texcalucan, Huixquilucan, Estado de M\u00e9xico.<\/p>\n","protected":false},"excerpt":{"rendered":"<p>Al dar inicio al ciclo escolar mediante el sistema h\u00edbrido, la presidenta municipal de Huixquilucan realiz\u00f3 un recorrido por la primera etapa de la Ciudad UP de la Universidad Panamericana que se construye en el fraccionamiento Bosque Real de este municipio, para ampliar la oferta educativa que se ofrece en la regi\u00f3n para los estudiantes de educaci\u00f3n superior.<\/p>\n","protected":false},"author":3,"featured_media":535570,"comment_status":"open","ping_status":"open","sticky":false,"template":"","format":"standard","meta":{"_monsterinsights_skip_tracking":false,"_monsterinsights_sitenote_active":false,"_monsterinsights_sitenote_note":"","_monsterinsights_sitenote_category":0,"footnotes":""},"categories":[5],"tags":[65589,43675,1097,79564,91487],"class_list":["post-535475","post","type-post","status-publish","format-standard","has-post-thumbnail","hentry","category-estado-de-mexico","tag-educativa","tag-estado-de-mexico","tag-huixquilucan","tag-opcion","tag-superior"],"_links":{"self":[{"href":"https:\/\/www.diarioimagen.net\/index.php?rest_route=\/wp\/v2\/posts\/535475","targetHints":{"allow":["GET"]}}],"collection":[{"href":"https:\/\/www.diarioimagen.net\/index.php?rest_route=\/wp\/v2\/posts"}],"about":[{"href":"https:\/\/www.diarioimagen.net\/index.php?rest_route=\/wp\/v2\/types\/post"}],"author":[{"embeddable":true,"href":"https:\/\/www.diarioimagen.net\/index.php?rest_route=\/wp\/v2\/users\/3"}],"replies":[{"embeddable":true,"href":"https:\/\/www.diarioimagen.net\/index.php?rest_route=%2Fwp%2Fv2%2Fcomments&post=535475"}],"version-history":[{"count":0,"href":"https:\/\/www.diarioimagen.net\/index.php?rest_route=\/wp\/v2\/posts\/535475\/revisions"}],"wp:featuredmedia":[{"embeddable":true,"href":"https:\/\/www.diarioimagen.net\/index.php?rest_route=\/wp\/v2\/media\/535570"}],"wp:attachment":[{"href":"https:\/\/www.diarioimagen.net\/index.php?rest_route=%2Fwp%2Fv2%2Fmedia&parent=535475"}],"wp:term":[{"taxonomy":"category","embeddable":true,"href":"https:\/\/www.diarioimagen.net\/index.php?rest_route=%2Fwp%2Fv2%2Fcategories&post=535475"},{"taxonomy":"post_tag","embeddable":true,"href":"https:\/\/www.diarioimagen.net\/index.php?rest_route=%2Fwp%2Fv2%2Ftags&post=535475"}],"curies":[{"name":"wp","href":"https:\/\/api.w.org\/{rel}","templated":true}]}}