{"id":535478,"date":"2022-02-10T00:04:00","date_gmt":"2022-02-10T06:04:00","guid":{"rendered":"https:\/\/www.diarioimagen.net\/?p=535478"},"modified":"2022-02-10T03:17:07","modified_gmt":"2022-02-10T09:17:07","slug":"vacunacion-de-refuerzo-contra-la-covid-a-personas-de-40-a-49-anos-en-cuautitlan","status":"publish","type":"post","link":"https:\/\/www.diarioimagen.net\/?p=535478","title":{"rendered":"Vacunaci\u00f3n de refuerzo contra la Covid a personas de 40 a 49 a\u00f1os en Cuautitl\u00e1n"},"content":{"rendered":"<p>&nbsp;<\/p>\n<ul>\n<li><strong><em>En el gimnasio municipal \u201cBenito Ju\u00e1rez\u201d<\/em><\/strong><\/li>\n<\/ul>\n<p>&nbsp;<\/p>\n<div id=\"attachment_535573\" style=\"width: 470px\" class=\"wp-caption aligncenter\"><a href=\"https:\/\/www.diarioimagen.net\/?attachment_id=535573\" rel=\"attachment wp-att-535573\"><img loading=\"lazy\" decoding=\"async\" aria-describedby=\"caption-attachment-535573\" class=\"size-full wp-image-535573\" src=\"https:\/\/www.diarioimagen.net\/wp-content\/uploads\/2022\/02\/cuautitlan-1.jpg\" alt=\"\" width=\"460\" height=\"270\" \/><\/a><p id=\"caption-attachment-535573\" class=\"wp-caption-text\">La aplicaci\u00f3n de refuerzo contra covid 19 a personas de 40 a 49 a\u00f1os y rezagados se llevar\u00e1 a cabo hasta este jueves 10 de febrero en las instalaciones del gimnasio municipal \u201cBenito Ju\u00e1rez\u201d.<\/p><\/div>\n<p>&nbsp;<\/p>\n<p><strong>Cuautitl\u00e1n, Estado de M\u00e9xico.\u2014<\/strong> En orden y rapidez en la atenci\u00f3n transcurri\u00f3 el primer d\u00eda de la Jornada de Vacunaci\u00f3n de refuerzo contra covid 19 a personas de 40 a 49 a\u00f1os y rezagados, que se llevar\u00e1 a cabo hasta este jueves 10 de febrero en las instalaciones del gimnasio municipal \u201cBenito Ju\u00e1rez\u201d de 9:00 a 17:00 horas.<\/p>\n<p>En un trabajo coordinado el gobierno federal, estatal y municipal realiza esta jornada dirigida a los vecinos del municipio de Cuautitl\u00e1n, que deber\u00e1n contar con su registro de aplicaci\u00f3n de refuerzo descargado de la p\u00e1gina www.mivacuna.salud.gob.mx , as\u00ed como para la primera y segunda dosis, y las mujeres embarazadas que acudan, adem\u00e1s de la credencial del INE. Las personas que no puedan asistir el d\u00eda que les corresponde podr\u00e1n hacerlo d\u00eda jueves 10 de febrero, en los horarios se\u00f1alados, por lo que se pide continuar con las medidas sanitarias.<\/p>\n<p>La aplicaci\u00f3n de la dosis de refuerzo se realiza para las que ya hab\u00edan sido inoculadas y lo podr\u00e1n hacer en esta ocasi\u00f3n de acuerdo a las iniciales de su primer paterno: el d\u00eda 8 de la A a la I; el d\u00eda 9 de la J a la Q y el d\u00eda 10 de la R a la Z.<\/p>\n<p>Tambi\u00e9n podr\u00e1n recibir el biol\u00f3gico las personas que no la hayan recibido por primera vez o que les falte la segunda dosis, adem\u00e1s de las mujeres embarazadas, informaron las autoridades de salud.<\/p>\n","protected":false},"excerpt":{"rendered":"<p>En orden y rapidez en la atenci\u00f3n transcurri\u00f3 el primer d\u00eda de la Jornada de Vacunaci\u00f3n de refuerzo contra covid 19<\/p>\n","protected":false},"author":3,"featured_media":535573,"comment_status":"open","ping_status":"open","sticky":false,"template":"","format":"standard","meta":{"_monsterinsights_skip_tracking":false,"_monsterinsights_sitenote_active":false,"_monsterinsights_sitenote_note":"","_monsterinsights_sitenote_category":0,"footnotes":""},"categories":[5],"tags":[90021,681,43675,29516],"class_list":["post-535478","post","type-post","status-publish","format-standard","has-post-thumbnail","hentry","category-estado-de-mexico","tag-covid-19","tag-cuautitlan","tag-estado-de-mexico","tag-pandemia"],"_links":{"self":[{"href":"https:\/\/www.diarioimagen.net\/index.php?rest_route=\/wp\/v2\/posts\/535478","targetHints":{"allow":["GET"]}}],"collection":[{"href":"https:\/\/www.diarioimagen.net\/index.php?rest_route=\/wp\/v2\/posts"}],"about":[{"href":"https:\/\/www.diarioimagen.net\/index.php?rest_route=\/wp\/v2\/types\/post"}],"author":[{"embeddable":true,"href":"https:\/\/www.diarioimagen.net\/index.php?rest_route=\/wp\/v2\/users\/3"}],"replies":[{"embeddable":true,"href":"https:\/\/www.diarioimagen.net\/index.php?rest_route=%2Fwp%2Fv2%2Fcomments&post=535478"}],"version-history":[{"count":0,"href":"https:\/\/www.diarioimagen.net\/index.php?rest_route=\/wp\/v2\/posts\/535478\/revisions"}],"wp:featuredmedia":[{"embeddable":true,"href":"https:\/\/www.diarioimagen.net\/index.php?rest_route=\/wp\/v2\/media\/535573"}],"wp:attachment":[{"href":"https:\/\/www.diarioimagen.net\/index.php?rest_route=%2Fwp%2Fv2%2Fmedia&parent=535478"}],"wp:term":[{"taxonomy":"category","embeddable":true,"href":"https:\/\/www.diarioimagen.net\/index.php?rest_route=%2Fwp%2Fv2%2Fcategories&post=535478"},{"taxonomy":"post_tag","embeddable":true,"href":"https:\/\/www.diarioimagen.net\/index.php?rest_route=%2Fwp%2Fv2%2Ftags&post=535478"}],"curies":[{"name":"wp","href":"https:\/\/api.w.org\/{rel}","templated":true}]}}