{"id":535521,"date":"2022-02-10T00:03:12","date_gmt":"2022-02-10T06:03:12","guid":{"rendered":"https:\/\/www.diarioimagen.net\/?p=535521"},"modified":"2022-02-14T01:28:48","modified_gmt":"2022-02-14T07:28:48","slug":"amlo-pausa-con-espana","status":"publish","type":"post","link":"https:\/\/www.diarioimagen.net\/?p=535521","title":{"rendered":"AMLO: \u201cPausa\u201d con Espa\u00f1a\u00a0"},"content":{"rendered":"<h2>Centro..!<\/h2>\n<h5>Arturo R\u00edos Ruiz<\/h5>\n<p>&nbsp;<\/p>\n<ul>\n<li><strong><em>\u00bfRomper relaciones, el camino?<\/em><\/strong><\/li>\n<li><strong><em>Un pleito m\u00e1s en su haber<\/em><\/strong><\/li>\n<\/ul>\n<p>&nbsp;<\/p>\n<p>Todo comenz\u00f3 con el desaf\u00edo diplom\u00e1tico contra Espa\u00f1a por parte de M\u00e9xico en la voz del Presidente por la Conquista, hace 500 a\u00f1os.<\/p>\n<p>El mandatario\u00a0envi\u00f3 una carta al Rey de Espa\u00f1a, Felipe VI, en la que lo inst\u00f3 a reconocer los atropellos que las autoridades mexicanas consideran que se cometieron durante la Conquista y ofrecer disculpas por ellos.<\/p>\n<p>El gobierno espa\u00f1ol reaccion\u00f3 a la divulgaci\u00f3n del contenido de la misiva, adelantado por el diario <em>El Pa\u00eds<\/em> y en un comunicado afirm\u00f3 que \u201clamenta profundamente\u201d su publicaci\u00f3n y que \u201crechaza con firmeza\u201d el argumento de la misma.\u00a0Eso fue en marzo de 2019.<\/p>\n<p>Ayer, el Presidente\u00a0volvi\u00f3\u00a0a la carga y\u00a0plante\u00f3 poner \u201cen pausa\u201d las relaciones entre M\u00e9xico y\u00a0Espa\u00f1a<strong>\u00a0<\/strong>para respetarnos y que \u201cno nos vean como tierra de conquista\u201d.<\/p>\n<p>Reconoci\u00f3 que no es buena la relaci\u00f3n entre ambos pa\u00edses, por lo que el titular del Ejecutivo federal dijo que esa \u201cpausa\u201d es conveniente para los pueblos de Espa\u00f1a y M\u00e9xico. Pero call\u00f3 que \u00e9l mismo inici\u00f3 esa separaci\u00f3n, pues es experto en dividir sociedades, lo ha hecho en su propio pa\u00eds.<\/p>\n<p>Cuando L\u00e1zaro C\u00e1rdenas, como Presidente de M\u00e9xico, apoy\u00f3 a la Rep\u00fablica espa\u00f1ola aplastada por Francisco Franco en 1936, en su r\u00e9gimen dictatorial, se refugiaron aqu\u00ed poco m\u00e1s de 20 mil personas y convirtieron a M\u00e9xico en su pa\u00eds.<\/p>\n<p>Hoy, seg\u00fan IVCEX, hay en nuestro pa\u00eds, 614 empresas hispanas en la que laboran miles de mexicanos, los bancos BBVA, Santander, miles de muebler\u00edas en todo el pa\u00eds, cantinas, bares y un sinf\u00edn de peque\u00f1as empresas. Esto para preguntar \u00bfQu\u00e9 pasar\u00e1 con todos ellos en caso de oficializar la \u201cpausa\u201d?<\/p>\n<p>\u00bfC\u00f3mo quedar\u00e1 el nombramiento de Quirino Ordaz, el pri\u00edsta tr\u00e1nsfuga en pos de su comodidad, al aceptar su traici\u00f3n a su partido para convertirse en diplom\u00e1tico sin experiencia en Iberia?<\/p>\n<p>AMLO afirma que ser\u00e1 ben\u00e9fico para ambos pa\u00edses sin explicar c\u00f3mo, pues en todo caso, ser\u00eda para \u00e9l, al consolidar una ocurrencia m\u00e1s en su haber desde que asumi\u00f3 el poder. Se antoja como un distractor m\u00e1s del relicario de ellos que ha pregonado desde que lleg\u00f3 a la Presidencia. Pr\u00e1ctica en la que es experto para continuar con su discurso la tan menguado.<\/p>\n<p>Hay que esperar la reacci\u00f3n de la sociedad mexicana a la propuesta de AMLO que tiene sello de pleito, tan recurrentes en sus \u00faltimos d\u00edas, que suman varios pa\u00edses aunados a los personales, su mayor\u00eda comunicadores que apuntan sus m\u00faltiples fallas en el ejercicio de la investidura.<\/p>\n<p>Claro, tambi\u00e9n los de Espa\u00f1a, a los que les ha buscado desde el inicio de la llegada al poder en un marem\u00e1gnum de ataques sin cesar en tono belicoso que afloran una inconformidad contra casi todos. Con paciencia sabremos la verdad.<\/p>\n<p><em><a href=\"mailto:rrrart2000@hotmail.com\" target=\"_blank\" rel=\"noopener noreferrer\">rrrart2000@hotmail.com<\/a><\/em><\/p>\n","protected":false},"excerpt":{"rendered":"<p><span style=\"color: #005497;\"><strong>Arturo R\u00edos Ruiz<\/strong><\/span><\/p>\n","protected":false},"author":3,"featured_media":0,"comment_status":"open","ping_status":"open","sticky":false,"template":"","format":"standard","meta":{"_monsterinsights_skip_tracking":false,"_monsterinsights_sitenote_active":false,"_monsterinsights_sitenote_note":"","_monsterinsights_sitenote_category":0,"footnotes":""},"categories":[82265],"tags":[82266,10806,43674],"class_list":["post-535521","post","type-post","status-publish","format-standard","hentry","category-arturo-rios-ruiz","tag-arturo-rios-ruiz","tag-centro","tag-opinion"],"_links":{"self":[{"href":"https:\/\/www.diarioimagen.net\/index.php?rest_route=\/wp\/v2\/posts\/535521","targetHints":{"allow":["GET"]}}],"collection":[{"href":"https:\/\/www.diarioimagen.net\/index.php?rest_route=\/wp\/v2\/posts"}],"about":[{"href":"https:\/\/www.diarioimagen.net\/index.php?rest_route=\/wp\/v2\/types\/post"}],"author":[{"embeddable":true,"href":"https:\/\/www.diarioimagen.net\/index.php?rest_route=\/wp\/v2\/users\/3"}],"replies":[{"embeddable":true,"href":"https:\/\/www.diarioimagen.net\/index.php?rest_route=%2Fwp%2Fv2%2Fcomments&post=535521"}],"version-history":[{"count":0,"href":"https:\/\/www.diarioimagen.net\/index.php?rest_route=\/wp\/v2\/posts\/535521\/revisions"}],"wp:attachment":[{"href":"https:\/\/www.diarioimagen.net\/index.php?rest_route=%2Fwp%2Fv2%2Fmedia&parent=535521"}],"wp:term":[{"taxonomy":"category","embeddable":true,"href":"https:\/\/www.diarioimagen.net\/index.php?rest_route=%2Fwp%2Fv2%2Fcategories&post=535521"},{"taxonomy":"post_tag","embeddable":true,"href":"https:\/\/www.diarioimagen.net\/index.php?rest_route=%2Fwp%2Fv2%2Ftags&post=535521"}],"curies":[{"name":"wp","href":"https:\/\/api.w.org\/{rel}","templated":true}]}}