{"id":535530,"date":"2022-02-10T00:03:01","date_gmt":"2022-02-10T06:03:01","guid":{"rendered":"https:\/\/www.diarioimagen.net\/?p=535530"},"modified":"2022-02-10T02:20:51","modified_gmt":"2022-02-10T08:20:51","slug":"todos-somos-hugo-ni-mais","status":"publish","type":"post","link":"https:\/\/www.diarioimagen.net\/?p=535530","title":{"rendered":"\u00a1Todos somos Hugo!, \u00a1ni \u201cm\u00e1is\u201d!"},"content":{"rendered":"<h2>Espacio Electoral<\/h2>\n<h5>Eleazar Flores<\/h5>\n<p>&nbsp;<\/p>\n<p><strong>TERCER RESPALDO-<\/strong>. Por tercera semana consecutiva el padre de la Cuarta Transformaci\u00f3n respalda desde el p\u00falpito ma\u00f1anero al merecedor de un reconocimiento mundial y muchas cosas m\u00e1s, el subsecretario de Salud, Hugo L\u00f3pez-Gatell, pero no todos somos Hugo, como se dijo.<\/p>\n<p>Contagiado del esp\u00edritu un tanto bromista y la infaltable sonrisa indescifrable, por decir lo menos, habr\u00e1 que puntualizarle al tabasque\u00f1o que no todos somos Hugo, pero somos m\u00e1s los que aceptamos ser \u201cHugol\u201d, obviamente, excluyendo a los aficionados de la pelota caliente.<\/p>\n<p>La tercera defensa a ultranza del mandatario hacia su subsecretario fue para protegerlo de la demanda ante la Fiscal\u00eda General de la Rep\u00fablica, para que responda por los alarmantes n\u00fameros que arrojan semanalmente los totales de personas fallecidas.<\/p>\n<p>Acostumbrado a que diga lo que diga nunca le hacen nada amparado por el respaldo popular de 30 millones de mexicanos \u2014s\u00f3lo una cuarta parte de la poblaci\u00f3n\u2014, L\u00f3pez Obrador llega al extremo de decir que \u201ca todos nos castiguen\u201d, seguramente sinti\u00e9ndose corresponsable del fracaso de Hugo L\u00f3pez-Gatell en su lucha contra la pandemia, seg\u00fan reza la demanda ante la Fiscal\u00eda General de la Rep\u00fablica.<\/p>\n<p>Para el padre de la Cuarta Transformaci\u00f3n su funcionario deber\u00eda hac\u00e9rsele un reconocimiento mundial, dado el \u00e9xito en su cargo.<\/p>\n<p>Es un \u00e9xito el haber llegado a los 309 mil 767 fallecidos al 7 de febrero \u2014cifra qu\u00edntuple a los 60 mil que L\u00f3pez-Gatell hab\u00eda catalogado como cifra alarmante har\u00e1 cosa de un a\u00f1o\u2014, la inmisericorde desatenci\u00f3n a los padre de ni\u00f1os con c\u00e1ncer que carecen de medicamentos desde hace un a\u00f1o o m\u00e1s, no obstante la promesa de L\u00f3pez-Gatell y de su secretario de Salud, de que \u201cla semana pr\u00f3xima habr\u00e1 todos los medicamentos, s\u00f3lo que la promesa tambi\u00e9n la hicieron hace un a\u00f1o.<\/p>\n<p>En fin, que trat\u00e1ndose de afectos -y\u00a0 desafectos tambi\u00e9n- el Presidente de la Rep\u00fablica no se mide, pues sin autorizarle, a muchos de nosotros nos enlista en la relaci\u00f3n de nombres donde dice que \u201ctodos somos Hugo\u201d, \u201cni m\u00e1is, dice molesto y casi ofendido Don Teofilito\u201d.<\/p>\n<p>No vaya a ser que siguiendo con los desafectos a algunos ilustres cuadros pol\u00edticos de Morena, nos quiera salir que \u201ctodos somos Salmer\u00f3n\u201d o \u201ctodos somos Jesusa, cuando se consume el rechazo a su nombramiento como ilustre embajadora de nuestro pa\u00eds en Panam\u00e1.<\/p>\n<p>Como dice el \u201cDivo de Ju\u00e1rez\u201d, pero qu\u00e9 nepara qu\u00e9 tanto problema.<\/p>\n<p>Rematando la entrega puede invocarse el inicio de la misma antes que todos seamos Hugo a secas, mejor optemos por ser \u201cHugol\u201d, quien viviendo de la patada ya no fue el mismo de pantal\u00f3n largo.<\/p>\n<p><em><a href=\"mailto:elefa44@gmail.com\" target=\"_blank\" rel=\"noopener noreferrer\">elefa44@gmail.com<\/a><\/em><\/p>\n","protected":false},"excerpt":{"rendered":"<p><span style=\"color: #005497;\"><strong>Eleazar Flores<\/strong><\/span><\/p>\n","protected":false},"author":3,"featured_media":0,"comment_status":"open","ping_status":"open","sticky":false,"template":"","format":"standard","meta":{"_monsterinsights_skip_tracking":false,"_monsterinsights_sitenote_active":false,"_monsterinsights_sitenote_note":"","_monsterinsights_sitenote_category":0,"footnotes":""},"categories":[81743],"tags":[81744,81776,43674],"class_list":["post-535530","post","type-post","status-publish","format-standard","hentry","category-eleazar-flores","tag-eleazar-flores","tag-espacio-electoral","tag-opinion"],"_links":{"self":[{"href":"https:\/\/www.diarioimagen.net\/index.php?rest_route=\/wp\/v2\/posts\/535530","targetHints":{"allow":["GET"]}}],"collection":[{"href":"https:\/\/www.diarioimagen.net\/index.php?rest_route=\/wp\/v2\/posts"}],"about":[{"href":"https:\/\/www.diarioimagen.net\/index.php?rest_route=\/wp\/v2\/types\/post"}],"author":[{"embeddable":true,"href":"https:\/\/www.diarioimagen.net\/index.php?rest_route=\/wp\/v2\/users\/3"}],"replies":[{"embeddable":true,"href":"https:\/\/www.diarioimagen.net\/index.php?rest_route=%2Fwp%2Fv2%2Fcomments&post=535530"}],"version-history":[{"count":0,"href":"https:\/\/www.diarioimagen.net\/index.php?rest_route=\/wp\/v2\/posts\/535530\/revisions"}],"wp:attachment":[{"href":"https:\/\/www.diarioimagen.net\/index.php?rest_route=%2Fwp%2Fv2%2Fmedia&parent=535530"}],"wp:term":[{"taxonomy":"category","embeddable":true,"href":"https:\/\/www.diarioimagen.net\/index.php?rest_route=%2Fwp%2Fv2%2Fcategories&post=535530"},{"taxonomy":"post_tag","embeddable":true,"href":"https:\/\/www.diarioimagen.net\/index.php?rest_route=%2Fwp%2Fv2%2Ftags&post=535530"}],"curies":[{"name":"wp","href":"https:\/\/api.w.org\/{rel}","templated":true}]}}