{"id":535545,"date":"2022-02-10T00:12:06","date_gmt":"2022-02-10T06:12:06","guid":{"rendered":"https:\/\/www.diarioimagen.net\/?p=535545"},"modified":"2022-02-10T02:30:32","modified_gmt":"2022-02-10T08:30:32","slug":"vaya-megadesmadre-que-armo-ahora-ysq","status":"publish","type":"post","link":"https:\/\/www.diarioimagen.net\/?p=535545","title":{"rendered":"\u00a1Vaya <em>megadesmadre<\/em> que arm\u00f3, ahora, YSQ!"},"content":{"rendered":"<h2>Tras la puerta del poder<\/h2>\n<h5>Roberto Vizca\u00edno<\/h5>\n<p>&nbsp;<\/p>\n<p>De la nada, ante la sorpresa de todos, el presidente\u00a0<strong>Andr\u00e9s Manuel L\u00f3pez Obrador<\/strong>\u00a0plante\u00f3 ayer \u201cpausar\u201d las relaciones M\u00e9xico-Espa\u00f1a y estall\u00f3 una nueva crisis dentro de M\u00e9xico.<\/p>\n<p>Y como esa figura -que todos los ciudadanos comunes y corrientes entendemos como\u00a0<strong>suspender todo lo que se hace<\/strong>&#8211; no existe formalmente en tratados ni en leyes o normas internacionales, pues dej\u00f3 a todos con cara de\u00a0<strong><em>\u00a1what!<\/em><\/strong>.<\/p>\n<p>El primero en responder fue el gobierno de Espa\u00f1a, quien a trav\u00e9s de su ministro de relaciones exteriores,\u00a0<strong>Jos\u00e9 Manuel Albares<\/strong>, pidi\u00f3 a AMLO explicar qu\u00e9 significa lo de pausar la relaci\u00f3n entre ambos pa\u00edses porque esa figura o concepto no existe en el mundo diplom\u00e1tico.<\/p>\n<p>Dentro del pa\u00eds todos pelaron los ojos y mientras se comenzaron a llenar las redes sociales con preguntas sobre de qu\u00e9 habla y qu\u00e9 quiere ahora\u00a0<strong>L\u00f3pez Obrador<\/strong>\u00a0al profundizar su malquerencia con Espa\u00f1a, opositores y morenistas en el Senado iniciaron r\u00e1pido un nuevo debate.<\/p>\n<p>En este contexto,\u00a0<strong>Ricardo Monreal<\/strong>, presidente de la Junta de Coordinaci\u00f3n Pol\u00edtica, reaccion\u00f3 formalmente al indicar que el Senado pedir\u00e1 al presidente<strong> L\u00f3pez Obrador<\/strong> diga, si \u00abpausar relaciones M\u00e9xico-Espa\u00f1a\u00bb significa un rompimiento o algo distinto.<\/p>\n<p>Esperamos que\u00a0<strong>AMLO<\/strong>\u00a0nos diga cu\u00e1l ser\u00e1 la \u00abconnotaci\u00f3n en las relaciones entre M\u00e9xico y Espa\u00f1a\u00bb, ya que\u00a0<strong>el t\u00e9rmino de \u00abpausar\u00bb<\/strong>\u00a0-como lo plante\u00f3 en su ma\u00f1anera- \u00ab<strong>no existe en el Derecho Internacional P\u00fablico, el Derecho Diplom\u00e1tico y las relaciones que establecemos con los pa\u00edses<\/strong>.<\/p>\n<p>No pudo negar <strong>Monreal <\/strong>que lo dicho por el mandatario lo tom\u00f3 por sorpresa..<\/p>\n<p>E intent\u00f3 explicarlo: creo, dijo\u00a0<strong>Monreal,<\/strong>\u00a0que\u00a0es una expresi\u00f3n pol\u00edtica, una forma de decir: \u00abRepasemos qu\u00e9 es lo que vamos haciendo y corregir lo que no est\u00e1 bien\u00bb.<\/p>\n<p><strong>Fue m\u00e1s lo que dijo\u00a0<\/strong><\/p>\n<p>Pero lo de <strong>Andr\u00e9s Manuel L\u00f3pez Obrador<\/strong> no s\u00f3lo fue lo de \u201cpausar\u201d las relaciones M\u00e9xico-Espa\u00f1a. No. Lo que dijo es que \u00abqueremos tener buenas relaciones, pero no queremos que nos roben\u00bb.<\/p>\n<p>Es decir, los espa\u00f1oles son unos ladrones, abusadores de M\u00e9xico.<\/p>\n<p>\u00abEs el caso de las empresas espa\u00f1olas, s\u00ed, ahora no es buena la relaci\u00f3n, y a m\u00ed me gustar\u00eda que hasta nos tard\u00e1ramos en que se normalizara, para\u00a0hacer una pausa, que yo creo que\u00a0nos va a convenir a los mexicanos y a los espa\u00f1oles, desde luego al pueblo de M\u00e9xico y al pueblo de Espa\u00f1a\u00bb, apunt\u00f3.<\/p>\n<p>Continu\u00f3: \u00abexist\u00eda un contubernio arriba,\u00a0una promiscuidad econ\u00f3mica, pol\u00edtica, en la c\u00fapula de los Gobiernos de M\u00e9xico y de Espa\u00f1a, durante unos tres sexenios seguidos&#8230;\u00a0En este caso, M\u00e9xico era el que llevaba la peor parte porque nos saqueaban&#8230; entonces,\u00a0vale m\u00e1s darnos un tiempo, una pausa\u00bb, reiter\u00f3.<\/p>\n<p>O sea, declaraciones fuertes.<\/p>\n<p style=\"text-align: center;\"><strong>La casa de Houston y otros muchos\u00a0<em>fierros calientes<\/em>\u00a0\u00a0<\/strong><\/p>\n<p>\u00bfPor qu\u00e9 trae este tema ahora? Bueno, para no pocos,\u00a0<strong>AMLO<\/strong>\u00a0est\u00e1 pasando por uno de sus peores momentos de su vida y mandato. Y, al fin predecible, acude a una vieja estrategia: Lanzarse contra un enemigo externo.<\/p>\n<p>As\u00ed ante el\u00a0<strong><em>escandalazo<\/em><\/strong>\u00a0de la casa de Houston de su hijo\u00a0<strong>Jos\u00e9 Ram\u00f3n<\/strong>\u00a0y su nuera -o \u00abesa se\u00f1ora que al parecer tiene dinero\u00bb-\u00a0<strong>Carolyn<\/strong>, que se suma a la ca\u00edda de la econom\u00eda, al aumento de la inflaci\u00f3n, al descontrol de las ejecuciones entre presumibles narcos y la ola de asesinatos de periodistas,\u00a0<strong>L\u00f3pez Obrador<\/strong>\u00a0se fuga hacia adelante creando una crisis con un viejo enemigo: Espa\u00f1a.<\/p>\n<p>Por su lado distraer\u00eda a todos, en especial a sus <em>amlovers<\/em> y por el otro provocar\u00eda la unidad ciudadana en torno a su mandato.<\/p>\n<p style=\"text-align: center;\"><strong>Lo de <\/strong><strong>Houston es ya investigaci\u00f3n legal en EU<\/strong><\/p>\n<p>Sin embargo, todo apunta a que en esta ocasi\u00f3n de nada valdr\u00e1n las argucias de YSQ. Lo de la casa de Houston es ya parte de una investigaci\u00f3n legal del Departamento de Justicia de EU que a trav\u00e9s de la\u00a0<strong>Securities and Exchange Commission<\/strong>, debe ver si hay violaciones graves a la llamada\u00a0<strong>Compliance<\/strong>, es decir, al paquete de\u00a0<strong>c\u00f3digos de \u00e9tica<\/strong>\u00a0a que se deben ajustar las empresas nacionales que negocian en el extranjero.<\/p>\n<p>Esa indagatoria fue iniciada por una denuncia de la senadora del PAN, la mexicana hidalguense\u00a0<strong>X\u00f3chitl G\u00e1lvez <\/strong>quien encontr\u00f3 que en la\u00a0p\u00e1gina\u00a0Risk-ID se clasifica al hijo del presidente <strong>L\u00f3pez Obrador<\/strong> y su nuera como\u00a0pol\u00edticamente expuestos ante un\u00a0potencial\u00a0conflicto de inter\u00e9s.<\/p>\n<p><strong>G\u00e1lvez<\/strong>\u00a0tambi\u00e9n interpuso denuncia ante la Secretar\u00eda de la Funci\u00f3n P\u00fablica a sabiendas de que ah\u00ed no va a prosperar nada. Para la senadora, el tema de la\u00a0<strong>Casa gris-Houston<\/strong>, propiedad de un alto ejecutivo de\u00a0<strong>Baker Hughes<\/strong>, empresa que, seg\u00fan documentos expuestos en trabajos period\u00edsticos, ha logrado asignaciones y ampliaciones directas por cientos de millones de d\u00f3lares \u00bfa trav\u00e9s de <strong>Carolyn<\/strong>?, es algo que saldr\u00e1 a la luz con la investigaci\u00f3n de la SEC.<\/p>\n<p>\u00bfEsas asignaciones fueron negociadas por tel\u00e9fono o en conversaciones personales por\u00a0<strong>Jos\u00e9 Ram\u00f3n L\u00f3pez Beltr\u00e1n<\/strong>\u00a0ante los empleados de su pap\u00e1 en Pemex? Eso, indica la tlaxcalteca, lo dir\u00e1 la indagatoria de la SEC que puede revisar correos, chats, cuentas bancarias, transacciones, documentos, etc, etc.<\/p>\n<p>Lo obvio es que ah\u00ed, como antes en la Casa Blanca de Pe\u00f1a Nieto, dice\u00a0<strong>G\u00e1lvez<\/strong>, hay un inocultable conflicto de inter\u00e9s, una violaci\u00f3n moral y \u00e9tica.<\/p>\n<p><em><a href=\"mailto:rvizcainoa@gmail.com\" target=\"_blank\" rel=\"noopener noreferrer\">vizcainoa@gmail.com<\/a><br \/>\n<a href=\"http:\/\/endirecto.mx\" target=\"_blank\" rel=\"noopener noreferrer\">www.endirecto.mx<\/a><br \/>\n<a href=\"https:\/\/twitter.com\/_rvizcaino\" target=\"_blank\" rel=\"noopener noreferrer\">@_RVizcaino<\/a><br \/>\n<a href=\"https:\/\/www.facebook.com\/rvizcainoa\" target=\"_blank\" rel=\"noopener noreferrer\">facebook.com\/rvizcainoa<\/a><\/em><\/p>\n","protected":false},"excerpt":{"rendered":"<p><span style=\"color: #005497;\"><strong>Roberto Vizca\u00edno<\/strong><\/span><br \/>\n<br \/>\nDe la nada, ante la sorpresa de todos, el presidente <strong>Andr\u00e9s Manuel L\u00f3pez Obrador<\/strong> plante\u00f3 ayer \u201cpausar\u201d las relaciones M\u00e9xico-Espa\u00f1a y estall\u00f3 una nueva crisis dentro de M\u00e9xico.<\/p>\n","protected":false},"author":3,"featured_media":0,"comment_status":"open","ping_status":"open","sticky":false,"template":"","format":"standard","meta":{"_monsterinsights_skip_tracking":false,"_monsterinsights_sitenote_active":false,"_monsterinsights_sitenote_note":"","_monsterinsights_sitenote_category":0,"footnotes":""},"categories":[136],"tags":[43674,93,94],"class_list":["post-535545","post","type-post","status-publish","format-standard","hentry","category-roberto-vizcaino-opinion","tag-opinion","tag-roberto-vizcaino","tag-tras-la-puerta-del-poder"],"_links":{"self":[{"href":"https:\/\/www.diarioimagen.net\/index.php?rest_route=\/wp\/v2\/posts\/535545","targetHints":{"allow":["GET"]}}],"collection":[{"href":"https:\/\/www.diarioimagen.net\/index.php?rest_route=\/wp\/v2\/posts"}],"about":[{"href":"https:\/\/www.diarioimagen.net\/index.php?rest_route=\/wp\/v2\/types\/post"}],"author":[{"embeddable":true,"href":"https:\/\/www.diarioimagen.net\/index.php?rest_route=\/wp\/v2\/users\/3"}],"replies":[{"embeddable":true,"href":"https:\/\/www.diarioimagen.net\/index.php?rest_route=%2Fwp%2Fv2%2Fcomments&post=535545"}],"version-history":[{"count":0,"href":"https:\/\/www.diarioimagen.net\/index.php?rest_route=\/wp\/v2\/posts\/535545\/revisions"}],"wp:attachment":[{"href":"https:\/\/www.diarioimagen.net\/index.php?rest_route=%2Fwp%2Fv2%2Fmedia&parent=535545"}],"wp:term":[{"taxonomy":"category","embeddable":true,"href":"https:\/\/www.diarioimagen.net\/index.php?rest_route=%2Fwp%2Fv2%2Fcategories&post=535545"},{"taxonomy":"post_tag","embeddable":true,"href":"https:\/\/www.diarioimagen.net\/index.php?rest_route=%2Fwp%2Fv2%2Ftags&post=535545"}],"curies":[{"name":"wp","href":"https:\/\/api.w.org\/{rel}","templated":true}]}}