{"id":535636,"date":"2022-02-11T00:05:54","date_gmt":"2022-02-11T06:05:54","guid":{"rendered":"https:\/\/www.diarioimagen.net\/?p=535636"},"modified":"2022-02-13T23:33:15","modified_gmt":"2022-02-14T05:33:15","slug":"homenajean-en-senado-de-la-republica-a-leopoldo-flores-destacan-legado-plastico-preservado-por-la-uaemex","status":"publish","type":"post","link":"https:\/\/www.diarioimagen.net\/?p=535636","title":{"rendered":"Homenajean en Senado de la Rep\u00fablica a Leopoldo Flores; destacan legado pl\u00e1stico preservado por la UAEM\u00e9x"},"content":{"rendered":"<p><em>\u00a0<\/em><\/p>\n<ul>\n<li><strong><em>Veinte obras del artista pl\u00e1stico mexiquense conforman la exposici\u00f3n \u201cContemplaciones\u201d, que se presenta en Casa Nuestra, antigua sede del Senado de la Rep\u00fablica<\/em><\/strong><\/li>\n<\/ul>\n<p>&nbsp;<\/p>\n<div id=\"attachment_535723\" style=\"width: 470px\" class=\"wp-caption aligncenter\"><a href=\"https:\/\/www.diarioimagen.net\/?attachment_id=535723\" rel=\"attachment wp-att-535723\"><img loading=\"lazy\" decoding=\"async\" aria-describedby=\"caption-attachment-535723\" class=\"size-full wp-image-535723\" src=\"https:\/\/www.diarioimagen.net\/wp-content\/uploads\/2022\/02\/uaem-7.jpg\" alt=\"\" width=\"460\" height=\"270\" \/><\/a><p id=\"caption-attachment-535723\" class=\"wp-caption-text\">El senador de la Rep\u00fablica, Ricardo Monreal \u00c1vila; la secretaria de Cultura y Turismo estatal, Marcela Gonz\u00e1lez Salas; la secretaria de Difusi\u00f3n Cultural de la UAEM\u00e9x, Mar\u00eda de la Mercedes Portilla Luja y la directora general de Patrimonio y Servicios Culturales del gobierno estatal, Ivette Tinoco Garc\u00eda, inauguraron la exposici\u00f3n.<\/p><\/div>\n<p>&nbsp;<\/p>\n<p><strong>Ciudad de M\u00e9xico.\u2014<\/strong> Resultado de la colaboraci\u00f3n interinstitucional entre la Universidad Aut\u00f3noma del Estado de M\u00e9xico (UAEM\u00e9x) y el gobierno mexiquense, la obra del artista pl\u00e1stico Leopoldo Flores fue homenajeada en Casa Nuestra, antigua sede del Senado de la Rep\u00fablica, a trav\u00e9s de la exposici\u00f3n \u201cContemplaciones\u201d.<\/p>\n<p>El senador de la Rep\u00fablica y presidente de la Junta de Coordinaci\u00f3n Pol\u00edtica, Ricardo Monreal \u00c1vila; la secretaria de Cultura y Turismo estatal, Marcela Gonz\u00e1lez Salas; la secretaria de Difusi\u00f3n Cultural de la UAEM\u00e9x, Mar\u00eda de la Mercedes Portilla Luja, y la directora general de Patrimonio y Servicios Culturales de la Secretaria de Cultura estatal, Ivette Tinoco Garc\u00eda, inauguraron la exposici\u00f3n conformada por 20 obras de gran formato, as\u00ed como dibujos y bocetos de \u201cEl Cosmovitral\u201d, autor\u00eda del artista pl\u00e1stico mexiquense y Doctor Honoris Causa de la UAEM\u00e9x.<\/p>\n<p>Portilla Luja expres\u00f3 que Leopoldo Flores fue un muralista incansable con conciencia social, en cuyos lienzos plasm\u00f3 conceptos como la libertad. Record\u00f3 que la relaci\u00f3n de la UAEM\u00e9x con el maestro Leopoldo Flores se remonta a 1961, en sus inicios como artista, quien en las d\u00e9cadas siguientes crear\u00eda obras monumentales emblem\u00e1ticas para la Universidad como \u201cAratm\u00f3sfera\u201d y el vitral \u201cLos Elementos\u201d.<\/p>\n<p>\u201cCon la inauguraci\u00f3n de la exposici\u00f3n \u201cContemplaciones\u201d, la Universidad Aut\u00f3noma del Estado de M\u00e9xico refrenda su compromiso de ser depositaria del gran acervo de uno de los artistas m\u00e1s emblem\u00e1ticos de la pl\u00e1stica contempor\u00e1nea y seguir contribuyendo a que la obra del maestro Leopoldo Flores sea expresi\u00f3n de las causas sociales\u201d, asegur\u00f3.<\/p>\n<p>En tanto, el senador de la Rep\u00fablica dio la bienvenida a la exposici\u00f3n, que describi\u00f3 como un homenaje al creador mexiquense y agradeci\u00f3 el esfuerzo conjunto de la UAEM\u00e9x y el gobierno estatal para materializar la presentaci\u00f3n al p\u00fablico de las obras del muralista originario del municipio de Tenancingo.<\/p>\n<p>\u201cEstas piezas cuidadosamente conservadas y resguardadas por la Universidad Aut\u00f3noma del Estado de M\u00e9xico y la Secretar\u00eda de Cultura y Turismo de la entidad son una representativa mirada a la creaci\u00f3n del artista, que busc\u00f3 sus propios espacios y formas de expresi\u00f3n, lo que confirm\u00f3 su obra, originalidad y profundidad\u201d, dijo.<\/p>\n<p>En su oportunidad, Gonz\u00e1lez Salas agradeci\u00f3 la oportunidad de exponer la obra\u00a0 y homenajear en Casa Nuestra a Leopoldo Flores, un hombre universal. \u201cLeopoldo Flores siempre trabaj\u00f3 por todos, por luchar, por la libertad; nos ense\u00f1\u00f3 que a trav\u00e9s del arte podemos tocar las estrellas\u201d, dijo.<\/p>\n<p>La exposici\u00f3n podr\u00e1 ser visitada de febrero a mayo en Casa Nuestra, antigua sede del Senado de la Rep\u00fablica, ubicada en la calle Xicot\u00e9ncatl 9, Centro Hist\u00f3rico, Ciudad de M\u00e9xico, de martes a domingo, en un horario de 10 a 18 horas.<\/p>\n<p>El mexiquense Leopoldo Flores es uno de los m\u00e1ximos representantes de la pl\u00e1stica y vanguardia mexicana de la segunda mitad del siglo XX, cuya calidad est\u00e9tica, dramatismo crom\u00e1tico y dominio del concepto simb\u00f3lico siguen maravillando.<\/p>\n","protected":false},"excerpt":{"rendered":"<p>Resultado de la colaboraci\u00f3n interinstitucional entre la Universidad Aut\u00f3noma del Estado de M\u00e9xico (UAEM\u00e9x) y el gobierno mexiquense, la obra del artista pl\u00e1stico Leopoldo Flores fue homenajeada en Casa Nuestra, antigua sede del Senado de la Rep\u00fablica, a trav\u00e9s de la exposici\u00f3n \u201cContemplaciones\u201d.<\/p>\n","protected":false},"author":3,"featured_media":535723,"comment_status":"open","ping_status":"open","sticky":false,"template":"","format":"standard","meta":{"_monsterinsights_skip_tracking":false,"_monsterinsights_sitenote_active":false,"_monsterinsights_sitenote_note":"","_monsterinsights_sitenote_category":0,"footnotes":""},"categories":[5],"tags":[22932,86765,1491],"class_list":["post-535636","post","type-post","status-publish","format-standard","has-post-thumbnail","hentry","category-estado-de-mexico","tag-homenaje","tag-leopoldo-flores","tag-uaem"],"_links":{"self":[{"href":"https:\/\/www.diarioimagen.net\/index.php?rest_route=\/wp\/v2\/posts\/535636","targetHints":{"allow":["GET"]}}],"collection":[{"href":"https:\/\/www.diarioimagen.net\/index.php?rest_route=\/wp\/v2\/posts"}],"about":[{"href":"https:\/\/www.diarioimagen.net\/index.php?rest_route=\/wp\/v2\/types\/post"}],"author":[{"embeddable":true,"href":"https:\/\/www.diarioimagen.net\/index.php?rest_route=\/wp\/v2\/users\/3"}],"replies":[{"embeddable":true,"href":"https:\/\/www.diarioimagen.net\/index.php?rest_route=%2Fwp%2Fv2%2Fcomments&post=535636"}],"version-history":[{"count":0,"href":"https:\/\/www.diarioimagen.net\/index.php?rest_route=\/wp\/v2\/posts\/535636\/revisions"}],"wp:featuredmedia":[{"embeddable":true,"href":"https:\/\/www.diarioimagen.net\/index.php?rest_route=\/wp\/v2\/media\/535723"}],"wp:attachment":[{"href":"https:\/\/www.diarioimagen.net\/index.php?rest_route=%2Fwp%2Fv2%2Fmedia&parent=535636"}],"wp:term":[{"taxonomy":"category","embeddable":true,"href":"https:\/\/www.diarioimagen.net\/index.php?rest_route=%2Fwp%2Fv2%2Fcategories&post=535636"},{"taxonomy":"post_tag","embeddable":true,"href":"https:\/\/www.diarioimagen.net\/index.php?rest_route=%2Fwp%2Fv2%2Ftags&post=535636"}],"curies":[{"name":"wp","href":"https:\/\/api.w.org\/{rel}","templated":true}]}}