{"id":535658,"date":"2022-02-11T00:04:30","date_gmt":"2022-02-11T06:04:30","guid":{"rendered":"https:\/\/www.diarioimagen.net\/?p=535658"},"modified":"2022-02-11T04:28:20","modified_gmt":"2022-02-11T10:28:20","slug":"en-marcha-trabajos-de-rehabilitacion-de-la-casa-de-dia-recordar-es-vivir","status":"publish","type":"post","link":"https:\/\/www.diarioimagen.net\/?p=535658","title":{"rendered":"En marcha, trabajos de rehabilitaci\u00f3n de la Casa de D\u00eda \u201cRecordar es Vivir\u201d"},"content":{"rendered":"<p>&nbsp;<\/p>\n<ul>\n<li><strong><em>Por parte del gobierno de Cuautitl\u00e1n Izcalli<\/em><\/strong><\/li>\n<\/ul>\n<p>&nbsp;<\/p>\n<div id=\"attachment_535762\" style=\"width: 470px\" class=\"wp-caption aligncenter\"><a href=\"https:\/\/www.diarioimagen.net\/?attachment_id=535762\" rel=\"attachment wp-att-535762\"><img loading=\"lazy\" decoding=\"async\" aria-describedby=\"caption-attachment-535762\" class=\"size-full wp-image-535762\" src=\"https:\/\/www.diarioimagen.net\/wp-content\/uploads\/2022\/02\/izcalli-6.jpg\" alt=\"\" width=\"460\" height=\"270\" \/><\/a><p id=\"caption-attachment-535762\" class=\"wp-caption-text\">Rehabilitaci\u00f3n de la Casa de D\u00eda \u201cRecordar es Vivir\u201d, espacio donde se brinda atenci\u00f3n gerontol\u00f3gica a los adultos mayores de Cuautitl\u00e1n Izcalli.<\/p><\/div>\n<p>&nbsp;<\/p>\n<p><strong>Cuautitl\u00e1n Izcalli, Estado de M\u00e9xico.\u2014<\/strong> El gobierno municipal de Cuautitl\u00e1n Izcalli a trav\u00e9s del Sistema Municipal para el Desarrollo Integral de la Familia (DIF), puso en marcha los trabajos de rehabilitaci\u00f3n de la Casa de D\u00eda \u201cRecordar es Vivir\u201d, espacio donde se brinda atenci\u00f3n gerontol\u00f3gica a los adultos mayores del municipio.<\/p>\n<p>Durante el arranque de actividades de la rehabilitaci\u00f3n las autoridades del ayuntamiento resaltaron el compromiso de la nueva administraci\u00f3n con la poblaci\u00f3n adulta, ofreci\u00e9ndoles instalaciones de calidad y dot\u00e1ndoles servicios \u00f3ptimos, dignos y seguros que les permitan una sana convivencia.<\/p>\n<p>En la Casa de D\u00eda se imparten diversas actividades, tales como: yoga, baile de sal\u00f3n, manualidades, danza folcl\u00f3rica, canto, gimnasia r\u00edtmica, actividades recreativas y culturales y recientemente se implement\u00f3 el curso llamado \u201cagilizar la memoria\u201d as\u00ed como atenci\u00f3n m\u00e9dica y psicol\u00f3gica.<\/p>\n<p>La Casa de D\u00eda \u201cRecordar es Vivir\u201d tiene la capacidad de atender hasta a 85 adultos mayores vecinos de las colonias: Infonavit Norte, Valle de la Hacienda, Jardines de la Hacienda y San Juan Atlamica, por mencionar algunas y es solo 1 de las 3 casas que ser\u00e1n rehabilitadas durante esta administraci\u00f3n.<\/p>\n<p>Personal del DIF Izcalli ha recalcado que est\u00e1 trabajando para que ning\u00fan sector social se quede ausente de las acciones, programas y proyectos que realiza la instituci\u00f3n para mejorar el bienestar y calidad de vida de las personas.<\/p>\n","protected":false},"excerpt":{"rendered":"<p>El gobierno municipal de Cuautitl\u00e1n Izcalli a trav\u00e9s del Sistema Municipal para el Desarrollo Integral de la Familia (DIF), puso en marcha los trabajos de rehabilitaci\u00f3n de la Casa de D\u00eda \u201cRecordar es Vivir\u201d, espacio donde se brinda atenci\u00f3n gerontol\u00f3gica a los adultos mayores del municipio.<\/p>\n","protected":false},"author":3,"featured_media":535762,"comment_status":"open","ping_status":"open","sticky":false,"template":"","format":"standard","meta":{"_monsterinsights_skip_tracking":false,"_monsterinsights_sitenote_active":false,"_monsterinsights_sitenote_note":"","_monsterinsights_sitenote_category":0,"footnotes":""},"categories":[5],"tags":[94571,971,43675,8519],"class_list":["post-535658","post","type-post","status-publish","format-standard","has-post-thumbnail","hentry","category-estado-de-mexico","tag-casa-de-dia","tag-cuautitlan-izcalli","tag-estado-de-mexico","tag-rehabilitacion"],"_links":{"self":[{"href":"https:\/\/www.diarioimagen.net\/index.php?rest_route=\/wp\/v2\/posts\/535658","targetHints":{"allow":["GET"]}}],"collection":[{"href":"https:\/\/www.diarioimagen.net\/index.php?rest_route=\/wp\/v2\/posts"}],"about":[{"href":"https:\/\/www.diarioimagen.net\/index.php?rest_route=\/wp\/v2\/types\/post"}],"author":[{"embeddable":true,"href":"https:\/\/www.diarioimagen.net\/index.php?rest_route=\/wp\/v2\/users\/3"}],"replies":[{"embeddable":true,"href":"https:\/\/www.diarioimagen.net\/index.php?rest_route=%2Fwp%2Fv2%2Fcomments&post=535658"}],"version-history":[{"count":0,"href":"https:\/\/www.diarioimagen.net\/index.php?rest_route=\/wp\/v2\/posts\/535658\/revisions"}],"wp:featuredmedia":[{"embeddable":true,"href":"https:\/\/www.diarioimagen.net\/index.php?rest_route=\/wp\/v2\/media\/535762"}],"wp:attachment":[{"href":"https:\/\/www.diarioimagen.net\/index.php?rest_route=%2Fwp%2Fv2%2Fmedia&parent=535658"}],"wp:term":[{"taxonomy":"category","embeddable":true,"href":"https:\/\/www.diarioimagen.net\/index.php?rest_route=%2Fwp%2Fv2%2Fcategories&post=535658"},{"taxonomy":"post_tag","embeddable":true,"href":"https:\/\/www.diarioimagen.net\/index.php?rest_route=%2Fwp%2Fv2%2Ftags&post=535658"}],"curies":[{"name":"wp","href":"https:\/\/api.w.org\/{rel}","templated":true}]}}